{"id":80,"date":"2023-03-08T09:41:02","date_gmt":"2023-03-08T09:41:02","guid":{"rendered":"https:\/\/mills.no\/baerekraftrapport-2022\/?p=80"},"modified":"2024-02-07T08:17:24","modified_gmt":"2024-02-07T08:17:24","slug":"klima-og-miljo","status":"publish","type":"post","link":"https:\/\/mills.no\/baerekraftrapport-2022\/klima-og-miljo\/","title":{"rendered":"Klima og milj\u00f8"},"content":{"rendered":"<div class=\"mills-block-featured alignwide alignwide wp-block-mills-block-featured\"><img loading=\"lazy\" decoding=\"async\" width=\"1200\" height=\"675\" style=\"width:100%;height:100%;object-fit:cover\" src=\"https:\/\/mills.no\/content\/uploads\/sites\/18\/2023\/03\/5-Klipp_Agurk-drivhus_EW_1200px.png\" class=\"wp-block-cover__image-background\" alt=\"\" srcset=\"https:\/\/mills.no\/content\/uploads\/sites\/18\/2023\/03\/5-Klipp_Agurk-drivhus_EW_1200px.png 1200w, https:\/\/mills.no\/content\/uploads\/sites\/18\/2023\/03\/5-Klipp_Agurk-drivhus_EW_1200px-300x169.png 300w, https:\/\/mills.no\/content\/uploads\/sites\/18\/2023\/03\/5-Klipp_Agurk-drivhus_EW_1200px-1024x576.png 1024w, https:\/\/mills.no\/content\/uploads\/sites\/18\/2023\/03\/5-Klipp_Agurk-drivhus_EW_1200px-768x432.png 768w, https:\/\/mills.no\/content\/uploads\/sites\/18\/2023\/03\/5-Klipp_Agurk-drivhus_EW_1200px-80x45.png 80w\" sizes=\"auto, (max-width: 1200px) 100vw, 1200px\" \/><div class=\"wp-block-cover__inner-container\">\n<h1 class=\"has-text-align-center wp-block-post-title has-text-color has-neutral-1000-color\">Klima og milj\u00f8<\/h1>\n\n<p class=\"t2-ingress has-text-align-center align wp-block-t2-ingress\">Vi kan p\u00e5virke dette omr\u00e5det direkte, gjennom produksjon og transport og indirekte gjennom hvilke r\u00e5varer og emballasje vi velger \u00e5 kj\u00f8pe inn. I klimaregnskapet v\u00e5rt st\u00e5r r\u00e5varene for det desidert st\u00f8rste klimaavtrykket.<\/p>\n<\/div><\/div>\n\n\n\t\t<div class=\"is-style-vertical-spacing alignwide is-section-text wp-block-mills-section\">\n\t\t\t<div class=\"wp-block-mills-section__inner aligncenter\">\n\t\t\t\t\n\n<div class=\"wp-block-columns has-neutral-30-background-color has-background is-layout-flex wp-container-core-columns-is-layout-9d6595d7 wp-block-columns-is-layout-flex\">\n<div class=\"wp-block-column is-vertically-aligned-center is-layout-flow wp-block-column-is-layout-flow\" style=\"flex-basis:33.33%\">\n<div class=\"wp-block-image\"><figure class=\"aligncenter size-large is-resized\"><img loading=\"lazy\" decoding=\"async\" src=\"https:\/\/mills.no\/content\/uploads\/sites\/18\/2023\/02\/mal-13-bokmal-1024x1024.png\" alt=\"Ikon: B\u00e6rekraftsm\u00e5l 13 Stoppe klimaendringene\" class=\"wp-image-35\" width=\"150\" height=\"150\" srcset=\"https:\/\/mills.no\/content\/uploads\/sites\/18\/2023\/02\/mal-13-bokmal-1024x1024.png 1024w, https:\/\/mills.no\/content\/uploads\/sites\/18\/2023\/02\/mal-13-bokmal-300x300.png 300w, https:\/\/mills.no\/content\/uploads\/sites\/18\/2023\/02\/mal-13-bokmal-150x150.png 150w, https:\/\/mills.no\/content\/uploads\/sites\/18\/2023\/02\/mal-13-bokmal-768x768.png 768w, https:\/\/mills.no\/content\/uploads\/sites\/18\/2023\/02\/mal-13-bokmal-1536x1536.png 1536w, https:\/\/mills.no\/content\/uploads\/sites\/18\/2023\/02\/mal-13-bokmal-2048x2048.png 2048w, https:\/\/mills.no\/content\/uploads\/sites\/18\/2023\/02\/mal-13-bokmal-80x80.png 80w\" sizes=\"auto, (max-width: 150px) 100vw, 150px\" \/><\/figure><\/div>\n<\/div>\n\n\n\n<div class=\"wp-block-column is-layout-flow wp-block-column-is-layout-flow\" style=\"flex-basis:66.66%\">\n<p><strong>FNs b\u00e6rekraftm\u00e5l nr. 13<\/strong> <\/p>\n\n\n\n<p>Klimaendringer er et globalt sp\u00f8rsm\u00e5l og kjenner ingen landegrenser. \u00d8kningen av gjennomsnittstemperaturen m\u00e5 begrenses til 1,5 \u00b0C dersom verden skal unng\u00e5 katastrofale konsekvenser i fremtiden.<\/p>\n<\/div>\n<\/div>\n\n\n\n<h2 class=\"wp-block-heading\" id=\"h-valg-av-ravarer-gir-stor-klimaeffekt\">Valg av r\u00e5varer gir stor klimaeffekt<\/h2>\n\n\n\n<p>Produksjon og forbruk av mat st\u00e5r for en tredjedel av klimagassutslipp og bruker store mengder vann. Kombinasjonen av klimaendringer, befolkningsvekst og dagens system for matproduksjon gir et press p\u00e5 mange r\u00e5varer og naturressurser. \u200b<\/p>\n\n\n\t\t\t<\/div>\n\t\t<\/div>\n\n\n\t\t<div class=\"is-style-vertical-spacing alignwide is-section-text wp-block-mills-section\">\n\t\t\t<div class=\"wp-block-mills-section__inner aligncenter\">\n\t\t\t\t\n\n<h2 class=\"wp-block-heading\" id=\"h-vart-klimaregnskap\">V\u00e5rt klimaregnskap<\/h2>\n\n\n\n<p>\u200bMills oppn\u00e5dde i 2021 92% reduksjon i egen produksjon (Scope 1 + 2), blant annet ved hjelp av utfasing av fossil energi og overgang til fornybar str\u00f8m med opprinnelsesgaranti. I 2022 har vi fortsatt \u00e5 kompensere for resterende utslipp slik av vi opprettholder s\u00e5kalt netto null utslipp. Samtidig jobber vi for minimum 42 prosent nedgang i Scope 3-utslipp innen 2030 og kliman\u00f8ytrale produkter senest 2050. Vi utarbeider \u00e5rlige klimaregnskap i tr\u00e5d med <a href=\"https:\/\/ghgprotocol.org\/\" target=\"_blank\" rel=\"noreferrer noopener\">GHG-protokollen<\/a> for \u00e5 f\u00f8lge n\u00f8yaktig utvikling av utslippene. \u200b<\/p>\n\n\n\n<p>I tillegg til Scope 1 og 2 \u2013 v\u00e5r direkte p\u00e5virkning &#8211; har vi ogs\u00e5 valgt \u00e5 inkludere avfall, transport, tjenestereiser,  brensel og energirelaterte aktiviteter, resirkulering av emballasje etter bruk, r\u00e5varer og emballasje under Scope 3. Under er v\u00e5rt samlede klimaregnskap for 2022, samt utviklingen fra 2021 og 2020. \u200b<\/p>\n\n\n\n<p>Vi er godt forn\u00f8yde med at resultatet for 2022 viser hele 15.5% reduksjon i totale CO2-utslipp (Scope 1, 2 og 3). Dette skyldes flere faktorer. Elektrifisering av fabrikken i Fredrikstad ble gjort desember 2021 og f\u00f8rte til en halvering av CO2-utslipp fra hele Mills&#8217; produksjon. P\u00e5 emballasjesiden har overgang til resirkulert i alle tuber fra mai 2022 gitt store CO2-reduksjoner. Bruk av mer n\u00f8yaktige klimafaktorer etter at NORSUS har gjennomf\u00f8rt LCA-analyser p\u00e5 produkter i alle v\u00e5re kategorier spiller ogs\u00e5 inn. En annen forklaring p\u00e5 nedgangen i totalsummen skyldes en kombinasjon av lavere innkj\u00f8p etter st\u00f8rre lagerbeholdning under pandemien og noe redusert produksjon. N\u00e5r vi ser p\u00e5 CO2-utslipp per produsert tonn, s\u00e5 er nedgangen p\u00e5 9% sett mot 2021<em>. <\/em><\/p>\n\n\n\n<p>2020-resultatene var f\u00f8rste \u00e5r med fullstendig klimaregnskap. Dette \u00e5ret er derfor v\u00e5r grunnlinje for v\u00e5re langsiktige 1,5 graders klimareduksjonsm\u00e5l, validert av <a href=\"https:\/\/sciencebasedtargets.org\/\" target=\"_blank\" rel=\"noreferrer noopener\">Science Based Tagets initiative.\u200b<\/a><\/p>\n\n\n\n<h3 class=\"wp-block-heading\">Totale klimautslipp 2022<\/h3>\n\n\n\n<p>R\u00e5varer og emballasje er de to st\u00f8rste kildene til klimagassutslipp. <\/p>\n\n\n\n<hr class=\"wp-block-separator\"\/>\n\n\n\n<iframe title=\"\" aria-label=\"Donut Chart\" id=\"datawrapper-chart-I1EcG\" src=\"https:\/\/datawrapper.dwcdn.net\/I1EcG\/1\/\" scrolling=\"no\" frameborder=\"0\" style=\"width: 0; min-width: 100% !important; border: none;\" height=\"543\" data-external=\"1\"><\/iframe><script type=\"text\/javascript\">!function(){\"use strict\";window.addEventListener(\"message\",(function(e){if(void 0!==e.data[\"datawrapper-height\"]){var t=document.querySelectorAll(\"iframe\");for(var a in e.data[\"datawrapper-height\"])for(var r=0;r<t.length;r++){if(t[r].contentWindow===e.source)t[r].style.height=e.data[\"datawrapper-height\"][a]+\"px\"}}}))}();<\/script>\n\n\n\n<hr class=\"wp-block-separator\"\/>\n\n\n\n<h3 class=\"wp-block-heading\" id=\"h-klimaregnskap-2022\">Klimaregnskap 2022<\/h3>\n\n\n\n<p class=\"has-small-font-size\">Alle tall er oppgitt i tonn CO2 - ekvivalenter.<\/p>\n\n\n\n<figure class=\"wp-block-table\"><table><tbody><tr><td><\/td><td><strong>2020<\/strong><\/td><td><strong>2021<\/strong><\/td><td><strong>2022<\/strong><\/td><\/tr><tr><td><em>Scope 1<\/em><\/td><td><\/td><td><\/td><td><\/td><\/tr><tr><td><strong>Scope 1 Totalt<\/strong><\/td><td><strong>1 629<\/strong><\/td><td><strong>1 709<\/strong><\/td><td><strong>172<\/strong><\/td><\/tr><tr><td>Transport<\/td><td>7<\/td><td>3<\/td><td>14<\/td><\/tr><tr><td>Stasjon\u00e6r forbrenning<\/td><td>1 538<\/td><td>1 516<\/td><td>140<\/td><\/tr><tr><td>Kj\u00f8legasser<\/td><td>84<\/td><td>190<\/td><td>18,8<\/td><\/tr><tr><td><em>Scope 2<\/em><\/td><td><\/td><td><\/td><td><\/td><\/tr><tr><td><strong>Scope 2 Totalt<\/strong><\/td><td><strong>5 788<\/strong><\/td><td><strong>29<\/strong><\/td><td><strong>31<\/strong><\/td><\/tr><tr><td>Elektrisitet<\/td><td>5 770<\/td><td>0<\/td><td>0<\/td><\/tr><tr><td>Fjernvarme<\/td><td>18<\/td><td>29<\/td><td>31<\/td><\/tr><tr><td><em>Scope 3<\/em><\/td><td><\/td><td><\/td><td><\/td><\/tr><tr><td><strong>Scope 3 Total<\/strong>t<\/td><td><strong>92 991<\/strong><\/td><td><strong>93 539<\/strong><\/td><td><strong>80 326<\/strong><\/td><\/tr><tr><td>Nedstr\u00f8ms transport og distribusjon<\/td><td>1 045<\/td><td>1 133<\/td><td>994<\/td><\/tr><tr><td>Avfall<\/td><td>343<\/td><td>424<\/td><td>220<\/td><\/tr><tr><td>Brensel og energirelaterte aktiviteter<\/td><td>935<\/td><td>618<\/td><td>198<\/td><\/tr><tr><td>Emballasje<\/td><td>13 571<\/td><td>14 210<\/td><td>10 140<\/td><\/tr><tr><td>Tjenestereiser<\/td><td>134<\/td><td>81<\/td><td>132<\/td><\/tr><tr><td>R\u00e5varer<\/td><td>74 334<\/td><td>74 347<\/td><td>66 137<\/td><\/tr><tr><td>Oppstr\u00f8ms transport og distribusjon<\/td><td>2 022<\/td><td>2 174<\/td><td>2 026<\/td><\/tr><tr><td>Resirkulering av solgte produkter<\/td><td>598<\/td><td>552<\/td><td>478<\/td><\/tr><tr><td><strong>SUM<\/strong><\/td><td><strong>100 407<\/strong><\/td><td><strong>95 278<\/strong><\/td><td><strong>80 529<\/strong><\/td><\/tr><\/tbody><\/table><\/figure>\n\n\n\t\t\t<\/div>\n\t\t<\/div>\n\n\n\t\t<div class=\"alignwide is-section-text wp-block-mills-section\">\n\t\t\t<div class=\"wp-block-mills-section__inner alignwide\">\n\t\t\t\t\n\n<p><\/p>\n\n\n\n<p><\/p>\n\n\n\n<p><\/p>\n\n\n\n<p><\/p>\n\n\n\n<p><\/p>\n\n\n\n<iframe title=\"Energibruk pr. tonn produsert vare \" aria-label=\"Column Chart\" id=\"datawrapper-chart-XMvHQ\" src=\"https:\/\/datawrapper.dwcdn.net\/XMvHQ\/3\/\" scrolling=\"no\" frameborder=\"0\" style=\"width: 0; min-width: 100% !important; border: none;\" height=\"483\" data-external=\"1\"><\/iframe><script type=\"text\/javascript\">!function(){\"use strict\";window.addEventListener(\"message\",(function(e){if(void 0!==e.data[\"datawrapper-height\"]){var t=document.querySelectorAll(\"iframe\");for(var a in e.data[\"datawrapper-height\"])for(var r=0;r<t.length;r++){if(t[r].contentWindow===e.source)t[r].style.height=e.data[\"datawrapper-height\"][a]+\"px\"}}}))}();<\/script>\n\n\n\n<p><\/p>\n\n\n\n<p>Energiforbruk per tonn produserte vare har g\u00e5tt ned med 4,8 % fra 2021 til 2022. Energireduserende tiltak p\u00e5 fabrikkene og overgang fra oljekjele til elkjele i Fredrikstad, har bidratt til en nedgang i samlet energiforbruk pr. tonn, til tross for volumnedgang og utfordrende markedssituasjon <\/p>\n\n\n\n<iframe title=\"Vannforbruk pr. tonn produsert vare\" aria-label=\"Column Chart\" id=\"datawrapper-chart-eD0wp\" src=\"https:\/\/datawrapper.dwcdn.net\/eD0wp\/1\/\" scrolling=\"no\" frameborder=\"0\" style=\"width: 0; min-width: 100% !important; border: none;\" height=\"400\" data-external=\"1\"><\/iframe><script type=\"text\/javascript\">!function(){\"use strict\";window.addEventListener(\"message\",(function(e){if(void 0!==e.data[\"datawrapper-height\"]){var t=document.querySelectorAll(\"iframe\");for(var a in e.data[\"datawrapper-height\"])for(var r=0;r<t.length;r++){if(t[r].contentWindow===e.source)t[r].style.height=e.data[\"datawrapper-height\"][a]+\"px\"}}}))}();<\/script>\n\n\n\n<p><\/p>\n\n\n\n<p>Vannforbruk per tonn produserte vare har g\u00e5tt marginalt opp fra 2021 til 2022. Vi jobber kontinuerlig for \u00e5 redusere v\u00e5rt vannforbruk p\u00e5 alle lokasjoner.<\/p>\n\n\n\n<iframe title=\"Totale klimautslipp pr. tonn produserte vare\" aria-label=\"Column Chart\" id=\"datawrapper-chart-dPgeL\" src=\"https:\/\/datawrapper.dwcdn.net\/dPgeL\/1\/\" scrolling=\"no\" frameborder=\"0\" style=\"width: 0; min-width: 100% !important; border: none;\" height=\"400\" data-external=\"1\"><\/iframe><script type=\"text\/javascript\">!function(){\"use strict\";window.addEventListener(\"message\",(function(e){if(void 0!==e.data[\"datawrapper-height\"]){var t=document.querySelectorAll(\"iframe\");for(var a in e.data[\"datawrapper-height\"])for(var r=0;r<t.length;r++){if(t[r].contentWindow===e.source)t[r].style.height=e.data[\"datawrapper-height\"][a]+\"px\"}}}))}();<\/script\n\n\n\n<p><\/p>\n\n\n\n<p><br>Grafen viser klimautslipp fra vugge til grav, s\u00e5kalte Scope 1, 2 og 3-utslipp. Fullstendig klimautslipp ble rapportert f\u00f8rste gang i 2020. Sett mot 2021 har vi hatt en nedgang p\u00e5 9% i klimagassutslipp per produsert tonn.<\/p>\n\n\n\t\t\t<\/div>\n\t\t<\/div>\n\n\n<div style=\"height:40px\" aria-hidden=\"true\" class=\"wp-block-spacer\"><\/div>\n\n\n<div class=\"t2-infobox is-style-tip wp-block-t2-infobox has-background has-secondary-background-color\">\n\t\t\t<div class=\"t2-infobox__icon\"><svg xmlns=\"http:\/\/www.w3.org\/2000\/svg\" viewBox=\"0 0 24 24\" height=\"24\" width=\"24\" class=\"t2-icon t2-icon-tips\" aria-hidden=\"true\" focusable=\"false\"><path d=\"M13.5 23.25h-3c-.41 0-.75-.34-.75-.75s.34-.75.75-.75h3c.41 0 .75.34.75.75s-.34.75-.75.75zM13.5 20.25h-3c-.41 0-.75-.34-.75-.75v-1.16a6.748 6.748 0 01-4.5-6.39C5.26 8.24 8.29 5.23 12 5.23h.02c3.72.01 6.74 3.05 6.73 6.77a6.747 6.747 0 01-4.5 6.34v1.16c0 .41-.34.75-.75.75zm-2.25-1.5h1.5v-.96c0-.34.23-.64.56-.73A5.242 5.242 0 0017.25 12c0-1.4-.54-2.72-1.52-3.72-.99-1-2.3-1.55-3.71-1.55-1.43-.02-2.72.54-3.72 1.52-1 .99-1.55 2.3-1.55 3.71-.01 2.4 1.61 4.5 3.94 5.1.33.09.56.38.56.73v.96zM12 3.75c-.41 0-.75-.34-.75-.75V1.5c0-.41.34-.75.75-.75s.75.34.75.75V3c0 .41-.34.75-.75.75zM22.5 11.25H21c-.41 0-.75-.34-.75-.75s.34-.75.75-.75h1.5c.41 0 .75.34.75.75s-.34.75-.75.75zM3 12.75H1.5c-.41 0-.75-.34-.75-.75s.34-.75.75-.75H3c.41 0 .75.34.75.75s-.34.75-.75.75zM19.42 19.42c-.19 0-.38-.07-.53-.22l-1.06-1.06c-.29-.29-.29-.77 0-1.06s.77-.29 1.06 0l1.06 1.06c.29.29.29.77 0 1.06a.71.71 0 01-.53.22zM5.64 5.64c-.19 0-.38-.07-.53-.22L4.04 4.36c-.29-.29-.29-.77 0-1.06s.77-.29 1.06 0l1.06 1.06c.29.29.29.77 0 1.06-.14.14-.33.22-.52.22zM18.36 5.64c-.19 0-.38-.07-.53-.22a.754.754 0 010-1.06l1.06-1.06c.29-.29.77-.29 1.06 0 .29.29.29.77 0 1.06l-1.06 1.06a.75.75 0 01-.53.22zM4.58 19.42c-.19 0-.38-.07-.53-.22a.754.754 0 010-1.06l1.06-1.06c.29-.29.77-.29 1.06 0s.29.77 0 1.06L5.11 19.2c-.15.15-.34.22-.53.22z\" fill=\"currentColor\" \/><\/svg><\/div>\n\t\t\t<div class=\"t2-infobox__inner-container t2-infobox__content is-layout-flow\">\n\n<p><strong>Visste du at... <\/strong><\/p>\n\n\n\n<p>I en LED-p\u00e6re blir 80 prosent av energien til lys, mens bare 5 prosent av tilf\u00f8rt energi blir til lys i en vanlig gl\u00f8dep\u00e6re! <\/p>\n\n<\/div>\n\t\t<\/div>\n\n\n\t<div class=\"alignfull media-align-left has-media wp-block-t2-story-chapter\">\n\t\t<div class=\"t2-story-chapter__content-wrap\">\n\t\t\t<div class=\"t2-story-chapter__content-wrap__inner entry-content\">\n\t\t\t\t\n\n<h2 class=\"wp-block-heading\">\u00c5rets resultater:<\/h2>\n\n\n\n<p>Energieffektivisering:<br>\u2022 Videref\u00f8rt arbeidet med \u00e5 skifte til mer energieffektive pumper i fabrikk. Estimert reduksjon 286 000 kWh.&nbsp;<br>\u2022 Skiftet til ledlys p\u00e5 rognlageret i Finneidfjord<br>\u2022 Ferdigstilt skifte til ledlys i Fredrikstad <br>\u2022 Videref\u00f8rt arbeid med \u00e5 optimalisere vaskeprosessene, for \u00e5 spare energi og vann<br>\u2022 Etablert prosjektgruppe for \u00e5 tilfredsstille nye og strengere krav til vannrensing i b\u00e5de Fredrikstad og Drammen<br>\u2022 Etablert el-bil ladere i Drammen<br>\u2022 Gjennomf\u00f8rt en kost\/nytte-vurdering av solceller i Fredrikstad og Drammen <\/p>\n\n\n\n<p>Andre omr\u00e5der: <br>\u2022 Tatt i bruk <a href=\"https:\/\/mills.no\/baerekraft\/klodemerket\/\">klodemerket p\u00e5 alle Soft Flora-produktene<\/a><br>\u2022 Overgang til tuber laget av 100% resirkulert aluminium.<br>\u2022 Treplanting <br>\u2022 Utarbeidet klimaregnskap for 2021<\/p>\n\n\n\n<p>Totalt i Mills har det v\u00e6rt en reduksjon i \u00e5tte av 12 avfallskategorier fra 2021 til 2022. Det har v\u00e6rt \u00f8kning innen papir, plast, glass og slam. 2022 har v\u00e6rt preget av et stort byggeprosjekt i fabrikken i Drammen. Dette har medf\u00f8rt en generell \u00f8kning p\u00e5 alle kategorier,  hvorav farlig avfall og glassavfall fortsatt er h\u00f8yt.<\/p>\n\n\t\t\t<\/div>\n\t\t<\/div>\n\t\t<div class=\"t2-story-chapter__media-wrap\"><img loading=\"lazy\" decoding=\"async\" width=\"1024\" height=\"683\" src=\"https:\/\/mills.no\/content\/uploads\/sites\/18\/2023\/02\/fabrikk_drammen_11-1024x683.jpg\" class=\"attachment-large size-large\" alt=\"\" srcset=\"https:\/\/mills.no\/content\/uploads\/sites\/18\/2023\/02\/fabrikk_drammen_11-1024x683.jpg 1024w, https:\/\/mills.no\/content\/uploads\/sites\/18\/2023\/02\/fabrikk_drammen_11-300x200.jpg 300w, https:\/\/mills.no\/content\/uploads\/sites\/18\/2023\/02\/fabrikk_drammen_11-768x512.jpg 768w, https:\/\/mills.no\/content\/uploads\/sites\/18\/2023\/02\/fabrikk_drammen_11-1536x1024.jpg 1536w, https:\/\/mills.no\/content\/uploads\/sites\/18\/2023\/02\/fabrikk_drammen_11-80x53.jpg 80w, https:\/\/mills.no\/content\/uploads\/sites\/18\/2023\/02\/fabrikk_drammen_11.jpg 1920w\" sizes=\"auto, (max-width: 1024px) 100vw, 1024px\" \/><\/div>\t<\/div>\n\t\n\n\t<div class=\"alignfull media-align-right has-media wp-block-t2-story-chapter\">\n\t\t<div class=\"t2-story-chapter__content-wrap\">\n\t\t\t<div class=\"t2-story-chapter__content-wrap__inner entry-content\">\n\t\t\t\t\n\n<h2 class=\"wp-block-heading\">M\u00e5l innen 2025 <\/h2>\n\n\n\n<p>\u2022 Kliman\u00f8ytral produksjon.<br>\u2022 15% reduksjon av klimautslipp p\u00e5 r\u00e5varer og emballasje.<br>\u2022 Leverand\u00f8rer har satt klimam\u00e5l.<br>\u2022 Klimamerkede produkter i alle kategorier.<br>\u2022 Klima- og milj\u00f8fokus i nye anlegg og<br>prosesser.<\/p>\n\n\t\t\t<\/div>\n\t\t<\/div>\n\t\t<div class=\"t2-story-chapter__media-wrap\"><img loading=\"lazy\" decoding=\"async\" width=\"600\" height=\"400\" src=\"https:\/\/mills.no\/content\/uploads\/sites\/18\/2023\/03\/Potet-plukking_Stills_600px.jpg\" class=\"attachment-large size-large\" alt=\"Poteter i Delikat potetsalat kommer fra Sande i Vestfold.\" srcset=\"https:\/\/mills.no\/content\/uploads\/sites\/18\/2023\/03\/Potet-plukking_Stills_600px.jpg 600w, https:\/\/mills.no\/content\/uploads\/sites\/18\/2023\/03\/Potet-plukking_Stills_600px-300x200.jpg 300w, https:\/\/mills.no\/content\/uploads\/sites\/18\/2023\/03\/Potet-plukking_Stills_600px-80x53.jpg 80w\" sizes=\"auto, (max-width: 600px) 100vw, 600px\" \/><\/div>\t<\/div>\n\t\n\n\t<div class=\"alignfull media-align-right has-media has-full-media wp-block-t2-story-chapter\">\n\t\t<div class=\"t2-story-chapter__content-wrap\">\n\t\t\t<div class=\"t2-story-chapter__content-wrap__inner entry-content\">\n\t\t\t\t\n\n<h2 class=\"wp-block-heading\">Tiltak i 2023 <br><\/h2>\n\n\n\n<p>\u2022 Etablere plan for fremtidens renseteknologi i Drammen og Fredrikstad.   <br>\u2022  Kartlegge potensiale for energigjenvinning og etablere en ambisi\u00f8s EN\u00d8K-plan for neste STP-periode. <\/p>\n\n\n\n<p><br>Scope 1 og 2:<br>\u2022 Overv\u00e5ke ENOVA-utlysinger for \u00abKlima og energisatsinger i industrien\u00bb<br>\u2022 Gjennomf\u00f8re EN\u00d8K-tiltak.<br>\u2022 Videref\u00f8re st\u00f8tten til klimakompenserende treplanting i Myanmar <br><br>Scope 3:<br>\u2022 Agra konserninnkj\u00f8p f\u00f8lger opp krav til leverand\u00f8rer om klimam\u00e5l<br>\u2022 Kontinuerlig jobbe frem klimareduserende tiltak og forankre dem i organisasjonen. <\/p>\n\n\t\t\t<\/div>\n\t\t<\/div>\n\t\t<div class=\"t2-story-chapter__media-wrap\"><img loading=\"lazy\" decoding=\"async\" width=\"1024\" height=\"683\" src=\"https:\/\/mills.no\/content\/uploads\/sites\/18\/2023\/02\/fabrikk_drammen_6-1024x683.jpg\" class=\"attachment-large size-large\" alt=\"\" srcset=\"https:\/\/mills.no\/content\/uploads\/sites\/18\/2023\/02\/fabrikk_drammen_6-1024x683.jpg 1024w, https:\/\/mills.no\/content\/uploads\/sites\/18\/2023\/02\/fabrikk_drammen_6-300x200.jpg 300w, https:\/\/mills.no\/content\/uploads\/sites\/18\/2023\/02\/fabrikk_drammen_6-768x512.jpg 768w, https:\/\/mills.no\/content\/uploads\/sites\/18\/2023\/02\/fabrikk_drammen_6-1536x1024.jpg 1536w, https:\/\/mills.no\/content\/uploads\/sites\/18\/2023\/02\/fabrikk_drammen_6-80x53.jpg 80w, https:\/\/mills.no\/content\/uploads\/sites\/18\/2023\/02\/fabrikk_drammen_6.jpg 1920w\" sizes=\"auto, (max-width: 1024px) 100vw, 1024px\" \/><\/div>\t<\/div>\n\t\n\n\n\n<div style=\"height:100px\" aria-hidden=\"true\" class=\"wp-block-spacer\"><\/div>\n\n\n\n\t\t<div class=\"has-background has-secondary-background-color is-style-vertical-spacing is-style-horizontal-spacing aligncenter is-section-text wp-block-mills-section has-background has-secondary-background-color\">\n\t\t\t<div class=\"wp-block-mills-section__inner alignwide\">\n\t\t\t\t\n\n<h2 class=\"wp-block-heading\">V\u00e5rt klimal\u00f8fte <\/h2>\n\n\n\n<p>Kliman\u00f8ytral produksjon fra 2021 og 42 prosent reduksjon i Scope 3<br>innen 2030. <br><br>Leverand\u00f8rer som st\u00e5r for 70 prosent av klimautslipp fra r\u00e5varer og emballasje skal ha satt seg Science based targets-validerte klimam\u00e5l. <\/p>\n\n\n\t\t\t<\/div>\n\t\t<\/div>\n\n\n<div style=\"height:100px\" aria-hidden=\"true\" class=\"wp-block-spacer\"><\/div>\n\n\n\n\t\t<div class=\"is-style-vertical-spacing aligncenter is-section-text wp-block-mills-section\">\n\t\t\t<div class=\"wp-block-mills-section__inner aligncenter\">\n\t\t\t\t\n\n<h2 class=\"has-text-align-center wp-block-heading\" id=\"h-klimakonkurranse-i-mills\">Klimakonkurranse i Mills<\/h2>\n\n\n\n<figure class=\"wp-block-image size-large is-style-default\"><img decoding=\"async\" src=\"https:\/\/mills.no\/content\/uploads\/sites\/18\/2023\/03\/277588196_156706550087984_8955609902126142093_n-1024x768.jpg\" alt=\"\" class=\"wp-image-819\"\/><\/figure>\n\n\n\n<p>Vinteren 2022 gjennomf\u00f8rte vi klimakonkurranse internt i Mills. I to uker ble aktiviteter og innkj\u00f8p logget i appen \u00abDucky\u00bb. Delt opp i lag konkurrerte vi om \u00e5 leve mest mulig klimavennlig. <br><br>Det var til slutt laget \u00abKlimaglede\u00bb best\u00e5ende av Thea Monika, Isabel, Amir, Fehmi og Emilis fra fabrikken i Drammen som gikk av med seieren. Gratulerer! <br><br>I en unders\u00f8kelse i etterkant svarte hele 78 prosent at deltakerne at konkurransen hadde gitt \u00f8kt bevissthet for \u00e5 ta gode klimavalg fremover. <\/p>\n\n\n\n<figure class=\"wp-block-embed dekode-gtm-iframe-preview is-type-video is-provider-vimeo wp-block-embed-vimeo wp-embed-aspect-16-9 wp-has-aspect-ratio\"><div class=\"wp-block-embed__wrapper\">\n<iframe title=\"Klimakonkurranse i Mills\" data-cookieconsent=\"marketing\" data-cookieblock-src=\"https:\/\/player.vimeo.com\/video\/807493663?dnt=1&amp;app_id=122963\" width=\"500\" height=\"281\" frameborder=\"0\" allow=\"autoplay; fullscreen; picture-in-picture; clipboard-write; encrypted-media; web-share\" referrerpolicy=\"strict-origin-when-cross-origin\"><\/iframe>\n\t\t<div class=\"cookieconsent-optout-marketing dekode-gtm-cookie-consent-video-placeholder\">\n\t\t\t<div class=\"dekode-gtm-cookie-consent is-block-core-embed is-provider-vimeo\">\n\t\t\t\t\n\t\t\t<img decoding=\"async\" src=\"https:\/\/i.vimeocdn.com\/video\/1631009812-92f55da48262788420092e03bf67d6c87f6ae13727bce0e57b0b1d2d3c2f6bf6-d_295x166?region=us\" alt=\"vimeo\" \/>\n\t\t\t\t<div class=\"overlay\">\n\t\t\t\t\t<div class=\"cookie-info\">\n\t\t\t\t\t\t\n<div class=\"wp-block-cover is-light has-custom-content-position is-position-center-left\"><span aria-hidden=\"true\" class=\"wp-block-cover__background has-background-4-background-color has-background-dim-100 has-background-dim\"><\/span><div class=\"wp-block-cover__inner-container is-layout-flow wp-block-cover-is-layout-flow\">\n<h2 class=\"wp-block-heading has-text-align-left\">Det skulle v\u00e6rt en video her<\/h2>\n\n\n\n<p class=\"has-text-align-center\">For \u00e5 se alt mediemateriell, vennligst tillat cookies<\/p>\n<\/div><\/div>\n\n\t\t\t\t\t<\/div>\n\t\t\t\t<\/div>\n\t\t\t<\/div>\n\t\t<\/div>\n<\/div><\/figure>\n\n\n\t\t\t<\/div>\n\t\t<\/div>\n\n\n\t<div class=\"alignfull media-align-left has-media has-full-media wp-block-t2-story-chapter\">\n\t\t<div class=\"t2-story-chapter__content-wrap\">\n\t\t\t<div class=\"t2-story-chapter__content-wrap__inner entry-content\">\n\t\t\t\t\n\n<h2 class=\"wp-block-heading\" id=\"h-stotte-til-mangroveskog-i-myanmar\">St\u00f8tte til mangroveskog i Myanmar<\/h2>\n\n\n\n<p><br>Siden 2021 har Mills st\u00f8ttet klimakompenserende treplanting i Myanmar gjennom Worldview International Foundation (WIF).<\/p>\n\n\n\n<p>I 2022 plantet stiftelsen ut 6279 hektar, p\u00e5 ni ulike omr\u00e5der. M\u00e5let for 2023 er \u00e5 \u00f8ke til 10 000 hektar i \u00e5ret og da vil antall tr\u00e6r passere 100 millioner siden 2012. I sin <a href=\"https:\/\/mills.no\/content\/uploads\/sites\/18\/2023\/03\/Annual-Report-2022_10_Feb_1900.pdf\">\u00e5rsrapport <\/a>skriver WIF at stiftelsen samarbeider med over 100 lokalsamfunn, og har utviklet flere tiltak som gir arbeidsplasser i b\u00e6rekraftige utviklingsprosjekter. <br><br>Stiftelsen jobber ogs\u00e5 med bevaring av de ulike mangroveskog-variantene. N\u00e5 har de samlet 53 ulike typer i genbank. De viser til h\u00f8y overlevelsesevne blant tr\u00e6rene som plantes ut, over 96 prosent p\u00e5 sju av de ni omr\u00e5dene. <br><br>Mills' st\u00f8tte bidro i 2022 til plantingen av 7500 tr\u00e6r, noe som utgj\u00f8r 1682 tCO2e.  <\/p>\n\n\t\t\t<\/div>\n\t\t<\/div>\n\t\t<div class=\"t2-story-chapter__media-wrap\"><img loading=\"lazy\" decoding=\"async\" width=\"1024\" height=\"576\" src=\"https:\/\/mills.no\/content\/uploads\/sites\/18\/2023\/03\/mangrove-1024x576.jpg\" class=\"attachment-large size-large\" alt=\"\" srcset=\"https:\/\/mills.no\/content\/uploads\/sites\/18\/2023\/03\/mangrove-1024x576.jpg 1024w, https:\/\/mills.no\/content\/uploads\/sites\/18\/2023\/03\/mangrove-300x169.jpg 300w, https:\/\/mills.no\/content\/uploads\/sites\/18\/2023\/03\/mangrove-768x432.jpg 768w, https:\/\/mills.no\/content\/uploads\/sites\/18\/2023\/03\/mangrove-1536x864.jpg 1536w, https:\/\/mills.no\/content\/uploads\/sites\/18\/2023\/03\/mangrove-80x45.jpg 80w, https:\/\/mills.no\/content\/uploads\/sites\/18\/2023\/03\/mangrove.jpg 1600w\" sizes=\"auto, (max-width: 1024px) 100vw, 1024px\" \/><\/div>\t<\/div>\n\t\n\n\t<div class=\"alignfull media-align-right has-media wp-block-t2-story-chapter\">\n\t\t<div class=\"t2-story-chapter__content-wrap\">\n\t\t\t<div class=\"t2-story-chapter__content-wrap__inner entry-content\">\n\t\t\t\t\n\n<h2 class=\"wp-block-heading\" id=\"klodemerket-baerekraftrapport\">Mills bruker Klodemerket <\/h2>\n\n\n\n<p>Vi vet at halvparten av nordmenn \u00f8nsker \u00e5 spise mer klimavennlig. Samtidig synes bare 1 av 10 synes det er enkelt \u00e5 vite hvilken klimap\u00e5virkning de enkelte matvarene har (Norstat april 2019). Vi innf\u00f8rer klodemerket for \u00e5 gj\u00f8re det lettere for forbruker \u00e5 ta klimasmarte valg. Klodemerket viser hvilke produkter som har lavt eller veldig lavt klimaavtrykk.<\/p>\n\n\n\n<p>Soft Flora var det f\u00f8rste Mills-produktet som fikk Klodemerket. Snart f\u00f8lger Delikat Klassisk potetsalat og Melange i folie etter. <br><br>Klodemerket er etablert av Orkla for \u00e5 hjelpe forbrukere \u00e5 finne klimavennlige alternativer. Merkeordningen er tilgjengelig for alle norske matprodusenter som oppfyller kravene.<\/p>\n\n\n\n<p>Klimaskalaen er laget i samarbeid med <a href=\"https:\/\/www.toro.no\/wp-content\/uploads\/RISE-Rapport-Klimaskala-2019.pdf\" target=\"_blank\" rel=\"noreferrer noopener\">forskningsinstituttet RISE.<\/a> <\/p>\n\n\n\n<div class=\"wp-block-buttons is-layout-flex wp-block-buttons-is-layout-flex\">\n<div class=\"wp-block-button\"><a class=\"wp-block-button__link\" href=\"https:\/\/mills.no\/baerekraft\/klodemerket\/\" target=\"_blank\" rel=\"noreferrer noopener\">Les mer om klodemerket her<\/a><\/div>\n<\/div>\n\n\t\t\t<\/div>\n\t\t<\/div>\n\t\t<div class=\"t2-story-chapter__media-wrap\"><img loading=\"lazy\" decoding=\"async\" width=\"1024\" height=\"683\" src=\"https:\/\/mills.no\/content\/uploads\/sites\/18\/2023\/03\/Soft-Flora-Original-web-1024x683.jpg\" class=\"attachment-large size-large\" alt=\"Soft Flora med klodemerket\" srcset=\"https:\/\/mills.no\/content\/uploads\/sites\/18\/2023\/03\/Soft-Flora-Original-web-1024x683.jpg 1024w, https:\/\/mills.no\/content\/uploads\/sites\/18\/2023\/03\/Soft-Flora-Original-web-300x200.jpg 300w, https:\/\/mills.no\/content\/uploads\/sites\/18\/2023\/03\/Soft-Flora-Original-web-768x512.jpg 768w, https:\/\/mills.no\/content\/uploads\/sites\/18\/2023\/03\/Soft-Flora-Original-web-1536x1024.jpg 1536w, https:\/\/mills.no\/content\/uploads\/sites\/18\/2023\/03\/Soft-Flora-Original-web-80x53.jpg 80w, https:\/\/mills.no\/content\/uploads\/sites\/18\/2023\/03\/Soft-Flora-Original-web.jpg 1920w\" sizes=\"auto, (max-width: 1024px) 100vw, 1024px\" \/><\/div>\t<\/div>\n\t\n\n\t<div class=\"alignfull media-align-left has-media is-style-wave wp-block-t2-story-chapter\">\n\t\t<div class=\"t2-story-chapter__content-wrap\">\n\t\t\t<div class=\"t2-story-chapter__content-wrap__inner entry-content\">\n\t\t\t\t\n\n<h2 class=\"wp-block-heading\" id=\"h-klimaavtrykket-fra-soft-flora-er-en-femtedel-av-meierismor\">Klimaavtrykket fra Soft Flora er en femtedel av meierism\u00f8r <\/h2>\n\n\n\n<p>Plantebaserte margariner er klimavinnerne i en studie gjennomf\u00f8rt av Norsk institutt for b\u00e6rekraftsforskning (NORSUS) p\u00e5 oppdrag fra Mills AS. Her ble klimaavtrykk fra Soft Flora og \u00f8vrige margariner fra Mills sammenliknet med meierism\u00f8r fra Tine. <br><br>Resultatene fra livsl\u00f8psanalysen viser at det er r\u00e5varene som utgj\u00f8r den st\u00f8rste andelen av milj\u00f8p\u00e5virkningen, b\u00e5de for margarinproduktene og for meierism\u00f8r.<\/p>\n\n\n\n<p>Soft Flora er laget av planteoljer (hovedsakelig rapsolje), vann og litt skummet melk, mens meierism\u00f8r er basert p\u00e5 en animalsk r\u00e5vare; fl\u00f8te. <\/p>\n\n\n\n<p>Mens 1 kg meierism\u00f8r gir et klimaavtrykk p\u00e5 10,4 kg CO2e, er tilsvarende tall for Soft Flora 1,8 CO2e.<\/p>\n\n\n\n<p>Det \u00e5rlige \u00abmerutslippet\u00bb ved bruk av meierism\u00f8r i stedet for Soft Flora i Norge sammenlignes med utslippet fra 72.000 biler som hver kj\u00f8rer 500 mil. <br><br><\/p>\n\n\n\n<div class=\"wp-block-buttons is-layout-flex wp-block-buttons-is-layout-flex\">\n<div class=\"wp-block-button\"><a class=\"wp-block-button__link\" href=\"https:\/\/kommunikasjon.ntb.no\/pressemelding\/smor-gir-5-ganger-hoyere-klimautslipp-enn-margarin?publisherId=8191481&amp;releaseId=17927954&amp;lang=no\" target=\"_blank\" rel=\"noreferrer noopener\">Les mer om livsl\u00f8psanalysene<\/a><\/div>\n<\/div>\n\n\t\t\t<\/div>\n\t\t<\/div>\n\t\t<div class=\"t2-story-chapter__media-wrap\"><img loading=\"lazy\" decoding=\"async\" width=\"1024\" height=\"625\" src=\"https:\/\/mills.no\/content\/uploads\/sites\/18\/2023\/03\/34bb5708-7803-4097-bada-df0770b637a8-1024x625.jpg\" class=\"attachment-large size-large\" alt=\"\" srcset=\"https:\/\/mills.no\/content\/uploads\/sites\/18\/2023\/03\/34bb5708-7803-4097-bada-df0770b637a8-1024x625.jpg 1024w, https:\/\/mills.no\/content\/uploads\/sites\/18\/2023\/03\/34bb5708-7803-4097-bada-df0770b637a8-300x183.jpg 300w, https:\/\/mills.no\/content\/uploads\/sites\/18\/2023\/03\/34bb5708-7803-4097-bada-df0770b637a8-768x469.jpg 768w, https:\/\/mills.no\/content\/uploads\/sites\/18\/2023\/03\/34bb5708-7803-4097-bada-df0770b637a8-1536x938.jpg 1536w, https:\/\/mills.no\/content\/uploads\/sites\/18\/2023\/03\/34bb5708-7803-4097-bada-df0770b637a8-2048x1251.jpg 2048w, https:\/\/mills.no\/content\/uploads\/sites\/18\/2023\/03\/34bb5708-7803-4097-bada-df0770b637a8-80x49.jpg 80w\" sizes=\"auto, (max-width: 1024px) 100vw, 1024px\" \/><\/div>\t<\/div>\n\t\n\n\n\n\t\t<div class=\"has-background has-background-3-background-color is-style-vertical-spacing is-style-horizontal-spacing alignfull is-section-text wp-block-mills-section has-background has-background-3-background-color\">\n\t\t\t<div class=\"wp-block-mills-section__inner alignwide\">\n\t\t\t\t\n\n<h2 class=\"has-text-align-center wp-block-heading\" id=\"h-hovedomradene-i-vart-baerekraftarbeid\">Hovedomr\u00e5dene i v\u00e5rt b\u00e6rekraftarbeid<\/h2>\n\n\n<ul class=\"t2-link-list has-8-items has-auto-columns is-style-three-cols wp-block-t2-link-list\">\n\t<li class=\"t2-link-list-item wp-block-t2-link-list-item\">\n\t\t<a\n\t\t\thref=\"https:\/\/mills.no\/baerekraftrapport-2022\/sunnere-produkter\/\"\n\t\t\tclass=\"t2-link-list-item__link t2-link-list__icon--left\"\n\t\t\t\t\t>\n\t\t\t<span class=\"t2-link-list-item__icon\"><span class=\"t2-link-list-item__icon-box\"><\/span><svg xmlns=\"http:\/\/www.w3.org\/2000\/svg\" viewBox=\"0 0 24 24\" height=\"24\" width=\"24\" class=\"t2-icon t2-icon-arrowforward\" aria-hidden=\"true\" focusable=\"false\"><path d=\"M11.3 19.3c-.2-.2-.3-.4-.3-.7 0-.3.1-.5.3-.7l4.9-4.9H5c-.3 0-.5-.1-.7-.3-.2-.2-.3-.4-.3-.7s.1-.5.3-.7c.2-.2.4-.3.7-.3h11.2l-4.9-4.9c-.2-.2-.3-.4-.3-.7 0-.3.1-.5.3-.7.2-.2.4-.3.7-.3s.5.1.7.3l6.6 6.6c.1.1.2.2.2.3 0 .1.1.3.1.4 0 .1 0 .3-.1.4 0 .1-.1.2-.2.3l-6.6 6.6c-.2.2-.4.3-.7.3s-.5-.1-.7-.3z\" fill=\"currentColor\" \/><\/svg><\/span>\t\t\t<div class=\"t2-link-list-item__content\">\n\n\t\t\t\t\n\t\t\t\t<span id=\"link-list-item-text\" class=\"t2-link-list-item__text\">\n\t\t\t\t\tSunnere produkter\t\t\t\t<\/span>\n\t\t\t\t<span id=\"link-list-item-description\" class=\"t2-link-list-item__description\">Vi tilbyr sunnere produkter fra planteriket og havet. <\/span>\t\t\t<\/div>\n\t\t<\/a>\n\t<\/li>\n\t\n\n\t<li class=\"t2-link-list-item wp-block-t2-link-list-item\">\n\t\t<a\n\t\t\thref=\"https:\/\/mills.no\/baerekraftrapport-2022\/trygg-mat\/\"\n\t\t\tclass=\"t2-link-list-item__link t2-link-list__icon--left\"\n\t\t\t\t\t>\n\t\t\t<span class=\"t2-link-list-item__icon\"><span class=\"t2-link-list-item__icon-box\"><\/span><svg xmlns=\"http:\/\/www.w3.org\/2000\/svg\" viewBox=\"0 0 24 24\" height=\"24\" width=\"24\" class=\"t2-icon t2-icon-arrowforward\" aria-hidden=\"true\" focusable=\"false\"><path d=\"M11.3 19.3c-.2-.2-.3-.4-.3-.7 0-.3.1-.5.3-.7l4.9-4.9H5c-.3 0-.5-.1-.7-.3-.2-.2-.3-.4-.3-.7s.1-.5.3-.7c.2-.2.4-.3.7-.3h11.2l-4.9-4.9c-.2-.2-.3-.4-.3-.7 0-.3.1-.5.3-.7.2-.2.4-.3.7-.3s.5.1.7.3l6.6 6.6c.1.1.2.2.2.3 0 .1.1.3.1.4 0 .1 0 .3-.1.4 0 .1-.1.2-.2.3l-6.6 6.6c-.2.2-.4.3-.7.3s-.5-.1-.7-.3z\" fill=\"currentColor\" \/><\/svg><\/span>\t\t\t<div class=\"t2-link-list-item__content\">\n\n\t\t\t\t\n\t\t\t\t<span id=\"link-list-item-text-1\" class=\"t2-link-list-item__text\">\n\t\t\t\t\tTrygg mat\t\t\t\t<\/span>\n\t\t\t\t<span id=\"link-list-item-description-1\" class=\"t2-link-list-item__description\">Alle v\u00e5re varer skal  produseres p\u00e5 en sikker m\u00e5te.<\/span>\t\t\t<\/div>\n\t\t<\/a>\n\t<\/li>\n\t\n\n\t<li class=\"t2-link-list-item wp-block-t2-link-list-item\">\n\t\t<a\n\t\t\thref=\"https:\/\/mills.no\/baerekraftrapport-2022\/ansvarlig-arbeidsgiver\/\"\n\t\t\tclass=\"t2-link-list-item__link t2-link-list__icon--left\"\n\t\t\t\t\t>\n\t\t\t<span class=\"t2-link-list-item__icon\"><span class=\"t2-link-list-item__icon-box\"><\/span><svg xmlns=\"http:\/\/www.w3.org\/2000\/svg\" viewBox=\"0 0 24 24\" height=\"24\" width=\"24\" class=\"t2-icon t2-icon-arrowforward\" aria-hidden=\"true\" focusable=\"false\"><path d=\"M11.3 19.3c-.2-.2-.3-.4-.3-.7 0-.3.1-.5.3-.7l4.9-4.9H5c-.3 0-.5-.1-.7-.3-.2-.2-.3-.4-.3-.7s.1-.5.3-.7c.2-.2.4-.3.7-.3h11.2l-4.9-4.9c-.2-.2-.3-.4-.3-.7 0-.3.1-.5.3-.7.2-.2.4-.3.7-.3s.5.1.7.3l6.6 6.6c.1.1.2.2.2.3 0 .1.1.3.1.4 0 .1 0 .3-.1.4 0 .1-.1.2-.2.3l-6.6 6.6c-.2.2-.4.3-.7.3s-.5-.1-.7-.3z\" fill=\"currentColor\" \/><\/svg><\/span>\t\t\t<div class=\"t2-link-list-item__content\">\n\n\t\t\t\t\n\t\t\t\t<span id=\"link-list-item-text-2\" class=\"t2-link-list-item__text\">\n\t\t\t\t\tAnsvarlig arbeidsgiver\t\t\t\t<\/span>\n\t\t\t\t<span id=\"link-list-item-description-2\" class=\"t2-link-list-item__description\">V\u00e5re medarbeidere skal ha en trygg arbeidsplass, hvor alle trives og opplever utvikling. <\/span>\t\t\t<\/div>\n\t\t<\/a>\n\t<\/li>\n\t\n\n\t<li class=\"t2-link-list-item wp-block-t2-link-list-item\">\n\t\t<a\n\t\t\thref=\"https:\/\/mills.no\/baerekraftrapport-2022\/etikk-og-miljo-i-leverandorkjeden\/\"\n\t\t\tclass=\"t2-link-list-item__link t2-link-list__icon--left\"\n\t\t\t\t\t>\n\t\t\t<span class=\"t2-link-list-item__icon\"><span class=\"t2-link-list-item__icon-box\"><\/span><svg xmlns=\"http:\/\/www.w3.org\/2000\/svg\" viewBox=\"0 0 24 24\" height=\"24\" width=\"24\" class=\"t2-icon t2-icon-arrowforward\" aria-hidden=\"true\" focusable=\"false\"><path d=\"M11.3 19.3c-.2-.2-.3-.4-.3-.7 0-.3.1-.5.3-.7l4.9-4.9H5c-.3 0-.5-.1-.7-.3-.2-.2-.3-.4-.3-.7s.1-.5.3-.7c.2-.2.4-.3.7-.3h11.2l-4.9-4.9c-.2-.2-.3-.4-.3-.7 0-.3.1-.5.3-.7.2-.2.4-.3.7-.3s.5.1.7.3l6.6 6.6c.1.1.2.2.2.3 0 .1.1.3.1.4 0 .1 0 .3-.1.4 0 .1-.1.2-.2.3l-6.6 6.6c-.2.2-.4.3-.7.3s-.5-.1-.7-.3z\" fill=\"currentColor\" \/><\/svg><\/span>\t\t\t<div class=\"t2-link-list-item__content\">\n\n\t\t\t\t\n\t\t\t\t<span id=\"link-list-item-text-3\" class=\"t2-link-list-item__text\">\n\t\t\t\t\tEtikk og milj\u00f8 i leverand\u00f8rkjeden\t\t\t\t<\/span>\n\t\t\t\t<span id=\"link-list-item-description-3\" class=\"t2-link-list-item__description\">Gjennom v\u00e5re mange leverand\u00f8rer p\u00e5virker vi arbeidere og lokalmilj\u00f8 i store deler av verden. Les mer. <\/span>\t\t\t<\/div>\n\t\t<\/a>\n\t<\/li>\n\t\n\n\t<li class=\"t2-link-list-item wp-block-t2-link-list-item\">\n\t\t<a\n\t\t\thref=\"https:\/\/mills.no\/baerekraftrapport-2022\/emballasje\/\"\n\t\t\tclass=\"t2-link-list-item__link t2-link-list__icon--left\"\n\t\t\t\t\t>\n\t\t\t<span class=\"t2-link-list-item__icon\"><span class=\"t2-link-list-item__icon-box\"><\/span><svg xmlns=\"http:\/\/www.w3.org\/2000\/svg\" viewBox=\"0 0 24 24\" height=\"24\" width=\"24\" class=\"t2-icon t2-icon-arrowforward\" aria-hidden=\"true\" focusable=\"false\"><path d=\"M11.3 19.3c-.2-.2-.3-.4-.3-.7 0-.3.1-.5.3-.7l4.9-4.9H5c-.3 0-.5-.1-.7-.3-.2-.2-.3-.4-.3-.7s.1-.5.3-.7c.2-.2.4-.3.7-.3h11.2l-4.9-4.9c-.2-.2-.3-.4-.3-.7 0-.3.1-.5.3-.7.2-.2.4-.3.7-.3s.5.1.7.3l6.6 6.6c.1.1.2.2.2.3 0 .1.1.3.1.4 0 .1 0 .3-.1.4 0 .1-.1.2-.2.3l-6.6 6.6c-.2.2-.4.3-.7.3s-.5-.1-.7-.3z\" fill=\"currentColor\" \/><\/svg><\/span>\t\t\t<div class=\"t2-link-list-item__content\">\n\n\t\t\t\t\n\t\t\t\t<span id=\"link-list-item-text-4\" class=\"t2-link-list-item__text\">\n\t\t\t\t\tEmballasje\t\t\t\t<\/span>\n\t\t\t\t<span id=\"link-list-item-description-4\" class=\"t2-link-list-item__description\">Mindre materialbruk og bytte til materialer som lar seg gjenvinne har stor p\u00e5virkning. \u200bLes mer. <\/span>\t\t\t<\/div>\n\t\t<\/a>\n\t<\/li>\n\t\n\n\t<li class=\"t2-link-list-item wp-block-t2-link-list-item\">\n\t\t<a\n\t\t\thref=\"https:\/\/mills.no\/baerekraftrapport-2022\/matsvinn\/\"\n\t\t\tclass=\"t2-link-list-item__link t2-link-list__icon--left\"\n\t\t\t\t\t>\n\t\t\t<span class=\"t2-link-list-item__icon\"><span class=\"t2-link-list-item__icon-box\"><\/span><svg xmlns=\"http:\/\/www.w3.org\/2000\/svg\" viewBox=\"0 0 24 24\" height=\"24\" width=\"24\" class=\"t2-icon t2-icon-arrowforward\" aria-hidden=\"true\" focusable=\"false\"><path d=\"M11.3 19.3c-.2-.2-.3-.4-.3-.7 0-.3.1-.5.3-.7l4.9-4.9H5c-.3 0-.5-.1-.7-.3-.2-.2-.3-.4-.3-.7s.1-.5.3-.7c.2-.2.4-.3.7-.3h11.2l-4.9-4.9c-.2-.2-.3-.4-.3-.7 0-.3.1-.5.3-.7.2-.2.4-.3.7-.3s.5.1.7.3l6.6 6.6c.1.1.2.2.2.3 0 .1.1.3.1.4 0 .1 0 .3-.1.4 0 .1-.1.2-.2.3l-6.6 6.6c-.2.2-.4.3-.7.3s-.5-.1-.7-.3z\" fill=\"currentColor\" \/><\/svg><\/span>\t\t\t<div class=\"t2-link-list-item__content\">\n\n\t\t\t\t\n\t\t\t\t<span id=\"link-list-item-text-5\" class=\"t2-link-list-item__text\">\n\t\t\t\t\tMatsvinn\t\t\t\t<\/span>\n\t\t\t\t<span id=\"link-list-item-description-5\" class=\"t2-link-list-item__description\">Vi gj\u00f8r alt for \u00e5 redusere matsvinn i egen produksjon.  <\/span>\t\t\t<\/div>\n\t\t<\/a>\n\t<\/li>\n\t\n\n\t<li class=\"t2-link-list-item wp-block-t2-link-list-item\">\n\t\t<a\n\t\t\thref=\"https:\/\/mills.no\/baerekraftrapport-2022\/klima-og-miljo\/\"\n\t\t\tclass=\"t2-link-list-item__link t2-link-list__icon--left\"\n\t\t\t\t\t>\n\t\t\t<span class=\"t2-link-list-item__icon\"><span class=\"t2-link-list-item__icon-box\"><\/span><svg xmlns=\"http:\/\/www.w3.org\/2000\/svg\" viewBox=\"0 0 24 24\" height=\"24\" width=\"24\" class=\"t2-icon t2-icon-arrowforward\" aria-hidden=\"true\" focusable=\"false\"><path d=\"M11.3 19.3c-.2-.2-.3-.4-.3-.7 0-.3.1-.5.3-.7l4.9-4.9H5c-.3 0-.5-.1-.7-.3-.2-.2-.3-.4-.3-.7s.1-.5.3-.7c.2-.2.4-.3.7-.3h11.2l-4.9-4.9c-.2-.2-.3-.4-.3-.7 0-.3.1-.5.3-.7.2-.2.4-.3.7-.3s.5.1.7.3l6.6 6.6c.1.1.2.2.2.3 0 .1.1.3.1.4 0 .1 0 .3-.1.4 0 .1-.1.2-.2.3l-6.6 6.6c-.2.2-.4.3-.7.3s-.5-.1-.7-.3z\" fill=\"currentColor\" \/><\/svg><\/span>\t\t\t<div class=\"t2-link-list-item__content\">\n\n\t\t\t\t\n\t\t\t\t<span id=\"link-list-item-text-6\" class=\"t2-link-list-item__text\">\n\t\t\t\t\tKlima og milj\u00f8\t\t\t\t<\/span>\n\t\t\t\t<span id=\"link-list-item-description-6\" class=\"t2-link-list-item__description\">Bruk av r\u00e5varer, emballasje, produksjon og transport p\u00e5virker klimaavtrykket. <\/span>\t\t\t<\/div>\n\t\t<\/a>\n\t<\/li>\n\t\n\n\t<li class=\"t2-link-list-item wp-block-t2-link-list-item\">\n\t\t<a\n\t\t\thref=\"https:\/\/mills.no\/baerekraftrapport-2022\/samarbeid\/\"\n\t\t\tclass=\"t2-link-list-item__link t2-link-list__icon--left\"\n\t\t\t\t\t>\n\t\t\t<span class=\"t2-link-list-item__icon\"><span class=\"t2-link-list-item__icon-box\"><\/span><svg xmlns=\"http:\/\/www.w3.org\/2000\/svg\" viewBox=\"0 0 24 24\" height=\"24\" width=\"24\" class=\"t2-icon t2-icon-arrowforward\" aria-hidden=\"true\" focusable=\"false\"><path d=\"M11.3 19.3c-.2-.2-.3-.4-.3-.7 0-.3.1-.5.3-.7l4.9-4.9H5c-.3 0-.5-.1-.7-.3-.2-.2-.3-.4-.3-.7s.1-.5.3-.7c.2-.2.4-.3.7-.3h11.2l-4.9-4.9c-.2-.2-.3-.4-.3-.7 0-.3.1-.5.3-.7.2-.2.4-.3.7-.3s.5.1.7.3l6.6 6.6c.1.1.2.2.2.3 0 .1.1.3.1.4 0 .1 0 .3-.1.4 0 .1-.1.2-.2.3l-6.6 6.6c-.2.2-.4.3-.7.3s-.5-.1-.7-.3z\" fill=\"currentColor\" \/><\/svg><\/span>\t\t\t<div class=\"t2-link-list-item__content\">\n\n\t\t\t\t\n\t\t\t\t<span id=\"link-list-item-text-7\" class=\"t2-link-list-item__text\">\n\t\t\t\t\tSamarbeid\t\t\t\t<\/span>\n\t\t\t\t<span id=\"link-list-item-description-7\" class=\"t2-link-list-item__description\">N\u00e6r dialog og smart samarbeid med v\u00e5re interessenter gj\u00f8r at vi n\u00e5r felles m\u00e5l raskere. <\/span>\t\t\t<\/div>\n\t\t<\/a>\n\t<\/li>\n\t\n<\/ul>\n\n\t\t\t<\/div>\n\t\t<\/div>","protected":false},"excerpt":{"rendered":"<p>Vi kan p\u00e5virke dette omr\u00e5det direkte, gjennom produksjon og transport og indirekte gjennom hvilke r\u00e5varer og emballasje vi velger \u00e5&hellip;<\/p>\n","protected":false},"author":2,"featured_media":554,"comment_status":"closed","ping_status":"closed","sticky":false,"template":"","format":"standard","meta":{"_searchwp_excluded":"","footnotes":""},"categories":[1],"tags":[],"class_list":["post-80","post","type-post","status-publish","format-standard","has-post-thumbnail","hentry","category-uncategorized"],"yoast_head":"<!-- This site is optimized with the Yoast SEO Premium plugin v26.9 (Yoast SEO v26.9) - https:\/\/yoast.com\/product\/yoast-seo-premium-wordpress\/ -->\n<title>Klima og milj\u00f8 - Baerekraftrapport 2022<\/title>\n<meta name=\"robots\" content=\"index, follow, max-snippet:-1, max-image-preview:large, max-video-preview:-1\" \/>\n<link rel=\"canonical\" href=\"https:\/\/mills.no\/baerekraftrapport-2022\/klima-og-miljo\/\" \/>\n<meta property=\"og:locale\" content=\"nb_NO\" \/>\n<meta property=\"og:type\" content=\"article\" \/>\n<meta property=\"og:title\" content=\"Klima og milj\u00f8\" \/>\n<meta property=\"og:description\" content=\"Vi kan p\u00e5virke dette omr\u00e5det direkte, gjennom produksjon og transport og indirekte gjennom hvilke r\u00e5varer og emballasje vi velger \u00e5&hellip;\" \/>\n<meta property=\"og:url\" content=\"https:\/\/mills.no\/baerekraftrapport-2022\/klima-og-miljo\/\" \/>\n<meta property=\"og:site_name\" content=\"Baerekraftrapport 2022\" \/>\n<meta property=\"article:published_time\" content=\"2023-03-08T09:41:02+00:00\" \/>\n<meta property=\"article:modified_time\" content=\"2024-02-07T08:17:24+00:00\" \/>\n<meta property=\"og:image\" content=\"https:\/\/mills.no\/content\/uploads\/sites\/18\/2023\/03\/5-Klipp_Agurk-drivhus_EW_1200px.png\" \/>\n\t<meta property=\"og:image:width\" content=\"1200\" \/>\n\t<meta property=\"og:image:height\" content=\"675\" \/>\n\t<meta property=\"og:image:type\" content=\"image\/png\" \/>\n<meta name=\"author\" content=\"Grete\" \/>\n<meta name=\"twitter:card\" content=\"summary_large_image\" \/>\n<meta name=\"twitter:label1\" content=\"Skrevet av\" \/>\n\t<meta name=\"twitter:data1\" content=\"Grete\" \/>\n\t<meta name=\"twitter:label2\" content=\"Ansl. lesetid\" \/>\n\t<meta name=\"twitter:data2\" content=\"9 minutter\" \/>\n<script type=\"application\/ld+json\" class=\"yoast-schema-graph\">{\"@context\":\"https:\/\/schema.org\",\"@graph\":[{\"@type\":\"Article\",\"@id\":\"https:\/\/mills.no\/baerekraftrapport-2022\/klima-og-miljo\/#article\",\"isPartOf\":{\"@id\":\"https:\/\/mills.no\/baerekraftrapport-2022\/klima-og-miljo\/\"},\"author\":{\"name\":\"Grete\",\"@id\":\"https:\/\/mills.no\/baerekraftrapport-2022\/#\/schema\/person\/ab5a3a4aa78c6d908a509ddc011ef4fa\"},\"headline\":\"Klima og milj\u00f8\",\"datePublished\":\"2023-03-08T09:41:02+00:00\",\"dateModified\":\"2024-02-07T08:17:24+00:00\",\"mainEntityOfPage\":{\"@id\":\"https:\/\/mills.no\/baerekraftrapport-2022\/klima-og-miljo\/\"},\"wordCount\":507,\"publisher\":{\"@id\":\"https:\/\/mills.no\/baerekraftrapport-2022\/#organization\"},\"image\":{\"@id\":\"https:\/\/mills.no\/baerekraftrapport-2022\/klima-og-miljo\/#primaryimage\"},\"thumbnailUrl\":\"https:\/\/mills.no\/content\/uploads\/sites\/18\/2023\/03\/5-Klipp_Agurk-drivhus_EW_1200px.png\",\"articleSection\":[\"Uncategorized\"],\"inLanguage\":\"nb-NO\"},{\"@type\":\"WebPage\",\"@id\":\"https:\/\/mills.no\/baerekraftrapport-2022\/klima-og-miljo\/\",\"url\":\"https:\/\/mills.no\/baerekraftrapport-2022\/klima-og-miljo\/\",\"name\":\"Klima og milj\u00f8 - Baerekraftrapport 2022\",\"isPartOf\":{\"@id\":\"https:\/\/mills.no\/baerekraftrapport-2022\/#website\"},\"primaryImageOfPage\":{\"@id\":\"https:\/\/mills.no\/baerekraftrapport-2022\/klima-og-miljo\/#primaryimage\"},\"image\":{\"@id\":\"https:\/\/mills.no\/baerekraftrapport-2022\/klima-og-miljo\/#primaryimage\"},\"thumbnailUrl\":\"https:\/\/mills.no\/content\/uploads\/sites\/18\/2023\/03\/5-Klipp_Agurk-drivhus_EW_1200px.png\",\"datePublished\":\"2023-03-08T09:41:02+00:00\",\"dateModified\":\"2024-02-07T08:17:24+00:00\",\"breadcrumb\":{\"@id\":\"https:\/\/mills.no\/baerekraftrapport-2022\/klima-og-miljo\/#breadcrumb\"},\"inLanguage\":\"nb-NO\",\"potentialAction\":[{\"@type\":\"ReadAction\",\"target\":[\"https:\/\/mills.no\/baerekraftrapport-2022\/klima-og-miljo\/\"]}]},{\"@type\":\"ImageObject\",\"inLanguage\":\"nb-NO\",\"@id\":\"https:\/\/mills.no\/baerekraftrapport-2022\/klima-og-miljo\/#primaryimage\",\"url\":\"https:\/\/mills.no\/content\/uploads\/sites\/18\/2023\/03\/5-Klipp_Agurk-drivhus_EW_1200px.png\",\"contentUrl\":\"https:\/\/mills.no\/content\/uploads\/sites\/18\/2023\/03\/5-Klipp_Agurk-drivhus_EW_1200px.png\",\"width\":1200,\"height\":675},{\"@type\":\"BreadcrumbList\",\"@id\":\"https:\/\/mills.no\/baerekraftrapport-2022\/klima-og-miljo\/#breadcrumb\",\"itemListElement\":[{\"@type\":\"ListItem\",\"position\":1,\"name\":\"Home\",\"item\":\"https:\/\/mills.no\/baerekraftrapport-2022\/\"},{\"@type\":\"ListItem\",\"position\":2,\"name\":\"Klima og milj\u00f8\"}]},{\"@type\":\"WebSite\",\"@id\":\"https:\/\/mills.no\/baerekraftrapport-2022\/#website\",\"url\":\"https:\/\/mills.no\/baerekraftrapport-2022\/\",\"name\":\"Baerekraftrapport 2022\",\"description\":\"\",\"publisher\":{\"@id\":\"https:\/\/mills.no\/baerekraftrapport-2022\/#organization\"},\"potentialAction\":[{\"@type\":\"SearchAction\",\"target\":{\"@type\":\"EntryPoint\",\"urlTemplate\":\"https:\/\/mills.no\/baerekraftrapport-2022\/?s={search_term_string}\"},\"query-input\":{\"@type\":\"PropertyValueSpecification\",\"valueRequired\":true,\"valueName\":\"search_term_string\"}}],\"inLanguage\":\"nb-NO\"},{\"@type\":\"Organization\",\"@id\":\"https:\/\/mills.no\/baerekraftrapport-2022\/#organization\",\"name\":\"Baerekraftrapport 2022\",\"url\":\"https:\/\/mills.no\/baerekraftrapport-2022\/\",\"logo\":{\"@type\":\"ImageObject\",\"inLanguage\":\"nb-NO\",\"@id\":\"https:\/\/mills.no\/baerekraftrapport-2022\/#\/schema\/logo\/image\/\",\"url\":\"https:\/\/mills.no\/content\/uploads\/sites\/18\/2023\/01\/logo_mills_ramme.png\",\"contentUrl\":\"https:\/\/mills.no\/content\/uploads\/sites\/18\/2023\/01\/logo_mills_ramme.png\",\"width\":130,\"height\":72,\"caption\":\"Baerekraftrapport 2022\"},\"image\":{\"@id\":\"https:\/\/mills.no\/baerekraftrapport-2022\/#\/schema\/logo\/image\/\"}},{\"@type\":\"Person\",\"@id\":\"https:\/\/mills.no\/baerekraftrapport-2022\/#\/schema\/person\/ab5a3a4aa78c6d908a509ddc011ef4fa\",\"name\":\"Grete\",\"image\":{\"@type\":\"ImageObject\",\"inLanguage\":\"nb-NO\",\"@id\":\"https:\/\/mills.no\/baerekraftrapport-2022\/#\/schema\/person\/image\/\",\"url\":\"https:\/\/secure.gravatar.com\/avatar\/c9c9df84ea86f0401d58f1d454d71c9a8f39cde9bdde7229c93c6491defdd741?s=96&d=mm&r=g\",\"contentUrl\":\"https:\/\/secure.gravatar.com\/avatar\/c9c9df84ea86f0401d58f1d454d71c9a8f39cde9bdde7229c93c6491defdd741?s=96&d=mm&r=g\",\"caption\":\"Grete\"},\"url\":\"https:\/\/mills.no\/baerekraftrapport-2022\/author\/mills\/\"}]}<\/script>\n<!-- \/ Yoast SEO Premium plugin. -->","yoast_head_json":{"title":"Klima og milj\u00f8 - Baerekraftrapport 2022","robots":{"index":"index","follow":"follow","max-snippet":"max-snippet:-1","max-image-preview":"max-image-preview:large","max-video-preview":"max-video-preview:-1"},"canonical":"https:\/\/mills.no\/baerekraftrapport-2022\/klima-og-miljo\/","og_locale":"nb_NO","og_type":"article","og_title":"Klima og milj\u00f8","og_description":"Vi kan p\u00e5virke dette omr\u00e5det direkte, gjennom produksjon og transport og indirekte gjennom hvilke r\u00e5varer og emballasje vi velger \u00e5&hellip;","og_url":"https:\/\/mills.no\/baerekraftrapport-2022\/klima-og-miljo\/","og_site_name":"Baerekraftrapport 2022","article_published_time":"2023-03-08T09:41:02+00:00","article_modified_time":"2024-02-07T08:17:24+00:00","og_image":[{"width":1200,"height":675,"url":"https:\/\/mills.no\/content\/uploads\/sites\/18\/2023\/03\/5-Klipp_Agurk-drivhus_EW_1200px.png","type":"image\/png"}],"author":"Grete","twitter_card":"summary_large_image","twitter_misc":{"Skrevet av":"Grete","Ansl. lesetid":"9 minutter"},"schema":{"@context":"https:\/\/schema.org","@graph":[{"@type":"Article","@id":"https:\/\/mills.no\/baerekraftrapport-2022\/klima-og-miljo\/#article","isPartOf":{"@id":"https:\/\/mills.no\/baerekraftrapport-2022\/klima-og-miljo\/"},"author":{"name":"Grete","@id":"https:\/\/mills.no\/baerekraftrapport-2022\/#\/schema\/person\/ab5a3a4aa78c6d908a509ddc011ef4fa"},"headline":"Klima og milj\u00f8","datePublished":"2023-03-08T09:41:02+00:00","dateModified":"2024-02-07T08:17:24+00:00","mainEntityOfPage":{"@id":"https:\/\/mills.no\/baerekraftrapport-2022\/klima-og-miljo\/"},"wordCount":507,"publisher":{"@id":"https:\/\/mills.no\/baerekraftrapport-2022\/#organization"},"image":{"@id":"https:\/\/mills.no\/baerekraftrapport-2022\/klima-og-miljo\/#primaryimage"},"thumbnailUrl":"https:\/\/mills.no\/content\/uploads\/sites\/18\/2023\/03\/5-Klipp_Agurk-drivhus_EW_1200px.png","articleSection":["Uncategorized"],"inLanguage":"nb-NO"},{"@type":"WebPage","@id":"https:\/\/mills.no\/baerekraftrapport-2022\/klima-og-miljo\/","url":"https:\/\/mills.no\/baerekraftrapport-2022\/klima-og-miljo\/","name":"Klima og milj\u00f8 - Baerekraftrapport 2022","isPartOf":{"@id":"https:\/\/mills.no\/baerekraftrapport-2022\/#website"},"primaryImageOfPage":{"@id":"https:\/\/mills.no\/baerekraftrapport-2022\/klima-og-miljo\/#primaryimage"},"image":{"@id":"https:\/\/mills.no\/baerekraftrapport-2022\/klima-og-miljo\/#primaryimage"},"thumbnailUrl":"https:\/\/mills.no\/content\/uploads\/sites\/18\/2023\/03\/5-Klipp_Agurk-drivhus_EW_1200px.png","datePublished":"2023-03-08T09:41:02+00:00","dateModified":"2024-02-07T08:17:24+00:00","breadcrumb":{"@id":"https:\/\/mills.no\/baerekraftrapport-2022\/klima-og-miljo\/#breadcrumb"},"inLanguage":"nb-NO","potentialAction":[{"@type":"ReadAction","target":["https:\/\/mills.no\/baerekraftrapport-2022\/klima-og-miljo\/"]}]},{"@type":"ImageObject","inLanguage":"nb-NO","@id":"https:\/\/mills.no\/baerekraftrapport-2022\/klima-og-miljo\/#primaryimage","url":"https:\/\/mills.no\/content\/uploads\/sites\/18\/2023\/03\/5-Klipp_Agurk-drivhus_EW_1200px.png","contentUrl":"https:\/\/mills.no\/content\/uploads\/sites\/18\/2023\/03\/5-Klipp_Agurk-drivhus_EW_1200px.png","width":1200,"height":675},{"@type":"BreadcrumbList","@id":"https:\/\/mills.no\/baerekraftrapport-2022\/klima-og-miljo\/#breadcrumb","itemListElement":[{"@type":"ListItem","position":1,"name":"Home","item":"https:\/\/mills.no\/baerekraftrapport-2022\/"},{"@type":"ListItem","position":2,"name":"Klima og milj\u00f8"}]},{"@type":"WebSite","@id":"https:\/\/mills.no\/baerekraftrapport-2022\/#website","url":"https:\/\/mills.no\/baerekraftrapport-2022\/","name":"Baerekraftrapport 2022","description":"","publisher":{"@id":"https:\/\/mills.no\/baerekraftrapport-2022\/#organization"},"potentialAction":[{"@type":"SearchAction","target":{"@type":"EntryPoint","urlTemplate":"https:\/\/mills.no\/baerekraftrapport-2022\/?s={search_term_string}"},"query-input":{"@type":"PropertyValueSpecification","valueRequired":true,"valueName":"search_term_string"}}],"inLanguage":"nb-NO"},{"@type":"Organization","@id":"https:\/\/mills.no\/baerekraftrapport-2022\/#organization","name":"Baerekraftrapport 2022","url":"https:\/\/mills.no\/baerekraftrapport-2022\/","logo":{"@type":"ImageObject","inLanguage":"nb-NO","@id":"https:\/\/mills.no\/baerekraftrapport-2022\/#\/schema\/logo\/image\/","url":"https:\/\/mills.no\/content\/uploads\/sites\/18\/2023\/01\/logo_mills_ramme.png","contentUrl":"https:\/\/mills.no\/content\/uploads\/sites\/18\/2023\/01\/logo_mills_ramme.png","width":130,"height":72,"caption":"Baerekraftrapport 2022"},"image":{"@id":"https:\/\/mills.no\/baerekraftrapport-2022\/#\/schema\/logo\/image\/"}},{"@type":"Person","@id":"https:\/\/mills.no\/baerekraftrapport-2022\/#\/schema\/person\/ab5a3a4aa78c6d908a509ddc011ef4fa","name":"Grete","image":{"@type":"ImageObject","inLanguage":"nb-NO","@id":"https:\/\/mills.no\/baerekraftrapport-2022\/#\/schema\/person\/image\/","url":"https:\/\/secure.gravatar.com\/avatar\/c9c9df84ea86f0401d58f1d454d71c9a8f39cde9bdde7229c93c6491defdd741?s=96&d=mm&r=g","contentUrl":"https:\/\/secure.gravatar.com\/avatar\/c9c9df84ea86f0401d58f1d454d71c9a8f39cde9bdde7229c93c6491defdd741?s=96&d=mm&r=g","caption":"Grete"},"url":"https:\/\/mills.no\/baerekraftrapport-2022\/author\/mills\/"}]}},"_links":{"self":[{"href":"https:\/\/mills.no\/baerekraftrapport-2022\/wp-json\/wp\/v2\/posts\/80","targetHints":{"allow":["GET"]}}],"collection":[{"href":"https:\/\/mills.no\/baerekraftrapport-2022\/wp-json\/wp\/v2\/posts"}],"about":[{"href":"https:\/\/mills.no\/baerekraftrapport-2022\/wp-json\/wp\/v2\/types\/post"}],"author":[{"embeddable":true,"href":"https:\/\/mills.no\/baerekraftrapport-2022\/wp-json\/wp\/v2\/users\/2"}],"replies":[{"embeddable":true,"href":"https:\/\/mills.no\/baerekraftrapport-2022\/wp-json\/wp\/v2\/comments?post=80"}],"version-history":[{"count":55,"href":"https:\/\/mills.no\/baerekraftrapport-2022\/wp-json\/wp\/v2\/posts\/80\/revisions"}],"predecessor-version":[{"id":938,"href":"https:\/\/mills.no\/baerekraftrapport-2022\/wp-json\/wp\/v2\/posts\/80\/revisions\/938"}],"wp:featuredmedia":[{"embeddable":true,"href":"https:\/\/mills.no\/baerekraftrapport-2022\/wp-json\/wp\/v2\/media\/554"}],"wp:attachment":[{"href":"https:\/\/mills.no\/baerekraftrapport-2022\/wp-json\/wp\/v2\/media?parent=80"}],"wp:term":[{"taxonomy":"category","embeddable":true,"href":"https:\/\/mills.no\/baerekraftrapport-2022\/wp-json\/wp\/v2\/categories?post=80"},{"taxonomy":"post_tag","embeddable":true,"href":"https:\/\/mills.no\/baerekraftrapport-2022\/wp-json\/wp\/v2\/tags?post=80"}],"curies":[{"name":"wp","href":"https:\/\/api.w.org\/{rel}","templated":true}]}}