{"id":1304,"date":"2019-08-05T12:18:35","date_gmt":"2019-08-05T10:18:35","guid":{"rendered":"https:\/\/mills.no\/melange\/kakeoppskrifter\/"},"modified":"2024-02-07T09:15:47","modified_gmt":"2024-02-07T08:15:47","slug":"kakeoppskrifter","status":"publish","type":"post","link":"https:\/\/mills.no\/melange\/kakeoppskrifter\/","title":{"rendered":"Kakeoppskrifter"},"content":{"rendered":"<div class=\"mills-block-featured alignwide alignwide wp-block-mills-block-featured\"><img loading=\"lazy\" decoding=\"async\" width=\"1600\" height=\"1002\" style=\"width:100%;height:100%;object-fit:cover\" src=\"https:\/\/mills.no\/content\/uploads\/sites\/3\/2019\/08\/Daimkake-i-langpanne.jpg\" class=\"wp-block-cover__image-background\" alt=\"Daimkake i langpanne\" srcset=\"https:\/\/mills.no\/content\/uploads\/sites\/3\/2019\/08\/Daimkake-i-langpanne.jpg 1600w, https:\/\/mills.no\/content\/uploads\/sites\/3\/2019\/08\/Daimkake-i-langpanne-300x188.jpg 300w, https:\/\/mills.no\/content\/uploads\/sites\/3\/2019\/08\/Daimkake-i-langpanne-1024x641.jpg 1024w, https:\/\/mills.no\/content\/uploads\/sites\/3\/2019\/08\/Daimkake-i-langpanne-768x481.jpg 768w, https:\/\/mills.no\/content\/uploads\/sites\/3\/2019\/08\/Daimkake-i-langpanne-1536x962.jpg 1536w, https:\/\/mills.no\/content\/uploads\/sites\/3\/2019\/08\/Daimkake-i-langpanne-80x50.jpg 80w\" sizes=\"auto, (max-width: 1600px) 100vw, 1600px\" \/><div class=\"wp-block-cover__inner-container\">\n<h1 class=\"has-text-align-center wp-block-post-title has-text-color has-neutral-1000-color\">Kakeoppskrifter<\/h1>\n\n<p class=\"t2-ingress has-text-align-center align wp-block-t2-ingress\">Her har vi samlet alle v\u00e5re kakeoppskrifter &#8211; alt fra daimkake og ostekake, til eplekake og pavlova. Her er det noe for enhver smak og anledning.\n<\/p>\n<\/div><\/div>\n\n\n\t\t<div class=\"has-background has-neutral-50-background-color is-style-vertical-spacing is-style-horizontal-spacing alignwide wp-block-mills-section has-background has-neutral-50-background-color\">\n\t\t\t<div class=\"wp-block-mills-section__inner alignwide\">\n\t\t\t\t\n<div class=\"t2-featured-content-layout alignwide alignwide wp-block-t2-featured-content-layout\" role=\"list\">\n<div class=\"t2-featured-single-post t2-featured-content is-post-type-recipe brand-melange recipe_category-kaker-kos recipe_topic-bursdag recipe_topic-paske wp-block-t2-featured-single-post\" role=\"listitem\"><a class=\"t2-post-link wp-block-t2-post-link\" href=\"https:\/\/mills.no\/melange\/oppskrift\/appelsinkake-frisk-melisglasur\/\">\n<figure style=\"--t2-focal-point: 50% 50%;\" class=\"t2-post-featured-image has-image-ratio-16-9 wp-block-t2-post-featured-image\"><img loading=\"lazy\" decoding=\"async\" width=\"1600\" height=\"1067\" src=\"https:\/\/mills.no\/content\/uploads\/2018\/04\/Appelsinkake.jpg\" class=\"attachment-medium-large size-medium-large wp-post-image\" alt=\"Appelsinkake\" srcset=\"https:\/\/mills.no\/content\/uploads\/2018\/04\/Appelsinkake.jpg 1600w, https:\/\/mills.no\/content\/uploads\/2018\/04\/Appelsinkake-300x200.jpg 300w, https:\/\/mills.no\/content\/uploads\/2018\/04\/Appelsinkake-1024x683.jpg 1024w, https:\/\/mills.no\/content\/uploads\/2018\/04\/Appelsinkake-768x512.jpg 768w, https:\/\/mills.no\/content\/uploads\/2018\/04\/Appelsinkake-1536x1024.jpg 1536w, https:\/\/mills.no\/content\/uploads\/2018\/04\/Appelsinkake-80x53.jpg 80w\" sizes=\"auto, (max-width: 1600px) 100vw, 1600px\" \/><\/figure>\n\n<div class=\"wp-block-group alignfull is-layout-flow wp-block-group-is-layout-flow\">\n\t<h2 class=\"t2-post-title wp-block-t2-post-title\">Appelsinkake med frisk melisglasur<\/h2>\n\t<div class=\"t2-post-excerpt wp-block-t2-post-excerpt\"><p>Dette er en frisk kake med nydelig smak av appelsin og en enkel, syrlig glasur. Den er lett \u00e5 slenge&hellip;<\/p><\/div>\n\t\n\t\t<div class=\"wp-block-mills-block-recipe-info\">\n\t\t\t<div class=\"mills-block-recipe-info-item mills-block-recipe-info-item--difficulty\">Enkel<\/div>\n\t\t\t<div class=\"mills-block-recipe-info-item mills-block-recipe-info-item--time\">1 t<\/div>\n\t\t<\/div>\n<\/div>\n\n<\/a>\n<\/div>\n\n<div class=\"t2-featured-single-post t2-featured-content is-post-type-recipe brand-melange recipe_category-kaker-kos recipe_topic-bakst recipe_topic-langpannekake wp-block-t2-featured-single-post\" role=\"listitem\"><a class=\"t2-post-link wp-block-t2-post-link\" href=\"https:\/\/mills.no\/melange\/oppskrift\/banankake-i-langpanne\/\">\n<figure style=\"--t2-focal-point: 50% 50%;\" class=\"t2-post-featured-image has-image-ratio-16-9 wp-block-t2-post-featured-image\"><img loading=\"lazy\" decoding=\"async\" width=\"1600\" height=\"1067\" src=\"https:\/\/mills.no\/content\/uploads\/2018\/03\/Banankake-i-langpanne.jpg\" class=\"attachment-medium-large size-medium-large wp-post-image\" alt=\"Banankake i langpanne\" srcset=\"https:\/\/mills.no\/content\/uploads\/2018\/03\/Banankake-i-langpanne.jpg 1600w, https:\/\/mills.no\/content\/uploads\/2018\/03\/Banankake-i-langpanne-300x200.jpg 300w, https:\/\/mills.no\/content\/uploads\/2018\/03\/Banankake-i-langpanne-1024x683.jpg 1024w, https:\/\/mills.no\/content\/uploads\/2018\/03\/Banankake-i-langpanne-768x512.jpg 768w, https:\/\/mills.no\/content\/uploads\/2018\/03\/Banankake-i-langpanne-1536x1024.jpg 1536w, https:\/\/mills.no\/content\/uploads\/2018\/03\/Banankake-i-langpanne-80x53.jpg 80w\" sizes=\"auto, (max-width: 1600px) 100vw, 1600px\" \/><\/figure>\n\n<div class=\"wp-block-group alignfull is-layout-flow wp-block-group-is-layout-flow\">\n\t<h2 class=\"t2-post-title wp-block-t2-post-title\">Banankake i langpanne<\/h2>\n\t<div class=\"t2-post-excerpt wp-block-t2-post-excerpt\"><p>Har du bananer i fruktkurven som begynner \u00e5 bli litt vel brune? Da passer det perfekt \u00e5 bake banankake. De&hellip;<\/p><\/div>\n\t\n\t\t<div class=\"wp-block-mills-block-recipe-info\">\n\t\t\t<div class=\"mills-block-recipe-info-item mills-block-recipe-info-item--difficulty\">Enkel<\/div>\n\t\t\t<div class=\"mills-block-recipe-info-item mills-block-recipe-info-item--time\">55 min<\/div>\n\t\t<\/div>\n<\/div>\n\n<\/a>\n<\/div>\n\n<div class=\"t2-featured-single-post t2-featured-content is-post-type-recipe brand-melange recipe_category-kaker-kos wp-block-t2-featured-single-post\" role=\"listitem\"><a class=\"t2-post-link wp-block-t2-post-link\" href=\"https:\/\/mills.no\/melange\/oppskrift\/blondies-hvit-sjokolade-macadamianotter\/\">\n<figure style=\"--t2-focal-point: 50% 50%;\" class=\"t2-post-featured-image has-image-ratio-16-9 wp-block-t2-post-featured-image\"><img loading=\"lazy\" decoding=\"async\" width=\"1920\" height=\"930\" src=\"https:\/\/mills.no\/content\/uploads\/2017\/03\/blondies.jpg\" class=\"attachment-medium-large size-medium-large wp-post-image\" alt=\"blondies brownies kake\" srcset=\"https:\/\/mills.no\/content\/uploads\/2017\/03\/blondies.jpg 1920w, https:\/\/mills.no\/content\/uploads\/2017\/03\/blondies-300x145.jpg 300w, https:\/\/mills.no\/content\/uploads\/2017\/03\/blondies-1024x496.jpg 1024w, https:\/\/mills.no\/content\/uploads\/2017\/03\/blondies-768x372.jpg 768w, https:\/\/mills.no\/content\/uploads\/2017\/03\/blondies-1536x744.jpg 1536w, https:\/\/mills.no\/content\/uploads\/2017\/03\/blondies-80x39.jpg 80w\" sizes=\"auto, (max-width: 1920px) 100vw, 1920px\" \/><\/figure>\n\n<div class=\"wp-block-group alignfull is-layout-flow wp-block-group-is-layout-flow\">\n\t<h2 class=\"t2-post-title wp-block-t2-post-title\">Blondies med hvit sjokolade og macadamian\u00f8tter<\/h2>\n\t<div class=\"t2-post-excerpt wp-block-t2-post-excerpt\"><p>Blondies er kanskje den mindre kjente slektningen til brownies, men den er minst like fantastisk p\u00e5 smak og like lett&hellip;<\/p><\/div>\n\t\n\t\t<div class=\"wp-block-mills-block-recipe-info\">\n\t\t\t<div class=\"mills-block-recipe-info-item mills-block-recipe-info-item--difficulty\">Enkel<\/div>\n\t\t\t<div class=\"mills-block-recipe-info-item mills-block-recipe-info-item--time\">55 min<\/div>\n\t\t<\/div>\n<\/div>\n\n<\/a>\n<\/div>\n\n<div class=\"t2-featured-single-post t2-featured-content is-post-type-recipe brand-melange recipe_category-kaker-kos wp-block-t2-featured-single-post\" role=\"listitem\"><a class=\"t2-post-link wp-block-t2-post-link\" href=\"https:\/\/mills.no\/melange\/oppskrift\/blabaerkake-med-sitronglasur\/\">\n<figure style=\"--t2-focal-point: 50% 50%;\" class=\"t2-post-featured-image has-image-ratio-16-9 wp-block-t2-post-featured-image\"><img loading=\"lazy\" decoding=\"async\" width=\"1600\" height=\"1043\" src=\"https:\/\/mills.no\/content\/uploads\/2018\/06\/BlC3A5bC3A6rkake-med-sitronglasur.jpg\" class=\"attachment-medium-large size-medium-large wp-post-image\" alt=\"Bl\u00e5b\u00e6rkake med sitronglasur\" srcset=\"https:\/\/mills.no\/content\/uploads\/2018\/06\/BlC3A5bC3A6rkake-med-sitronglasur.jpg 1600w, https:\/\/mills.no\/content\/uploads\/2018\/06\/BlC3A5bC3A6rkake-med-sitronglasur-300x196.jpg 300w, https:\/\/mills.no\/content\/uploads\/2018\/06\/BlC3A5bC3A6rkake-med-sitronglasur-1024x668.jpg 1024w, https:\/\/mills.no\/content\/uploads\/2018\/06\/BlC3A5bC3A6rkake-med-sitronglasur-768x501.jpg 768w, https:\/\/mills.no\/content\/uploads\/2018\/06\/BlC3A5bC3A6rkake-med-sitronglasur-1536x1001.jpg 1536w, https:\/\/mills.no\/content\/uploads\/2018\/06\/BlC3A5bC3A6rkake-med-sitronglasur-80x52.jpg 80w\" sizes=\"auto, (max-width: 1600px) 100vw, 1600px\" \/><\/figure>\n\n<div class=\"wp-block-group alignfull is-layout-flow wp-block-group-is-layout-flow\">\n\t<h2 class=\"t2-post-title wp-block-t2-post-title\">Bl\u00e5b\u00e6rkake med sitronglasur<\/h2>\n\t<div class=\"t2-post-excerpt wp-block-t2-post-excerpt\"><p>Denne kaken er fylt med bl\u00e5b\u00e6r som b\u00e5de gir god smak og gj\u00f8r kaken ekstra saftig. Den syrlige melisglasuren g\u00e5r&hellip;<\/p><\/div>\n\t\n\t\t<div class=\"wp-block-mills-block-recipe-info\">\n\t\t\t<div class=\"mills-block-recipe-info-item mills-block-recipe-info-item--difficulty\">Enkel<\/div>\n\t\t\t<div class=\"mills-block-recipe-info-item mills-block-recipe-info-item--time\">1 t<\/div>\n\t\t<\/div>\n<\/div>\n\n<\/a>\n<\/div>\n\n<div class=\"t2-featured-single-post t2-featured-content is-post-type-recipe brand-melange recipe_category-kaker-kos recipe_topic-17-mai wp-block-t2-featured-single-post\" role=\"listitem\"><a class=\"t2-post-link wp-block-t2-post-link\" href=\"https:\/\/mills.no\/melange\/oppskrift\/blotkake-med-vaniljekrem\/\">\n<figure style=\"--t2-focal-point: 50% 50%;\" class=\"t2-post-featured-image has-image-ratio-16-9 wp-block-t2-post-featured-image\"><img loading=\"lazy\" decoding=\"async\" width=\"1600\" height=\"984\" src=\"https:\/\/mills.no\/content\/uploads\/2018\/04\/BlC3B8tkake-med-vaniljekrem.jpg\" class=\"attachment-medium-large size-medium-large wp-post-image\" alt=\"Bl\u00f8tkake med vaniljekrem\" srcset=\"https:\/\/mills.no\/content\/uploads\/2018\/04\/BlC3B8tkake-med-vaniljekrem.jpg 1600w, https:\/\/mills.no\/content\/uploads\/2018\/04\/BlC3B8tkake-med-vaniljekrem-300x185.jpg 300w, https:\/\/mills.no\/content\/uploads\/2018\/04\/BlC3B8tkake-med-vaniljekrem-1024x630.jpg 1024w, https:\/\/mills.no\/content\/uploads\/2018\/04\/BlC3B8tkake-med-vaniljekrem-768x472.jpg 768w, https:\/\/mills.no\/content\/uploads\/2018\/04\/BlC3B8tkake-med-vaniljekrem-1536x945.jpg 1536w, https:\/\/mills.no\/content\/uploads\/2018\/04\/BlC3B8tkake-med-vaniljekrem-80x49.jpg 80w\" sizes=\"auto, (max-width: 1600px) 100vw, 1600px\" \/><\/figure>\n\n<div class=\"wp-block-group alignfull is-layout-flow wp-block-group-is-layout-flow\">\n\t<h2 class=\"t2-post-title wp-block-t2-post-title\">Bl\u00f8tkake med vaniljekrem<\/h2>\n\t<div class=\"t2-post-excerpt wp-block-t2-post-excerpt\"><p>Bl\u00f8tkake med vaniljekrem og friske b\u00e6r er den ultimate festkaken. Pyntet med b\u00e6r i flaggets farger passer den ogs\u00e5 perfekt&hellip;<\/p><\/div>\n\t\n\t\t<div class=\"wp-block-mills-block-recipe-info\">\n\t\t\t<div class=\"mills-block-recipe-info-item mills-block-recipe-info-item--difficulty\">Middels<\/div>\n\t\t\t<div class=\"mills-block-recipe-info-item mills-block-recipe-info-item--time\">1 t 30 min<\/div>\n\t\t<\/div>\n<\/div>\n\n<\/a>\n<\/div>\n\n<div class=\"t2-featured-single-post t2-featured-content is-post-type-recipe brand-melange recipe_category-jul recipe_category-kaker-kos recipe_topic-17-mai recipe_topic-sjokolade wp-block-t2-featured-single-post\" role=\"listitem\"><a class=\"t2-post-link wp-block-t2-post-link\" href=\"https:\/\/mills.no\/melange\/oppskrift\/brownies\/\">\n<figure style=\"--t2-focal-point: 50% 50%;\" class=\"t2-post-featured-image has-image-ratio-16-9 wp-block-t2-post-featured-image\"><img loading=\"lazy\" decoding=\"async\" width=\"1600\" height=\"1067\" src=\"https:\/\/mills.no\/content\/uploads\/2016\/10\/Klassiske-brownies.jpg\" class=\"attachment-medium-large size-medium-large wp-post-image\" alt=\"\" srcset=\"https:\/\/mills.no\/content\/uploads\/2016\/10\/Klassiske-brownies.jpg 1600w, https:\/\/mills.no\/content\/uploads\/2016\/10\/Klassiske-brownies-300x200.jpg 300w, https:\/\/mills.no\/content\/uploads\/2016\/10\/Klassiske-brownies-1024x683.jpg 1024w, https:\/\/mills.no\/content\/uploads\/2016\/10\/Klassiske-brownies-768x512.jpg 768w, https:\/\/mills.no\/content\/uploads\/2016\/10\/Klassiske-brownies-1536x1024.jpg 1536w, https:\/\/mills.no\/content\/uploads\/2016\/10\/Klassiske-brownies-80x53.jpg 80w\" sizes=\"auto, (max-width: 1600px) 100vw, 1600px\" \/><\/figure>\n\n<div class=\"wp-block-group alignfull is-layout-flow wp-block-group-is-layout-flow\">\n\t<h2 class=\"t2-post-title wp-block-t2-post-title\">Brownies<\/h2>\n\t<div class=\"t2-post-excerpt wp-block-t2-post-excerpt\"><p>En klassisk brownie med saftig og seig kjerne og spr\u00f8 topp er enhver sjokoladeelskers dr\u00f8m. Det er ikke vanskelig \u00e5&hellip;<\/p><\/div>\n\t\n\t\t<div class=\"wp-block-mills-block-recipe-info\">\n\t\t\t<div class=\"mills-block-recipe-info-item mills-block-recipe-info-item--difficulty\">Enkel<\/div>\n\t\t\t<div class=\"mills-block-recipe-info-item mills-block-recipe-info-item--time\">1 t<\/div>\n\t\t<\/div>\n<\/div>\n\n<\/a>\n<\/div>\n\n<div class=\"t2-featured-single-post t2-featured-content is-post-type-recipe brand-melange recipe_category-kaker-kos recipe_topic-sjokolade wp-block-t2-featured-single-post\" role=\"listitem\"><a class=\"t2-post-link wp-block-t2-post-link\" href=\"https:\/\/mills.no\/melange\/oppskrift\/brownies-karamell-sjokolade\/\">\n<figure style=\"--t2-focal-point: 50% 50%;\" class=\"t2-post-featured-image has-image-ratio-16-9 wp-block-t2-post-featured-image\"><img loading=\"lazy\" decoding=\"async\" width=\"1600\" height=\"1023\" src=\"https:\/\/mills.no\/content\/uploads\/2018\/06\/Brownie-med-karamell.jpg\" class=\"attachment-medium-large size-medium-large wp-post-image\" alt=\"Brownies med karamell og sjokolade\" srcset=\"https:\/\/mills.no\/content\/uploads\/2018\/06\/Brownie-med-karamell.jpg 1600w, https:\/\/mills.no\/content\/uploads\/2018\/06\/Brownie-med-karamell-300x192.jpg 300w, https:\/\/mills.no\/content\/uploads\/2018\/06\/Brownie-med-karamell-1024x655.jpg 1024w, https:\/\/mills.no\/content\/uploads\/2018\/06\/Brownie-med-karamell-768x491.jpg 768w, https:\/\/mills.no\/content\/uploads\/2018\/06\/Brownie-med-karamell-1536x982.jpg 1536w, https:\/\/mills.no\/content\/uploads\/2018\/06\/Brownie-med-karamell-80x51.jpg 80w\" sizes=\"auto, (max-width: 1600px) 100vw, 1600px\" \/><\/figure>\n\n<div class=\"wp-block-group alignfull is-layout-flow wp-block-group-is-layout-flow\">\n\t<h2 class=\"t2-post-title wp-block-t2-post-title\">Brownies med karamell og sjokolade<\/h2>\n\t<div class=\"t2-post-excerpt wp-block-t2-post-excerpt\"><p>Denne brownien byr p\u00e5 en fl\u00f8yelsmyk smaksopplevelse med den alltid popul\u00e6re kombinasjonen av karamell og sjokolade. Kaken lages enkelt med&hellip;<\/p><\/div>\n\t\n\t\t<div class=\"wp-block-mills-block-recipe-info\">\n\t\t\t<div class=\"mills-block-recipe-info-item mills-block-recipe-info-item--difficulty\">Enkel<\/div>\n\t\t\t<div class=\"mills-block-recipe-info-item mills-block-recipe-info-item--time\">50 min<\/div>\n\t\t<\/div>\n<\/div>\n\n<\/a>\n<\/div>\n\n<div class=\"t2-featured-single-post t2-featured-content is-post-type-recipe brand-mills recipe_category-kaker-kos wp-block-t2-featured-single-post\" role=\"listitem\"><a class=\"t2-post-link wp-block-t2-post-link\" href=\"https:\/\/mills.no\/mills\/oppskrift\/brownie-med-peanottsmor\/\">\n<figure style=\"--t2-focal-point: 50% 50%;\" class=\"t2-post-featured-image has-image-ratio-16-9 wp-block-t2-post-featured-image\"><img loading=\"lazy\" decoding=\"async\" width=\"1920\" height=\"1099\" src=\"https:\/\/mills.no\/content\/uploads\/2016\/06\/brownies1.jpg\" class=\"attachment-medium-large size-medium-large wp-post-image\" alt=\"Brownie\" srcset=\"https:\/\/mills.no\/content\/uploads\/2016\/06\/brownies1.jpg 1920w, https:\/\/mills.no\/content\/uploads\/2016\/06\/brownies1-300x172.jpg 300w, https:\/\/mills.no\/content\/uploads\/2016\/06\/brownies1-1024x586.jpg 1024w, https:\/\/mills.no\/content\/uploads\/2016\/06\/brownies1-768x440.jpg 768w, https:\/\/mills.no\/content\/uploads\/2016\/06\/brownies1-1536x879.jpg 1536w, https:\/\/mills.no\/content\/uploads\/2016\/06\/brownies1-80x46.jpg 80w\" sizes=\"auto, (max-width: 1920px) 100vw, 1920px\" \/><\/figure>\n\n<div class=\"wp-block-group alignfull is-layout-flow wp-block-group-is-layout-flow\">\n\t<h2 class=\"t2-post-title wp-block-t2-post-title\">Brownie med pean\u00f8ttsm\u00f8r<\/h2>\n\t<div class=\"t2-post-excerpt wp-block-t2-post-excerpt\"><p>M\u00f8rk og fyldig brownies, med masse sjokolade og salt pean\u00f8ttsm\u00f8r, som smelter i munnen. Lages kjapt og enkelt i en&hellip;<\/p><\/div>\n\t\n\t\t<div class=\"wp-block-mills-block-recipe-info\">\n\t\t\t<div class=\"mills-block-recipe-info-item mills-block-recipe-info-item--difficulty\">Enkel<\/div>\n\t\t\t<div class=\"mills-block-recipe-info-item mills-block-recipe-info-item--time\">50 min<\/div>\n\t\t<\/div>\n<\/div>\n\n<\/a>\n<\/div>\n\n<div class=\"t2-featured-single-post t2-featured-content is-post-type-recipe brand-melange recipe_category-kaker-kos recipe_topic-sjokolade wp-block-t2-featured-single-post\" role=\"listitem\"><a class=\"t2-post-link wp-block-t2-post-link\" href=\"https:\/\/mills.no\/melange\/oppskrift\/brownies-med-ostekrem\/\">\n<figure style=\"--t2-focal-point: 50% 50%;\" class=\"t2-post-featured-image has-image-ratio-16-9 wp-block-t2-post-featured-image\"><img loading=\"lazy\" decoding=\"async\" width=\"1600\" height=\"1067\" src=\"https:\/\/mills.no\/content\/uploads\/2018\/06\/Brownie-med-ostekrem.jpg\" class=\"attachment-medium-large size-medium-large wp-post-image\" alt=\"Brownie med ostekrem\" srcset=\"https:\/\/mills.no\/content\/uploads\/2018\/06\/Brownie-med-ostekrem.jpg 1600w, https:\/\/mills.no\/content\/uploads\/2018\/06\/Brownie-med-ostekrem-300x200.jpg 300w, https:\/\/mills.no\/content\/uploads\/2018\/06\/Brownie-med-ostekrem-1024x683.jpg 1024w, https:\/\/mills.no\/content\/uploads\/2018\/06\/Brownie-med-ostekrem-768x512.jpg 768w, https:\/\/mills.no\/content\/uploads\/2018\/06\/Brownie-med-ostekrem-1536x1024.jpg 1536w, https:\/\/mills.no\/content\/uploads\/2018\/06\/Brownie-med-ostekrem-80x53.jpg 80w\" sizes=\"auto, (max-width: 1600px) 100vw, 1600px\" \/><\/figure>\n\n<div class=\"wp-block-group alignfull is-layout-flow wp-block-group-is-layout-flow\">\n\t<h2 class=\"t2-post-title wp-block-t2-post-title\">Brownies med ostekrem<\/h2>\n\t<div class=\"t2-post-excerpt wp-block-t2-post-excerpt\"><p>I denne oppskriften har vi samlet to popul\u00e6re kaker, nemlig brownies og ostekake. Resultatet er myke brownies toppet med en&hellip;<\/p><\/div>\n\t\n\t\t<div class=\"wp-block-mills-block-recipe-info\">\n\t\t\t<div class=\"mills-block-recipe-info-item mills-block-recipe-info-item--difficulty\">Enkel<\/div>\n\t\t\t<div class=\"mills-block-recipe-info-item mills-block-recipe-info-item--time\">1 t<\/div>\n\t\t<\/div>\n<\/div>\n\n<\/a>\n<\/div>\n\n<div class=\"t2-featured-single-post t2-featured-content is-post-type-recipe brand-melange recipe_category-kaker-kos recipe_topic-sjokolade wp-block-t2-featured-single-post\" role=\"listitem\"><a class=\"t2-post-link wp-block-t2-post-link\" href=\"https:\/\/mills.no\/melange\/oppskrift\/brownies-med-peanottsmor-og-syltetoy\/\">\n<figure style=\"--t2-focal-point: 50% 50%;\" class=\"t2-post-featured-image has-image-ratio-16-9 wp-block-t2-post-featured-image\"><img loading=\"lazy\" decoding=\"async\" width=\"1600\" height=\"1067\" src=\"https:\/\/mills.no\/content\/uploads\/2018\/06\/Brownie-med-peanC3B8ttsmC3B8r-og-syltetC3B8y.jpg\" class=\"attachment-medium-large size-medium-large wp-post-image\" alt=\"Brownies med pean\u00f8ttsm\u00f8r og syltet\u00f8y\" srcset=\"https:\/\/mills.no\/content\/uploads\/2018\/06\/Brownie-med-peanC3B8ttsmC3B8r-og-syltetC3B8y.jpg 1600w, https:\/\/mills.no\/content\/uploads\/2018\/06\/Brownie-med-peanC3B8ttsmC3B8r-og-syltetC3B8y-300x200.jpg 300w, https:\/\/mills.no\/content\/uploads\/2018\/06\/Brownie-med-peanC3B8ttsmC3B8r-og-syltetC3B8y-1024x683.jpg 1024w, https:\/\/mills.no\/content\/uploads\/2018\/06\/Brownie-med-peanC3B8ttsmC3B8r-og-syltetC3B8y-768x512.jpg 768w, https:\/\/mills.no\/content\/uploads\/2018\/06\/Brownie-med-peanC3B8ttsmC3B8r-og-syltetC3B8y-1536x1024.jpg 1536w, https:\/\/mills.no\/content\/uploads\/2018\/06\/Brownie-med-peanC3B8ttsmC3B8r-og-syltetC3B8y-80x53.jpg 80w\" sizes=\"auto, (max-width: 1600px) 100vw, 1600px\" \/><\/figure>\n\n<div class=\"wp-block-group alignfull is-layout-flow wp-block-group-is-layout-flow\">\n\t<h2 class=\"t2-post-title wp-block-t2-post-title\">Brownies med pean\u00f8ttsm\u00f8r og syltet\u00f8y<\/h2>\n\t<div class=\"t2-post-excerpt wp-block-t2-post-excerpt\"><p>Pean\u00f8ttsm\u00f8r og syltet\u00f8y er en klassisk og popul\u00e6r p\u00e5leggskombinasjon i USA, som regel servert mellom to br\u00f8dskiver. Denne nydelige kombinasjonen&hellip;<\/p><\/div>\n\t\n\t\t<div class=\"wp-block-mills-block-recipe-info\">\n\t\t\t<div class=\"mills-block-recipe-info-item mills-block-recipe-info-item--difficulty\">Enkel<\/div>\n\t\t\t<div class=\"mills-block-recipe-info-item mills-block-recipe-info-item--time\">1 t<\/div>\n\t\t<\/div>\n<\/div>\n\n<\/a>\n<\/div>\n\n<div class=\"t2-featured-single-post t2-featured-content is-post-type-recipe brand-melange recipe_category-kaker-kos wp-block-t2-featured-single-post\" role=\"listitem\"><a class=\"t2-post-link wp-block-t2-post-link\" href=\"https:\/\/mills.no\/melange\/oppskrift\/budapestkake-med-vaniljekrem\/\">\n<figure style=\"--t2-focal-point: 50% 50%;\" class=\"t2-post-featured-image has-image-ratio-16-9 wp-block-t2-post-featured-image\"><img loading=\"lazy\" decoding=\"async\" width=\"1600\" height=\"1067\" src=\"https:\/\/mills.no\/content\/uploads\/2018\/07\/Budapestkake.jpg\" class=\"attachment-medium-large size-medium-large wp-post-image\" alt=\"Budapestkake med vaniljekrem\" srcset=\"https:\/\/mills.no\/content\/uploads\/2018\/07\/Budapestkake.jpg 1600w, https:\/\/mills.no\/content\/uploads\/2018\/07\/Budapestkake-300x200.jpg 300w, https:\/\/mills.no\/content\/uploads\/2018\/07\/Budapestkake-1024x683.jpg 1024w, https:\/\/mills.no\/content\/uploads\/2018\/07\/Budapestkake-768x512.jpg 768w, https:\/\/mills.no\/content\/uploads\/2018\/07\/Budapestkake-1536x1024.jpg 1536w, https:\/\/mills.no\/content\/uploads\/2018\/07\/Budapestkake-80x53.jpg 80w\" sizes=\"auto, (max-width: 1600px) 100vw, 1600px\" \/><\/figure>\n\n<div class=\"wp-block-group alignfull is-layout-flow wp-block-group-is-layout-flow\">\n\t<h2 class=\"t2-post-title wp-block-t2-post-title\">Budapestkake med vaniljekrem<\/h2>\n\t<div class=\"t2-post-excerpt wp-block-t2-post-excerpt\"><p>Budapestkake er en variant av den tradisjonelle rullekaken og best\u00e5r av en luftig marengsbunn, fylt med vaniljekrem og mandarinkrem. Den&hellip;<\/p><\/div>\n\t\n\t\t<div class=\"wp-block-mills-block-recipe-info\">\n\t\t\t<div class=\"mills-block-recipe-info-item mills-block-recipe-info-item--difficulty\">Middels<\/div>\n\t\t\t<div class=\"mills-block-recipe-info-item mills-block-recipe-info-item--time\">1 t 30 min<\/div>\n\t\t<\/div>\n<\/div>\n\n<\/a>\n<\/div>\n\n<div class=\"t2-featured-single-post t2-featured-content is-post-type-recipe brand-melange recipe_category-allergivennlig recipe_category-kaker-kos recipe_topic-bursdag wp-block-t2-featured-single-post\" role=\"listitem\"><a class=\"t2-post-link wp-block-t2-post-link\" href=\"https:\/\/mills.no\/melange\/oppskrift\/daimkake-i-langpanne\/\">\n<figure style=\"--t2-focal-point: 50% 50%;\" class=\"t2-post-featured-image has-image-ratio-16-9 wp-block-t2-post-featured-image\"><img loading=\"lazy\" decoding=\"async\" width=\"1600\" height=\"1002\" src=\"https:\/\/mills.no\/content\/uploads\/2018\/05\/Daimkake-i-langpanne.jpg\" class=\"attachment-medium-large size-medium-large wp-post-image\" alt=\"Daimkake i langpanne\" srcset=\"https:\/\/mills.no\/content\/uploads\/2018\/05\/Daimkake-i-langpanne.jpg 1600w, https:\/\/mills.no\/content\/uploads\/2018\/05\/Daimkake-i-langpanne-300x188.jpg 300w, https:\/\/mills.no\/content\/uploads\/2018\/05\/Daimkake-i-langpanne-1024x641.jpg 1024w, https:\/\/mills.no\/content\/uploads\/2018\/05\/Daimkake-i-langpanne-768x481.jpg 768w, https:\/\/mills.no\/content\/uploads\/2018\/05\/Daimkake-i-langpanne-1536x962.jpg 1536w, https:\/\/mills.no\/content\/uploads\/2018\/05\/Daimkake-i-langpanne-80x50.jpg 80w\" sizes=\"auto, (max-width: 1600px) 100vw, 1600px\" \/><\/figure>\n\n<div class=\"wp-block-group alignfull is-layout-flow wp-block-group-is-layout-flow\">\n\t<h2 class=\"t2-post-title wp-block-t2-post-title\">Daimkake i langpanne<\/h2>\n\t<div class=\"t2-post-excerpt wp-block-t2-post-excerpt\"><p>Dette er en himmelsk langpannekake med en knasende god n\u00f8ttebunn med daim, toppet med en fyldig eggekrem og sjokolade. Daimkake&hellip;<\/p><\/div>\n\t\n\t\t<div class=\"wp-block-mills-block-recipe-info\">\n\t\t\t<div class=\"mills-block-recipe-info-item mills-block-recipe-info-item--difficulty\">Middels<\/div>\n\t\t\t<div class=\"mills-block-recipe-info-item mills-block-recipe-info-item--time\">1 t 30 min<\/div>\n\t\t<\/div>\n<\/div>\n\n<\/a>\n<\/div>\n\n<div class=\"t2-featured-single-post t2-featured-content is-post-type-recipe brand-melange recipe_category-kaker-kos wp-block-t2-featured-single-post\" role=\"listitem\"><a class=\"t2-post-link wp-block-t2-post-link\" href=\"https:\/\/mills.no\/melange\/oppskrift\/dansk-drommekake-i-langpanne\/\">\n<figure style=\"--t2-focal-point: 50% 50%;\" class=\"t2-post-featured-image has-image-ratio-16-9 wp-block-t2-post-featured-image\"><img loading=\"lazy\" decoding=\"async\" width=\"1600\" height=\"1067\" src=\"https:\/\/mills.no\/content\/uploads\/2019\/06\/Dansk-drC3B8mmekake.jpg\" class=\"attachment-medium-large size-medium-large wp-post-image\" alt=\"Dansk dr\u00f8mmekake i langpanne\" srcset=\"https:\/\/mills.no\/content\/uploads\/2019\/06\/Dansk-drC3B8mmekake.jpg 1600w, https:\/\/mills.no\/content\/uploads\/2019\/06\/Dansk-drC3B8mmekake-300x200.jpg 300w, https:\/\/mills.no\/content\/uploads\/2019\/06\/Dansk-drC3B8mmekake-1024x683.jpg 1024w, https:\/\/mills.no\/content\/uploads\/2019\/06\/Dansk-drC3B8mmekake-768x512.jpg 768w, https:\/\/mills.no\/content\/uploads\/2019\/06\/Dansk-drC3B8mmekake-1536x1024.jpg 1536w, https:\/\/mills.no\/content\/uploads\/2019\/06\/Dansk-drC3B8mmekake-80x53.jpg 80w\" sizes=\"auto, (max-width: 1600px) 100vw, 1600px\" \/><\/figure>\n\n<div class=\"wp-block-group alignfull is-layout-flow wp-block-group-is-layout-flow\">\n\t<h2 class=\"t2-post-title wp-block-t2-post-title\">Dansk dr\u00f8mmekake i langpanne<\/h2>\n\t<div class=\"t2-post-excerpt wp-block-t2-post-excerpt\"><p>Er du p\u00e5 jakt etter en ny langpannefavoritt? Da b\u00f8r du pr\u00f8ve denne danske klassikeren. Dr\u00f8mmekake er superenkelt \u00e5 lage&hellip;<\/p><\/div>\n\t\n\t\t<div class=\"wp-block-mills-block-recipe-info\">\n\t\t\t<div class=\"mills-block-recipe-info-item mills-block-recipe-info-item--difficulty\">Enkel<\/div>\n\t\t\t<div class=\"mills-block-recipe-info-item mills-block-recipe-info-item--time\">1 t<\/div>\n\t\t<\/div>\n<\/div>\n\n<\/a>\n<\/div>\n\n<div class=\"t2-featured-single-post t2-featured-content is-post-type-recipe brand-melange recipe_category-kaker-kos wp-block-t2-featured-single-post\" role=\"listitem\"><a class=\"t2-post-link wp-block-t2-post-link\" href=\"https:\/\/mills.no\/melange\/oppskrift\/enkel-kokoskake\/\">\n<figure style=\"--t2-focal-point: 50% 50%;\" class=\"t2-post-featured-image has-image-ratio-16-9 wp-block-t2-post-featured-image\"><img loading=\"lazy\" decoding=\"async\" width=\"1600\" height=\"1067\" src=\"https:\/\/mills.no\/content\/uploads\/2019\/09\/Kokoskake-med-lime.jpg\" class=\"attachment-medium-large size-medium-large wp-post-image\" alt=\"Kokoskake med lime\" srcset=\"https:\/\/mills.no\/content\/uploads\/2019\/09\/Kokoskake-med-lime.jpg 1600w, https:\/\/mills.no\/content\/uploads\/2019\/09\/Kokoskake-med-lime-300x200.jpg 300w, https:\/\/mills.no\/content\/uploads\/2019\/09\/Kokoskake-med-lime-1024x683.jpg 1024w, https:\/\/mills.no\/content\/uploads\/2019\/09\/Kokoskake-med-lime-768x512.jpg 768w, https:\/\/mills.no\/content\/uploads\/2019\/09\/Kokoskake-med-lime-1536x1024.jpg 1536w, https:\/\/mills.no\/content\/uploads\/2019\/09\/Kokoskake-med-lime-80x53.jpg 80w\" sizes=\"auto, (max-width: 1600px) 100vw, 1600px\" \/><\/figure>\n\n<div class=\"wp-block-group alignfull is-layout-flow wp-block-group-is-layout-flow\">\n\t<h2 class=\"t2-post-title wp-block-t2-post-title\">Enkel kokoskake<\/h2>\n\t<div class=\"t2-post-excerpt wp-block-t2-post-excerpt\"><p>Unn deg litt ekstra hverdagskos med denne enkle formkaken med nydelig smak av kokos. Den er fin \u00e5 ta med&hellip;<\/p><\/div>\n\t\n\t\t<div class=\"wp-block-mills-block-recipe-info\">\n\t\t\t<div class=\"mills-block-recipe-info-item mills-block-recipe-info-item--difficulty\">Enkel<\/div>\n\t\t\t<div class=\"mills-block-recipe-info-item mills-block-recipe-info-item--time\">1 t 15 min<\/div>\n\t\t<\/div>\n<\/div>\n\n<\/a>\n<\/div>\n\n<div class=\"t2-featured-single-post t2-featured-content is-post-type-recipe brand-melange recipe_category-kaker-kos wp-block-t2-featured-single-post\" role=\"listitem\"><a class=\"t2-post-link wp-block-t2-post-link\" href=\"https:\/\/mills.no\/melange\/oppskrift\/eplekake\/\">\n<figure style=\"--t2-focal-point: 50% 50%;\" class=\"t2-post-featured-image has-image-ratio-16-9 wp-block-t2-post-featured-image\"><img loading=\"lazy\" decoding=\"async\" width=\"1000\" height=\"717\" src=\"https:\/\/mills.no\/content\/uploads\/2016\/03\/eplekake1.png\" class=\"attachment-medium-large size-medium-large wp-post-image\" alt=\"Klassisk eplekake. Foto.\" srcset=\"https:\/\/mills.no\/content\/uploads\/2016\/03\/eplekake1.png 1000w, https:\/\/mills.no\/content\/uploads\/2016\/03\/eplekake1-300x215.png 300w, https:\/\/mills.no\/content\/uploads\/2016\/03\/eplekake1-768x551.png 768w, https:\/\/mills.no\/content\/uploads\/2016\/03\/eplekake1-80x57.png 80w\" sizes=\"auto, (max-width: 1000px) 100vw, 1000px\" \/><\/figure>\n\n<div class=\"wp-block-group alignfull is-layout-flow wp-block-group-is-layout-flow\">\n\t<h2 class=\"t2-post-title wp-block-t2-post-title\">Eplekake<\/h2>\n\t<div class=\"t2-post-excerpt wp-block-t2-post-excerpt\"><p>Dette er klassikeren vi alltid kommer tilbake til. F\u00e5 ting sl\u00e5r et stykke varm, kanelduftende eplekake servert med en kule&hellip;<\/p><\/div>\n\t\n\t\t<div class=\"wp-block-mills-block-recipe-info\">\n\t\t\t<div class=\"mills-block-recipe-info-item mills-block-recipe-info-item--difficulty\">Enkel<\/div>\n\t\t\t<div class=\"mills-block-recipe-info-item mills-block-recipe-info-item--time\">50 min<\/div>\n\t\t<\/div>\n<\/div>\n\n<\/a>\n<\/div>\n\n<div class=\"t2-featured-single-post t2-featured-content is-post-type-recipe brand-melange recipe_category-kaker-kos recipe_category-maltider recipe_topic-langpannekake wp-block-t2-featured-single-post\" role=\"listitem\"><a class=\"t2-post-link wp-block-t2-post-link\" href=\"https:\/\/mills.no\/melange\/oppskrift\/eplekake-i-langpanne\/\">\n<figure style=\"--t2-focal-point: 50% 50%;\" class=\"t2-post-featured-image has-image-ratio-16-9 wp-block-t2-post-featured-image\"><img loading=\"lazy\" decoding=\"async\" width=\"1600\" height=\"1067\" src=\"https:\/\/mills.no\/content\/uploads\/2019\/08\/Eplekake-i-langpanne.jpg\" class=\"attachment-medium-large size-medium-large wp-post-image\" alt=\"Eplekake i langpanne\" srcset=\"https:\/\/mills.no\/content\/uploads\/2019\/08\/Eplekake-i-langpanne.jpg 1600w, https:\/\/mills.no\/content\/uploads\/2019\/08\/Eplekake-i-langpanne-300x200.jpg 300w, https:\/\/mills.no\/content\/uploads\/2019\/08\/Eplekake-i-langpanne-1024x683.jpg 1024w, https:\/\/mills.no\/content\/uploads\/2019\/08\/Eplekake-i-langpanne-768x512.jpg 768w, https:\/\/mills.no\/content\/uploads\/2019\/08\/Eplekake-i-langpanne-1536x1024.jpg 1536w, https:\/\/mills.no\/content\/uploads\/2019\/08\/Eplekake-i-langpanne-80x53.jpg 80w\" sizes=\"auto, (max-width: 1600px) 100vw, 1600px\" \/><\/figure>\n\n<div class=\"wp-block-group alignfull is-layout-flow wp-block-group-is-layout-flow\">\n\t<h2 class=\"t2-post-title wp-block-t2-post-title\">Eplekake i langpanne med vaniljekrem<\/h2>\n\t<div class=\"t2-post-excerpt wp-block-t2-post-excerpt\"><p>Lite sl\u00e5r lukten av nystekt eplekake. I denne varianten har vi ogs\u00e5 brukt vaniljekrem, noe som gir ekstra god smak&hellip;<\/p><\/div>\n\t\n\t\t<div class=\"wp-block-mills-block-recipe-info\">\n\t\t\t<div class=\"mills-block-recipe-info-item mills-block-recipe-info-item--difficulty\">Enkel<\/div>\n\t\t\t<div class=\"mills-block-recipe-info-item mills-block-recipe-info-item--time\">1 t 15 min<\/div>\n\t\t<\/div>\n<\/div>\n\n<\/a>\n<\/div>\n\n<div class=\"t2-featured-single-post t2-featured-content is-post-type-recipe brand-melange recipe_category-allergivennlig recipe_category-kaker-kos recipe_topic-paske recipe_topic-sjokolade wp-block-t2-featured-single-post\" role=\"listitem\"><a class=\"t2-post-link wp-block-t2-post-link\" href=\"https:\/\/mills.no\/melange\/oppskrift\/firkloverkake\/\">\n<figure style=\"--t2-focal-point: 50% 50%;\" class=\"t2-post-featured-image has-image-ratio-16-9 wp-block-t2-post-featured-image\"><img loading=\"lazy\" decoding=\"async\" width=\"1920\" height=\"1280\" src=\"https:\/\/mills.no\/content\/uploads\/2020\/01\/FirklC3B8verkake_1920.jpg\" class=\"attachment-medium-large size-medium-large wp-post-image\" alt=\"Firkl\u00f8verkake\" srcset=\"https:\/\/mills.no\/content\/uploads\/2020\/01\/FirklC3B8verkake_1920.jpg 1920w, https:\/\/mills.no\/content\/uploads\/2020\/01\/FirklC3B8verkake_1920-300x200.jpg 300w, https:\/\/mills.no\/content\/uploads\/2020\/01\/FirklC3B8verkake_1920-1024x683.jpg 1024w, https:\/\/mills.no\/content\/uploads\/2020\/01\/FirklC3B8verkake_1920-768x512.jpg 768w, https:\/\/mills.no\/content\/uploads\/2020\/01\/FirklC3B8verkake_1920-1536x1024.jpg 1536w, https:\/\/mills.no\/content\/uploads\/2020\/01\/FirklC3B8verkake_1920-80x53.jpg 80w\" sizes=\"auto, (max-width: 1920px) 100vw, 1920px\" \/><\/figure>\n\n<div class=\"wp-block-group alignfull is-layout-flow wp-block-group-is-layout-flow\">\n\t<h2 class=\"t2-post-title wp-block-t2-post-title\">Firkl\u00f8verkake<\/h2>\n\t<div class=\"t2-post-excerpt wp-block-t2-post-excerpt\"><p>Saftig n\u00f8ttebunn med fyldig, gul krem og firkl\u00f8verglasur som smelter p\u00e5 tunga. Denne kaken vil garantert forsvinne fort fra kakebordet.&hellip;<\/p><\/div>\n\t\n\t\t<div class=\"wp-block-mills-block-recipe-info\">\n\t\t\t<div class=\"mills-block-recipe-info-item mills-block-recipe-info-item--difficulty\">Middels<\/div>\n\t\t\t<div class=\"mills-block-recipe-info-item mills-block-recipe-info-item--time\">2 t 30 min<\/div>\n\t\t<\/div>\n<\/div>\n\n<\/a>\n<\/div>\n\n<div class=\"t2-featured-single-post t2-featured-content is-post-type-recipe brand-melange recipe_category-kaker-kos recipe_topic-17-mai wp-block-t2-featured-single-post\" role=\"listitem\"><a class=\"t2-post-link wp-block-t2-post-link\" href=\"https:\/\/mills.no\/melange\/oppskrift\/flaggkake-til-17-mai\/\">\n<figure style=\"--t2-focal-point: 50% 50%;\" class=\"t2-post-featured-image has-image-ratio-16-9 wp-block-t2-post-featured-image\"><img loading=\"lazy\" decoding=\"async\" width=\"1600\" height=\"1047\" src=\"https:\/\/mills.no\/content\/uploads\/2019\/05\/Gulrotkake-med-flagg.jpg\" class=\"attachment-medium-large size-medium-large wp-post-image\" alt=\"Flaggkake til 17. mai\" srcset=\"https:\/\/mills.no\/content\/uploads\/2019\/05\/Gulrotkake-med-flagg.jpg 1600w, https:\/\/mills.no\/content\/uploads\/2019\/05\/Gulrotkake-med-flagg-300x196.jpg 300w, https:\/\/mills.no\/content\/uploads\/2019\/05\/Gulrotkake-med-flagg-1024x670.jpg 1024w, https:\/\/mills.no\/content\/uploads\/2019\/05\/Gulrotkake-med-flagg-768x503.jpg 768w, https:\/\/mills.no\/content\/uploads\/2019\/05\/Gulrotkake-med-flagg-1536x1005.jpg 1536w, https:\/\/mills.no\/content\/uploads\/2019\/05\/Gulrotkake-med-flagg-80x52.jpg 80w\" sizes=\"auto, (max-width: 1600px) 100vw, 1600px\" \/><\/figure>\n\n<div class=\"wp-block-group alignfull is-layout-flow wp-block-group-is-layout-flow\">\n\t<h2 class=\"t2-post-title wp-block-t2-post-title\">Flaggkake til 17. mai<\/h2>\n\t<div class=\"t2-post-excerpt wp-block-t2-post-excerpt\"><p>Flaggkake passer ekstra godt p\u00e5 kakebordet p\u00e5 17. mai, men er ogs\u00e5 fin til andre spesielle anledninger som konfirmasjon og&hellip;<\/p><\/div>\n\t\n\t\t<div class=\"wp-block-mills-block-recipe-info\">\n\t\t\t<div class=\"mills-block-recipe-info-item mills-block-recipe-info-item--difficulty\">Enkel<\/div>\n\t\t\t<div class=\"mills-block-recipe-info-item mills-block-recipe-info-item--time\">1 t 10 min<\/div>\n\t\t<\/div>\n<\/div>\n\n<\/a>\n<\/div>\n\n<div class=\"t2-featured-single-post t2-featured-content is-post-type-recipe brand-melange recipe_category-kaker-kos wp-block-t2-featured-single-post\" role=\"listitem\"><a class=\"t2-post-link wp-block-t2-post-link\" href=\"https:\/\/mills.no\/melange\/oppskrift\/formkake-moreller-melisglasur\/\">\n<figure style=\"--t2-focal-point: 50% 50%;\" class=\"t2-post-featured-image has-image-ratio-16-9 wp-block-t2-post-featured-image\"><img loading=\"lazy\" decoding=\"async\" width=\"1600\" height=\"1067\" src=\"https:\/\/mills.no\/content\/uploads\/2018\/06\/Formkake-med-moreller.jpg\" class=\"attachment-medium-large size-medium-large wp-post-image\" alt=\"Formkake med moreller og melisglasur\" srcset=\"https:\/\/mills.no\/content\/uploads\/2018\/06\/Formkake-med-moreller.jpg 1600w, https:\/\/mills.no\/content\/uploads\/2018\/06\/Formkake-med-moreller-300x200.jpg 300w, https:\/\/mills.no\/content\/uploads\/2018\/06\/Formkake-med-moreller-1024x683.jpg 1024w, https:\/\/mills.no\/content\/uploads\/2018\/06\/Formkake-med-moreller-768x512.jpg 768w, https:\/\/mills.no\/content\/uploads\/2018\/06\/Formkake-med-moreller-1536x1024.jpg 1536w, https:\/\/mills.no\/content\/uploads\/2018\/06\/Formkake-med-moreller-80x53.jpg 80w\" sizes=\"auto, (max-width: 1600px) 100vw, 1600px\" \/><\/figure>\n\n<div class=\"wp-block-group alignfull is-layout-flow wp-block-group-is-layout-flow\">\n\t<h2 class=\"t2-post-title wp-block-t2-post-title\">Formkake med moreller og melisglasur<\/h2>\n\t<div class=\"t2-post-excerpt wp-block-t2-post-excerpt\"><p>Moreller er en sommerfavoritt hos mange. Den runde og s\u00f8te smaken p\u00e5 morellene gj\u00f8r seg dessuten ekstra godt i en&hellip;<\/p><\/div>\n\t\n\t\t<div class=\"wp-block-mills-block-recipe-info\">\n\t\t\t<div class=\"mills-block-recipe-info-item mills-block-recipe-info-item--difficulty\">Enkel<\/div>\n\t\t\t<div class=\"mills-block-recipe-info-item mills-block-recipe-info-item--time\">1 t<\/div>\n\t\t<\/div>\n<\/div>\n\n<\/a>\n<\/div>\n\n<div class=\"t2-featured-single-post t2-featured-content is-post-type-recipe brand-melange recipe_category-kaker-kos recipe_topic-bakst wp-block-t2-featured-single-post\" role=\"listitem\"><a class=\"t2-post-link wp-block-t2-post-link\" href=\"https:\/\/mills.no\/melange\/oppskrift\/fyrstekake\/\">\n<figure style=\"--t2-focal-point: 50% 50%;\" class=\"t2-post-featured-image has-image-ratio-16-9 wp-block-t2-post-featured-image\"><img loading=\"lazy\" decoding=\"async\" width=\"1600\" height=\"1037\" src=\"https:\/\/mills.no\/content\/uploads\/2018\/04\/Fyrstekake-kakestykke.jpg\" class=\"attachment-medium-large size-medium-large wp-post-image\" alt=\"Fyrstekake kakestykke\" srcset=\"https:\/\/mills.no\/content\/uploads\/2018\/04\/Fyrstekake-kakestykke.jpg 1600w, https:\/\/mills.no\/content\/uploads\/2018\/04\/Fyrstekake-kakestykke-300x194.jpg 300w, https:\/\/mills.no\/content\/uploads\/2018\/04\/Fyrstekake-kakestykke-1024x664.jpg 1024w, https:\/\/mills.no\/content\/uploads\/2018\/04\/Fyrstekake-kakestykke-768x498.jpg 768w, https:\/\/mills.no\/content\/uploads\/2018\/04\/Fyrstekake-kakestykke-1536x996.jpg 1536w, https:\/\/mills.no\/content\/uploads\/2018\/04\/Fyrstekake-kakestykke-80x52.jpg 80w\" sizes=\"auto, (max-width: 1600px) 100vw, 1600px\" \/><\/figure>\n\n<div class=\"wp-block-group alignfull is-layout-flow wp-block-group-is-layout-flow\">\n\t<h2 class=\"t2-post-title wp-block-t2-post-title\">Fyrstekake<\/h2>\n\t<div class=\"t2-post-excerpt wp-block-t2-post-excerpt\"><p>Hjemmelaget fyrstekake er en klassiker og for mange fremdeles en favoritt p\u00e5 kakebordet. Formkaken best\u00e5r av m\u00f8rdeig og deilig mandelfyll,&hellip;<\/p><\/div>\n\t\n\t\t<div class=\"wp-block-mills-block-recipe-info\">\n\t\t\t<div class=\"mills-block-recipe-info-item mills-block-recipe-info-item--difficulty\">Middels<\/div>\n\t\t\t<div class=\"mills-block-recipe-info-item mills-block-recipe-info-item--time\">1 t<\/div>\n\t\t<\/div>\n<\/div>\n\n<\/a>\n<\/div>\n\n<div class=\"t2-featured-single-post t2-featured-content is-post-type-recipe brand-melange recipe_category-allergivennlig recipe_category-kaker-kos wp-block-t2-featured-single-post\" role=\"listitem\"><a class=\"t2-post-link wp-block-t2-post-link\" href=\"https:\/\/mills.no\/melange\/oppskrift\/glutenfri-blabaerpai\/\">\n<figure style=\"--t2-focal-point: 50% 50%;\" class=\"t2-post-featured-image has-image-ratio-16-9 wp-block-t2-post-featured-image\"><img loading=\"lazy\" decoding=\"async\" width=\"1920\" height=\"1200\" src=\"https:\/\/mills.no\/content\/uploads\/2017\/09\/BlC3A5bC3A6rpai-glutenfri.jpg\" class=\"attachment-medium-large size-medium-large wp-post-image\" alt=\"Glutenfri bl\u00e5b\u00e6rpai med vaniljeis. Foto.\" srcset=\"https:\/\/mills.no\/content\/uploads\/2017\/09\/BlC3A5bC3A6rpai-glutenfri.jpg 1920w, https:\/\/mills.no\/content\/uploads\/2017\/09\/BlC3A5bC3A6rpai-glutenfri-300x188.jpg 300w, https:\/\/mills.no\/content\/uploads\/2017\/09\/BlC3A5bC3A6rpai-glutenfri-1024x640.jpg 1024w, https:\/\/mills.no\/content\/uploads\/2017\/09\/BlC3A5bC3A6rpai-glutenfri-768x480.jpg 768w, https:\/\/mills.no\/content\/uploads\/2017\/09\/BlC3A5bC3A6rpai-glutenfri-1536x960.jpg 1536w, https:\/\/mills.no\/content\/uploads\/2017\/09\/BlC3A5bC3A6rpai-glutenfri-80x50.jpg 80w\" sizes=\"auto, (max-width: 1920px) 100vw, 1920px\" \/><\/figure>\n\n<div class=\"wp-block-group alignfull is-layout-flow wp-block-group-is-layout-flow\">\n\t<h2 class=\"t2-post-title wp-block-t2-post-title\">Glutenfri bl\u00e5b\u00e6rpai<\/h2>\n\t<div class=\"t2-post-excerpt wp-block-t2-post-excerpt\"><p>Bl\u00e5b\u00e6rpai er en klassiker, med perfekt balanse av b\u00e6renes syrlighet og paiens s\u00f8dme. N\u00e5 kommer bl\u00e5b\u00e6rpaien i ny, glutenfri drakt.&hellip;<\/p><\/div>\n\t\n\t\t<div class=\"wp-block-mills-block-recipe-info\">\n\t\t\t<div class=\"mills-block-recipe-info-item mills-block-recipe-info-item--difficulty\">Enkel<\/div>\n\t\t\t<div class=\"mills-block-recipe-info-item mills-block-recipe-info-item--time\">1 t 20 min<\/div>\n\t\t<\/div>\n<\/div>\n\n<\/a>\n<\/div>\n\n<div class=\"t2-featured-single-post t2-featured-content is-post-type-recipe brand-melange recipe_category-allergivennlig recipe_category-kaker-kos recipe_topic-bakst wp-block-t2-featured-single-post\" role=\"listitem\"><a class=\"t2-post-link wp-block-t2-post-link\" href=\"https:\/\/mills.no\/melange\/oppskrift\/eple-cobbler\/\">\n<figure style=\"--t2-focal-point: 50% 50%;\" class=\"t2-post-featured-image has-image-ratio-16-9 wp-block-t2-post-featured-image\"><img loading=\"lazy\" decoding=\"async\" width=\"1600\" height=\"1067\" src=\"https:\/\/mills.no\/content\/uploads\/2017\/10\/Eple-cobbler-med-vaniljeis.jpg\" class=\"attachment-medium-large size-medium-large wp-post-image\" alt=\"Eple cobbler med vaniljeis. Foto.\" srcset=\"https:\/\/mills.no\/content\/uploads\/2017\/10\/Eple-cobbler-med-vaniljeis.jpg 1600w, https:\/\/mills.no\/content\/uploads\/2017\/10\/Eple-cobbler-med-vaniljeis-300x200.jpg 300w, https:\/\/mills.no\/content\/uploads\/2017\/10\/Eple-cobbler-med-vaniljeis-1024x683.jpg 1024w, https:\/\/mills.no\/content\/uploads\/2017\/10\/Eple-cobbler-med-vaniljeis-768x512.jpg 768w, https:\/\/mills.no\/content\/uploads\/2017\/10\/Eple-cobbler-med-vaniljeis-1536x1024.jpg 1536w, https:\/\/mills.no\/content\/uploads\/2017\/10\/Eple-cobbler-med-vaniljeis-80x53.jpg 80w\" sizes=\"auto, (max-width: 1600px) 100vw, 1600px\" \/><\/figure>\n\n<div class=\"wp-block-group alignfull is-layout-flow wp-block-group-is-layout-flow\">\n\t<h2 class=\"t2-post-title wp-block-t2-post-title\">Glutenfri eple-cobbler<\/h2>\n\t<div class=\"t2-post-excerpt wp-block-t2-post-excerpt\"><p>Eple cobbler er et kjent bakverk i b\u00e5de Storbritannia, Australia og USA, og er en herlig blanding av eplekake, eplepai&hellip;<\/p><\/div>\n\t\n\t\t<div class=\"wp-block-mills-block-recipe-info\">\n\t\t\t<div class=\"mills-block-recipe-info-item mills-block-recipe-info-item--difficulty\">Enkel<\/div>\n\t\t\t<div class=\"mills-block-recipe-info-item mills-block-recipe-info-item--time\">50 min<\/div>\n\t\t<\/div>\n<\/div>\n\n<\/a>\n<\/div>\n\n<div class=\"t2-featured-single-post t2-featured-content is-post-type-recipe brand-melange recipe_category-allergivennlig recipe_category-kaker-kos recipe_topic-paske wp-block-t2-featured-single-post\" role=\"listitem\"><a class=\"t2-post-link wp-block-t2-post-link\" href=\"https:\/\/mills.no\/melange\/oppskrift\/glutenfri-sitronkake\/\">\n<figure style=\"--t2-focal-point: 50% 50%;\" class=\"t2-post-featured-image has-image-ratio-16-9 wp-block-t2-post-featured-image\"><img loading=\"lazy\" decoding=\"async\" width=\"1920\" height=\"1440\" src=\"https:\/\/mills.no\/content\/uploads\/2017\/04\/Glutenfri-sitronkake.jpg\" class=\"attachment-medium-large size-medium-large wp-post-image\" alt=\"Glutenfri sitronkake med valmuefr\u00f8. Foto.\" srcset=\"https:\/\/mills.no\/content\/uploads\/2017\/04\/Glutenfri-sitronkake.jpg 1920w, https:\/\/mills.no\/content\/uploads\/2017\/04\/Glutenfri-sitronkake-300x225.jpg 300w, https:\/\/mills.no\/content\/uploads\/2017\/04\/Glutenfri-sitronkake-1024x768.jpg 1024w, https:\/\/mills.no\/content\/uploads\/2017\/04\/Glutenfri-sitronkake-768x576.jpg 768w, https:\/\/mills.no\/content\/uploads\/2017\/04\/Glutenfri-sitronkake-1536x1152.jpg 1536w, https:\/\/mills.no\/content\/uploads\/2017\/04\/Glutenfri-sitronkake-80x60.jpg 80w\" sizes=\"auto, (max-width: 1920px) 100vw, 1920px\" \/><\/figure>\n\n<div class=\"wp-block-group alignfull is-layout-flow wp-block-group-is-layout-flow\">\n\t<h2 class=\"t2-post-title wp-block-t2-post-title\">Glutenfri sitronkake<\/h2>\n\t<div class=\"t2-post-excerpt wp-block-t2-post-excerpt\"><p>Sitronkake er en kjent og kj\u00e6r klassiker, og den friske og syrlige smaken passer ypperlig n\u00e5r sola begynner \u00e5 titte&hellip;<\/p><\/div>\n\t\n\t\t<div class=\"wp-block-mills-block-recipe-info\">\n\t\t\t<div class=\"mills-block-recipe-info-item mills-block-recipe-info-item--difficulty\">Enkel<\/div>\n\t\t\t<div class=\"mills-block-recipe-info-item mills-block-recipe-info-item--time\">55 min<\/div>\n\t\t<\/div>\n<\/div>\n\n<\/a>\n<\/div>\n\n<div class=\"t2-featured-single-post t2-featured-content is-post-type-recipe brand-melange recipe_category-allergivennlig recipe_category-kaker-kos recipe_topic-sjokolade wp-block-t2-featured-single-post\" role=\"listitem\"><a class=\"t2-post-link wp-block-t2-post-link\" href=\"https:\/\/mills.no\/melange\/oppskrift\/glutenfri-sjokoladekake\/\">\n<figure style=\"--t2-focal-point: 50% 50%;\" class=\"t2-post-featured-image has-image-ratio-16-9 wp-block-t2-post-featured-image\"><img loading=\"lazy\" decoding=\"async\" width=\"1600\" height=\"1043\" src=\"https:\/\/mills.no\/content\/uploads\/2018\/06\/Glutenfri-sjokoladekake.jpg\" class=\"attachment-medium-large size-medium-large wp-post-image\" alt=\"Glutenfri sjokoladekake\" srcset=\"https:\/\/mills.no\/content\/uploads\/2018\/06\/Glutenfri-sjokoladekake.jpg 1600w, https:\/\/mills.no\/content\/uploads\/2018\/06\/Glutenfri-sjokoladekake-300x196.jpg 300w, https:\/\/mills.no\/content\/uploads\/2018\/06\/Glutenfri-sjokoladekake-1024x668.jpg 1024w, https:\/\/mills.no\/content\/uploads\/2018\/06\/Glutenfri-sjokoladekake-768x501.jpg 768w, https:\/\/mills.no\/content\/uploads\/2018\/06\/Glutenfri-sjokoladekake-1536x1001.jpg 1536w, https:\/\/mills.no\/content\/uploads\/2018\/06\/Glutenfri-sjokoladekake-80x52.jpg 80w\" sizes=\"auto, (max-width: 1600px) 100vw, 1600px\" \/><\/figure>\n\n<div class=\"wp-block-group alignfull is-layout-flow wp-block-group-is-layout-flow\">\n\t<h2 class=\"t2-post-title wp-block-t2-post-title\">Glutenfri sjokoladekake<\/h2>\n\t<div class=\"t2-post-excerpt wp-block-t2-post-excerpt\"><p>N\u00e5r du trenger en sjokoladekake til de spesielle anledningene, s\u00e5 er denne sjokoladekaken et ypperlig valg. Den er rik p\u00e5&hellip;<\/p><\/div>\n\t\n\t\t<div class=\"wp-block-mills-block-recipe-info\">\n\t\t\t<div class=\"mills-block-recipe-info-item mills-block-recipe-info-item--difficulty\">Enkel<\/div>\n\t\t\t<div class=\"mills-block-recipe-info-item mills-block-recipe-info-item--time\">1 t<\/div>\n\t\t<\/div>\n<\/div>\n\n<\/a>\n<\/div>\n\n<div class=\"t2-featured-single-post t2-featured-content is-post-type-recipe brand-melange recipe_category-kaker-kos recipe_topic-bakst recipe_topic-bursdag recipe_topic-langpannekake wp-block-t2-featured-single-post\" role=\"listitem\"><a class=\"t2-post-link wp-block-t2-post-link\" href=\"https:\/\/mills.no\/melange\/oppskrift\/gulrotkake-i-langpanne\/\">\n<figure style=\"--t2-focal-point: 50% 50%;\" class=\"t2-post-featured-image has-image-ratio-16-9 wp-block-t2-post-featured-image\"><img loading=\"lazy\" decoding=\"async\" width=\"1600\" height=\"983\" src=\"https:\/\/mills.no\/content\/uploads\/2018\/04\/Gulrotkake-i-langpanne.jpg\" class=\"attachment-medium-large size-medium-large wp-post-image\" alt=\"Gulrotkake i langpanne\" srcset=\"https:\/\/mills.no\/content\/uploads\/2018\/04\/Gulrotkake-i-langpanne.jpg 1600w, https:\/\/mills.no\/content\/uploads\/2018\/04\/Gulrotkake-i-langpanne-300x184.jpg 300w, https:\/\/mills.no\/content\/uploads\/2018\/04\/Gulrotkake-i-langpanne-1024x629.jpg 1024w, https:\/\/mills.no\/content\/uploads\/2018\/04\/Gulrotkake-i-langpanne-768x472.jpg 768w, https:\/\/mills.no\/content\/uploads\/2018\/04\/Gulrotkake-i-langpanne-1536x944.jpg 1536w, https:\/\/mills.no\/content\/uploads\/2018\/04\/Gulrotkake-i-langpanne-80x49.jpg 80w\" sizes=\"auto, (max-width: 1600px) 100vw, 1600px\" \/><\/figure>\n\n<div class=\"wp-block-group alignfull is-layout-flow wp-block-group-is-layout-flow\">\n\t<h2 class=\"t2-post-title wp-block-t2-post-title\">Gulrotkake i langpanne<\/h2>\n\t<div class=\"t2-post-excerpt wp-block-t2-post-excerpt\"><p>Gulrotkake kan p\u00e5st\u00e5s \u00e5 v\u00e6re manges favorittkake og det forst\u00e5r vi godt! Den smaker nydelig, er saftig og har en&hellip;<\/p><\/div>\n\t\n\t\t<div class=\"wp-block-mills-block-recipe-info\">\n\t\t\t<div class=\"mills-block-recipe-info-item mills-block-recipe-info-item--difficulty\">Enkel<\/div>\n\t\t\t<div class=\"mills-block-recipe-info-item mills-block-recipe-info-item--time\">1 t 10 min<\/div>\n\t\t<\/div>\n<\/div>\n\n<\/a>\n<\/div>\n\n<div class=\"t2-featured-single-post t2-featured-content is-post-type-recipe brand-melange recipe_category-kaker-kos wp-block-t2-featured-single-post\" role=\"listitem\"><a class=\"t2-post-link wp-block-t2-post-link\" href=\"https:\/\/mills.no\/melange\/oppskrift\/gulrotkake-med-mork-sjokolade-og-fyldig-ostekrem\/\">\n<figure style=\"--t2-focal-point: 50% 50%;\" class=\"t2-post-featured-image has-image-ratio-16-9 wp-block-t2-post-featured-image\"><img loading=\"lazy\" decoding=\"async\" width=\"1920\" height=\"930\" src=\"https:\/\/mills.no\/content\/uploads\/2017\/02\/Gulrotkake_med_sjokolade.jpg\" class=\"attachment-medium-large size-medium-large wp-post-image\" alt=\"oppskrift p\u00e5 saftig gulrotkake med sjokoladebiter\" srcset=\"https:\/\/mills.no\/content\/uploads\/2017\/02\/Gulrotkake_med_sjokolade.jpg 1920w, https:\/\/mills.no\/content\/uploads\/2017\/02\/Gulrotkake_med_sjokolade-300x145.jpg 300w, https:\/\/mills.no\/content\/uploads\/2017\/02\/Gulrotkake_med_sjokolade-1024x496.jpg 1024w, https:\/\/mills.no\/content\/uploads\/2017\/02\/Gulrotkake_med_sjokolade-768x372.jpg 768w, https:\/\/mills.no\/content\/uploads\/2017\/02\/Gulrotkake_med_sjokolade-1536x744.jpg 1536w, https:\/\/mills.no\/content\/uploads\/2017\/02\/Gulrotkake_med_sjokolade-80x39.jpg 80w\" sizes=\"auto, (max-width: 1920px) 100vw, 1920px\" \/><\/figure>\n\n<div class=\"wp-block-group alignfull is-layout-flow wp-block-group-is-layout-flow\">\n\t<h2 class=\"t2-post-title wp-block-t2-post-title\">Gulrotkake med m\u00f8rk sjokolade og fyldig ostekrem<\/h2>\n\t<div class=\"t2-post-excerpt wp-block-t2-post-excerpt\"><p>Denne saftige gulrotkaken med fyldig og myk ostekremglasur er en vinner enten det er til bursdag, morsdag eller helgekosen. Revet&hellip;<\/p><\/div>\n\t\n\t\t<div class=\"wp-block-mills-block-recipe-info\">\n\t\t\t<div class=\"mills-block-recipe-info-item mills-block-recipe-info-item--difficulty\">Enkel<\/div>\n\t\t\t<div class=\"mills-block-recipe-info-item mills-block-recipe-info-item--time\">1 t 30 min<\/div>\n\t\t<\/div>\n<\/div>\n\n<\/a>\n<\/div>\n\n<div class=\"t2-featured-single-post t2-featured-content is-post-type-recipe brand-melange recipe_category-kaker-kos recipe_topic-bakst wp-block-t2-featured-single-post\" role=\"listitem\"><a class=\"t2-post-link wp-block-t2-post-link\" href=\"https:\/\/mills.no\/melange\/oppskrift\/gulrotrullekake\/\">\n<figure style=\"--t2-focal-point: 50% 50%;\" class=\"t2-post-featured-image has-image-ratio-16-9 wp-block-t2-post-featured-image\"><img loading=\"lazy\" decoding=\"async\" width=\"1600\" height=\"1067\" src=\"https:\/\/mills.no\/content\/uploads\/2018\/02\/Gulrotrullekake.jpg\" class=\"attachment-medium-large size-medium-large wp-post-image\" alt=\"Gulrotrullekake med ostekrem\" srcset=\"https:\/\/mills.no\/content\/uploads\/2018\/02\/Gulrotrullekake.jpg 1600w, https:\/\/mills.no\/content\/uploads\/2018\/02\/Gulrotrullekake-300x200.jpg 300w, https:\/\/mills.no\/content\/uploads\/2018\/02\/Gulrotrullekake-1024x683.jpg 1024w, https:\/\/mills.no\/content\/uploads\/2018\/02\/Gulrotrullekake-768x512.jpg 768w, https:\/\/mills.no\/content\/uploads\/2018\/02\/Gulrotrullekake-1536x1024.jpg 1536w, https:\/\/mills.no\/content\/uploads\/2018\/02\/Gulrotrullekake-80x53.jpg 80w\" sizes=\"auto, (max-width: 1600px) 100vw, 1600px\" \/><\/figure>\n\n<div class=\"wp-block-group alignfull is-layout-flow wp-block-group-is-layout-flow\">\n\t<h2 class=\"t2-post-title wp-block-t2-post-title\">Gulrotrullekake<\/h2>\n\t<div class=\"t2-post-excerpt wp-block-t2-post-excerpt\"><p>I denne kaken har vi tatt to favorittkaker, gulrotkake og rullekake, og samlet de i en himmelsk gulrotrullekake. Er du&hellip;<\/p><\/div>\n\t\n\t\t<div class=\"wp-block-mills-block-recipe-info\">\n\t\t\t<div class=\"mills-block-recipe-info-item mills-block-recipe-info-item--difficulty\">Middels<\/div>\n\t\t\t<div class=\"mills-block-recipe-info-item mills-block-recipe-info-item--time\">50 min<\/div>\n\t\t<\/div>\n<\/div>\n\n<\/a>\n<\/div>\n\n<div class=\"t2-featured-single-post t2-featured-content is-post-type-recipe brand-melange recipe_category-kaker-kos recipe_topic-bursdag wp-block-t2-featured-single-post\" role=\"listitem\"><a class=\"t2-post-link wp-block-t2-post-link\" href=\"https:\/\/mills.no\/melange\/oppskrift\/gravemaskinkake\/\">\n<figure style=\"--t2-focal-point: 50% 50%;\" class=\"t2-post-featured-image has-image-ratio-16-9 wp-block-t2-post-featured-image\"><img loading=\"lazy\" decoding=\"async\" width=\"1920\" height=\"1200\" src=\"https:\/\/mills.no\/content\/uploads\/2018\/07\/Sjokoladekake-med-gravemaskin.jpg\" class=\"attachment-medium-large size-medium-large wp-post-image\" alt=\"Sjokoladekake med gravemaskin p\u00e5 toppen. Foto.\" srcset=\"https:\/\/mills.no\/content\/uploads\/2018\/07\/Sjokoladekake-med-gravemaskin.jpg 1920w, https:\/\/mills.no\/content\/uploads\/2018\/07\/Sjokoladekake-med-gravemaskin-300x188.jpg 300w, https:\/\/mills.no\/content\/uploads\/2018\/07\/Sjokoladekake-med-gravemaskin-1024x640.jpg 1024w, https:\/\/mills.no\/content\/uploads\/2018\/07\/Sjokoladekake-med-gravemaskin-768x480.jpg 768w, https:\/\/mills.no\/content\/uploads\/2018\/07\/Sjokoladekake-med-gravemaskin-1536x960.jpg 1536w, https:\/\/mills.no\/content\/uploads\/2018\/07\/Sjokoladekake-med-gravemaskin-80x50.jpg 80w\" sizes=\"auto, (max-width: 1920px) 100vw, 1920px\" \/><\/figure>\n\n<div class=\"wp-block-group alignfull is-layout-flow wp-block-group-is-layout-flow\">\n\t<h2 class=\"t2-post-title wp-block-t2-post-title\">Gravemaskinkake<\/h2>\n\t<div class=\"t2-post-excerpt wp-block-t2-post-excerpt\"><p>Denne gravemaskinkaken er enkel, kjempegod og en perfekt bursdagskake \u00e5 bake til en som er glad i gravmaskiner og sjokolade.<\/p><\/div>\n\t\n\t\t<div class=\"wp-block-mills-block-recipe-info\">\n\t\t\t<div class=\"mills-block-recipe-info-item mills-block-recipe-info-item--difficulty\">Enkel<\/div>\n\t\t\t<div class=\"mills-block-recipe-info-item mills-block-recipe-info-item--time\">2 t<\/div>\n\t\t<\/div>\n<\/div>\n\n<\/a>\n<\/div>\n\n<div class=\"t2-featured-single-post t2-featured-content is-post-type-recipe brand-melange recipe_category-kaker-kos recipe_topic-17-mai recipe_topic-bursdag wp-block-t2-featured-single-post\" role=\"listitem\"><a class=\"t2-post-link wp-block-t2-post-link\" href=\"https:\/\/mills.no\/melange\/oppskrift\/iskake-med-bringebaer\/\">\n<figure style=\"--t2-focal-point: 50% 50%;\" class=\"t2-post-featured-image has-image-ratio-16-9 wp-block-t2-post-featured-image\"><img loading=\"lazy\" decoding=\"async\" width=\"1600\" height=\"1067\" src=\"https:\/\/mills.no\/content\/uploads\/2018\/04\/Iskake.jpg\" class=\"attachment-medium-large size-medium-large wp-post-image\" alt=\"Iskake med bringeb\u00e6r\" srcset=\"https:\/\/mills.no\/content\/uploads\/2018\/04\/Iskake.jpg 1600w, https:\/\/mills.no\/content\/uploads\/2018\/04\/Iskake-300x200.jpg 300w, https:\/\/mills.no\/content\/uploads\/2018\/04\/Iskake-1024x683.jpg 1024w, https:\/\/mills.no\/content\/uploads\/2018\/04\/Iskake-768x512.jpg 768w, https:\/\/mills.no\/content\/uploads\/2018\/04\/Iskake-1536x1024.jpg 1536w, https:\/\/mills.no\/content\/uploads\/2018\/04\/Iskake-80x53.jpg 80w\" sizes=\"auto, (max-width: 1600px) 100vw, 1600px\" \/><\/figure>\n\n<div class=\"wp-block-group alignfull is-layout-flow wp-block-group-is-layout-flow\">\n\t<h2 class=\"t2-post-title wp-block-t2-post-title\">Iskake med bringeb\u00e6r<\/h2>\n\t<div class=\"t2-post-excerpt wp-block-t2-post-excerpt\"><p>Denne lekre og friske iskaken er laget av fl\u00f8yelsmyk vaniljeiskrem, fylt med bringeb\u00e6r, p\u00e5 en knasende god kjeksbunn. Noe av&hellip;<\/p><\/div>\n\t\n\t\t<div class=\"wp-block-mills-block-recipe-info\">\n\t\t\t<div class=\"mills-block-recipe-info-item mills-block-recipe-info-item--difficulty\">Enkel<\/div>\n\t\t\t<div class=\"mills-block-recipe-info-item mills-block-recipe-info-item--time\">1 t<\/div>\n\t\t<\/div>\n<\/div>\n\n<\/a>\n<\/div>\n\n<div class=\"t2-featured-single-post t2-featured-content is-post-type-recipe brand-melange recipe_category-allergivennlig recipe_category-kaker-kos recipe_topic-17-mai recipe_topic-bursdag wp-block-t2-featured-single-post\" role=\"listitem\"><a class=\"t2-post-link wp-block-t2-post-link\" href=\"https:\/\/mills.no\/melange\/oppskrift\/jordbaerostekake\/\">\n<figure style=\"--t2-focal-point: 50% 50%;\" class=\"t2-post-featured-image has-image-ratio-16-9 wp-block-t2-post-featured-image\"><img loading=\"lazy\" decoding=\"async\" width=\"1600\" height=\"1067\" src=\"https:\/\/mills.no\/content\/uploads\/2018\/05\/Glutenfri-ostekake.jpg\" class=\"attachment-medium-large size-medium-large wp-post-image\" alt=\"Glutenfri ostekake med jordb\u00e6r\" srcset=\"https:\/\/mills.no\/content\/uploads\/2018\/05\/Glutenfri-ostekake.jpg 1600w, https:\/\/mills.no\/content\/uploads\/2018\/05\/Glutenfri-ostekake-300x200.jpg 300w, https:\/\/mills.no\/content\/uploads\/2018\/05\/Glutenfri-ostekake-1024x683.jpg 1024w, https:\/\/mills.no\/content\/uploads\/2018\/05\/Glutenfri-ostekake-768x512.jpg 768w, https:\/\/mills.no\/content\/uploads\/2018\/05\/Glutenfri-ostekake-1536x1024.jpg 1536w, https:\/\/mills.no\/content\/uploads\/2018\/05\/Glutenfri-ostekake-80x53.jpg 80w\" sizes=\"auto, (max-width: 1600px) 100vw, 1600px\" \/><\/figure>\n\n<div class=\"wp-block-group alignfull is-layout-flow wp-block-group-is-layout-flow\">\n\t<h2 class=\"t2-post-title wp-block-t2-post-title\">Jordb\u00e6rostekake<\/h2>\n\t<div class=\"t2-post-excerpt wp-block-t2-post-excerpt\"><p>Dette er en frisk og fyldig jordb\u00e6rostekake som er laget med en knasende god glutenfri kjeksbunn. Denne festkaken kan du&hellip;<\/p><\/div>\n\t\n\t\t<div class=\"wp-block-mills-block-recipe-info\">\n\t\t\t<div class=\"mills-block-recipe-info-item mills-block-recipe-info-item--difficulty\">Middels<\/div>\n\t\t\t<div class=\"mills-block-recipe-info-item mills-block-recipe-info-item--time\">4 t 50 min<\/div>\n\t\t<\/div>\n<\/div>\n\n<\/a>\n<\/div>\n\n<div class=\"t2-featured-single-post t2-featured-content is-post-type-recipe brand-melange recipe_category-kaker-kos recipe_topic-bursdag wp-block-t2-featured-single-post\" role=\"listitem\"><a class=\"t2-post-link wp-block-t2-post-link\" href=\"https:\/\/mills.no\/melange\/oppskrift\/kakedeig-i-iskjeks\/\">\n<figure style=\"--t2-focal-point: 50% 50%;\" class=\"t2-post-featured-image has-image-ratio-16-9 wp-block-t2-post-featured-image\"><img loading=\"lazy\" decoding=\"async\" width=\"1920\" height=\"1000\" src=\"https:\/\/mills.no\/content\/uploads\/2017\/04\/Kakedeig-i-iskjeks.jpg\" class=\"attachment-medium-large size-medium-large wp-post-image\" alt=\"Kakedeig i iskjeks. Foto.\" srcset=\"https:\/\/mills.no\/content\/uploads\/2017\/04\/Kakedeig-i-iskjeks.jpg 1920w, https:\/\/mills.no\/content\/uploads\/2017\/04\/Kakedeig-i-iskjeks-300x156.jpg 300w, https:\/\/mills.no\/content\/uploads\/2017\/04\/Kakedeig-i-iskjeks-1024x533.jpg 1024w, https:\/\/mills.no\/content\/uploads\/2017\/04\/Kakedeig-i-iskjeks-768x400.jpg 768w, https:\/\/mills.no\/content\/uploads\/2017\/04\/Kakedeig-i-iskjeks-1536x800.jpg 1536w, https:\/\/mills.no\/content\/uploads\/2017\/04\/Kakedeig-i-iskjeks-80x42.jpg 80w\" sizes=\"auto, (max-width: 1920px) 100vw, 1920px\" \/><\/figure>\n\n<div class=\"wp-block-group alignfull is-layout-flow wp-block-group-is-layout-flow\">\n\t<h2 class=\"t2-post-title wp-block-t2-post-title\">Kakedeig i iskjeks<\/h2>\n\t<div class=\"t2-post-excerpt wp-block-t2-post-excerpt\"><p>Kakedeig i iskjeks er den nye trenddesserten alle snakker om i New York. Der finnes det til og med egne&hellip;<\/p><\/div>\n\t\n\t\t<div class=\"wp-block-mills-block-recipe-info\">\n\t\t\t<div class=\"mills-block-recipe-info-item mills-block-recipe-info-item--difficulty\">Enkel<\/div>\n\t\t\t<div class=\"mills-block-recipe-info-item mills-block-recipe-info-item--time\">10 min<\/div>\n\t\t<\/div>\n<\/div>\n\n<\/a>\n<\/div>\n\n<div class=\"t2-featured-single-post t2-featured-content is-post-type-recipe brand-melange recipe_category-bakst-og-brod recipe_category-kaker-kos recipe_topic-gjaerbakst wp-block-t2-featured-single-post\" role=\"listitem\"><a class=\"t2-post-link wp-block-t2-post-link\" href=\"https:\/\/mills.no\/melange\/oppskrift\/kanelbollekake-med-eplefyll\/\">\n<figure style=\"--t2-focal-point: 50% 50%;\" class=\"t2-post-featured-image has-image-ratio-16-9 wp-block-t2-post-featured-image\"><img loading=\"lazy\" decoding=\"async\" width=\"1600\" height=\"986\" src=\"https:\/\/mills.no\/content\/uploads\/2018\/05\/Kanelbolleeplekake.jpg\" class=\"attachment-medium-large size-medium-large wp-post-image\" alt=\"Kanelbolleeplekake\" srcset=\"https:\/\/mills.no\/content\/uploads\/2018\/05\/Kanelbolleeplekake.jpg 1600w, https:\/\/mills.no\/content\/uploads\/2018\/05\/Kanelbolleeplekake-300x185.jpg 300w, https:\/\/mills.no\/content\/uploads\/2018\/05\/Kanelbolleeplekake-1024x631.jpg 1024w, https:\/\/mills.no\/content\/uploads\/2018\/05\/Kanelbolleeplekake-768x473.jpg 768w, https:\/\/mills.no\/content\/uploads\/2018\/05\/Kanelbolleeplekake-1536x947.jpg 1536w, https:\/\/mills.no\/content\/uploads\/2018\/05\/Kanelbolleeplekake-80x49.jpg 80w\" sizes=\"auto, (max-width: 1600px) 100vw, 1600px\" \/><\/figure>\n\n<div class=\"wp-block-group alignfull is-layout-flow wp-block-group-is-layout-flow\">\n\t<h2 class=\"t2-post-title wp-block-t2-post-title\">Kanelbollekake med eplefyll<\/h2>\n\t<div class=\"t2-post-excerpt wp-block-t2-post-excerpt\"><p>Klarer du ikke \u00e5 bestemme deg for om du skal lage kanelboller eller eplekake? Sl\u00e5 de to herlige bakverkene sammen&hellip;<\/p><\/div>\n\t\n\t\t<div class=\"wp-block-mills-block-recipe-info\">\n\t\t\t<div class=\"mills-block-recipe-info-item mills-block-recipe-info-item--difficulty\">Middels<\/div>\n\t\t\t<div class=\"mills-block-recipe-info-item mills-block-recipe-info-item--time\">2 t 30 min<\/div>\n\t\t<\/div>\n<\/div>\n\n<\/a>\n<\/div>\n\n<div class=\"t2-featured-single-post t2-featured-content is-post-type-recipe brand-melange recipe_category-kaker-kos wp-block-t2-featured-single-post\" role=\"listitem\"><a class=\"t2-post-link wp-block-t2-post-link\" href=\"https:\/\/mills.no\/melange\/oppskrift\/key-lime-pie\/\">\n<figure style=\"--t2-focal-point: 50% 50%;\" class=\"t2-post-featured-image has-image-ratio-16-9 wp-block-t2-post-featured-image\"><img loading=\"lazy\" decoding=\"async\" width=\"1600\" height=\"1067\" src=\"https:\/\/mills.no\/content\/uploads\/2019\/06\/Key-lime-pie.jpg\" class=\"attachment-medium-large size-medium-large wp-post-image\" alt=\"Key lime pie\" srcset=\"https:\/\/mills.no\/content\/uploads\/2019\/06\/Key-lime-pie.jpg 1600w, https:\/\/mills.no\/content\/uploads\/2019\/06\/Key-lime-pie-300x200.jpg 300w, https:\/\/mills.no\/content\/uploads\/2019\/06\/Key-lime-pie-1024x683.jpg 1024w, https:\/\/mills.no\/content\/uploads\/2019\/06\/Key-lime-pie-768x512.jpg 768w, https:\/\/mills.no\/content\/uploads\/2019\/06\/Key-lime-pie-1536x1024.jpg 1536w, https:\/\/mills.no\/content\/uploads\/2019\/06\/Key-lime-pie-80x53.jpg 80w\" sizes=\"auto, (max-width: 1600px) 100vw, 1600px\" \/><\/figure>\n\n<div class=\"wp-block-group alignfull is-layout-flow wp-block-group-is-layout-flow\">\n\t<h2 class=\"t2-post-title wp-block-t2-post-title\">Key lime pie<\/h2>\n\t<div class=\"t2-post-excerpt wp-block-t2-post-excerpt\"><p>Key lime pie er en amerikansk klassiker som har f\u00e5tt navnet sitt etter de sm\u00e5, aromatiske key lime-fruktene som gror&hellip;<\/p><\/div>\n\t\n\t\t<div class=\"wp-block-mills-block-recipe-info\">\n\t\t\t<div class=\"mills-block-recipe-info-item mills-block-recipe-info-item--difficulty\">Enkel<\/div>\n\t\t\t<div class=\"mills-block-recipe-info-item mills-block-recipe-info-item--time\">2 t<\/div>\n\t\t<\/div>\n<\/div>\n\n<\/a>\n<\/div>\n\n<div class=\"t2-featured-single-post t2-featured-content is-post-type-recipe brand-melange recipe_category-kaker-kos recipe_topic-sjokolade wp-block-t2-featured-single-post\" role=\"listitem\"><a class=\"t2-post-link wp-block-t2-post-link\" href=\"https:\/\/mills.no\/melange\/oppskrift\/kladdkake\/\">\n<figure style=\"--t2-focal-point: 50% 50%;\" class=\"t2-post-featured-image has-image-ratio-16-9 wp-block-t2-post-featured-image\"><img loading=\"lazy\" decoding=\"async\" width=\"1600\" height=\"1067\" src=\"https:\/\/mills.no\/content\/uploads\/2018\/05\/Kladdkake.jpg\" class=\"attachment-medium-large size-medium-large wp-post-image\" alt=\"Kladdkake\" srcset=\"https:\/\/mills.no\/content\/uploads\/2018\/05\/Kladdkake.jpg 1600w, https:\/\/mills.no\/content\/uploads\/2018\/05\/Kladdkake-300x200.jpg 300w, https:\/\/mills.no\/content\/uploads\/2018\/05\/Kladdkake-1024x683.jpg 1024w, https:\/\/mills.no\/content\/uploads\/2018\/05\/Kladdkake-768x512.jpg 768w, https:\/\/mills.no\/content\/uploads\/2018\/05\/Kladdkake-1536x1024.jpg 1536w, https:\/\/mills.no\/content\/uploads\/2018\/05\/Kladdkake-80x53.jpg 80w\" sizes=\"auto, (max-width: 1600px) 100vw, 1600px\" \/><\/figure>\n\n<div class=\"wp-block-group alignfull is-layout-flow wp-block-group-is-layout-flow\">\n\t<h2 class=\"t2-post-title wp-block-t2-post-title\">Kladdkake<\/h2>\n\t<div class=\"t2-post-excerpt wp-block-t2-post-excerpt\"><p>Denne sjokoladekaken er en svensk klassiker og kalles i v\u00e5rt naboland for \u00abkladdkaka\u00bb. Kaken er s\u00e5 popul\u00e6r at den til&hellip;<\/p><\/div>\n\t\n\t\t<div class=\"wp-block-mills-block-recipe-info\">\n\t\t\t<div class=\"mills-block-recipe-info-item mills-block-recipe-info-item--difficulty\">Enkel<\/div>\n\t\t\t<div class=\"mills-block-recipe-info-item mills-block-recipe-info-item--time\">30 min<\/div>\n\t\t<\/div>\n<\/div>\n\n<\/a>\n<\/div>\n\n<div class=\"t2-featured-single-post t2-featured-content is-post-type-recipe brand-melange recipe_category-kaker-kos recipe_topic-bursdag wp-block-t2-featured-single-post\" role=\"listitem\"><a class=\"t2-post-link wp-block-t2-post-link\" href=\"https:\/\/mills.no\/melange\/oppskrift\/klassisk-jordbaerkake\/\">\n<figure style=\"--t2-focal-point: 50% 50%;\" class=\"t2-post-featured-image has-image-ratio-16-9 wp-block-t2-post-featured-image\"><img loading=\"lazy\" decoding=\"async\" width=\"1920\" height=\"1280\" src=\"https:\/\/mills.no\/content\/uploads\/2017\/06\/Jordbaerkake.jpg\" class=\"attachment-medium-large size-medium-large wp-post-image\" alt=\"Klassisk jordb\u00e6rkake med lime. Foto.\" srcset=\"https:\/\/mills.no\/content\/uploads\/2017\/06\/Jordbaerkake.jpg 1920w, https:\/\/mills.no\/content\/uploads\/2017\/06\/Jordbaerkake-300x200.jpg 300w, https:\/\/mills.no\/content\/uploads\/2017\/06\/Jordbaerkake-1024x683.jpg 1024w, https:\/\/mills.no\/content\/uploads\/2017\/06\/Jordbaerkake-768x512.jpg 768w, https:\/\/mills.no\/content\/uploads\/2017\/06\/Jordbaerkake-1536x1024.jpg 1536w, https:\/\/mills.no\/content\/uploads\/2017\/06\/Jordbaerkake-80x53.jpg 80w\" sizes=\"auto, (max-width: 1920px) 100vw, 1920px\" \/><\/figure>\n\n<div class=\"wp-block-group alignfull is-layout-flow wp-block-group-is-layout-flow\">\n\t<h2 class=\"t2-post-title wp-block-t2-post-title\">Klassisk jordb\u00e6rkake med lime<\/h2>\n\t<div class=\"t2-post-excerpt wp-block-t2-post-excerpt\"><p>Det er f\u00e5 ting som smaker av sommer som en klassisk jordb\u00e6rkake. I denne oppskriften har vi tatt den klassiske&hellip;<\/p><\/div>\n\t\n\t\t<div class=\"wp-block-mills-block-recipe-info\">\n\t\t\t<div class=\"mills-block-recipe-info-item mills-block-recipe-info-item--difficulty\">Middels<\/div>\n\t\t\t<div class=\"mills-block-recipe-info-item mills-block-recipe-info-item--time\">1 t 30 min<\/div>\n\t\t<\/div>\n<\/div>\n\n<\/a>\n<\/div>\n\n<div class=\"t2-featured-single-post t2-featured-content is-post-type-recipe brand-melange recipe_category-bakst-og-brod recipe_topic-17-mai recipe_topic-gjaerbakst wp-block-t2-featured-single-post\" role=\"listitem\"><a class=\"t2-post-link wp-block-t2-post-link\" href=\"https:\/\/mills.no\/melange\/oppskrift\/klassisk-kringle-med-marsipanfyll\/\">\n<figure style=\"--t2-focal-point: 50% 50%;\" class=\"t2-post-featured-image has-image-ratio-16-9 wp-block-t2-post-featured-image\"><img loading=\"lazy\" decoding=\"async\" width=\"1600\" height=\"1030\" src=\"https:\/\/mills.no\/content\/uploads\/2019\/04\/Kringle-med-marsipanfyll.jpg\" class=\"attachment-medium-large size-medium-large wp-post-image\" alt=\"Kringle med marsipanfyll\" srcset=\"https:\/\/mills.no\/content\/uploads\/2019\/04\/Kringle-med-marsipanfyll.jpg 1600w, https:\/\/mills.no\/content\/uploads\/2019\/04\/Kringle-med-marsipanfyll-300x193.jpg 300w, https:\/\/mills.no\/content\/uploads\/2019\/04\/Kringle-med-marsipanfyll-1024x659.jpg 1024w, https:\/\/mills.no\/content\/uploads\/2019\/04\/Kringle-med-marsipanfyll-768x494.jpg 768w, https:\/\/mills.no\/content\/uploads\/2019\/04\/Kringle-med-marsipanfyll-1536x989.jpg 1536w, https:\/\/mills.no\/content\/uploads\/2019\/04\/Kringle-med-marsipanfyll-80x52.jpg 80w\" sizes=\"auto, (max-width: 1600px) 100vw, 1600px\" \/><\/figure>\n\n<div class=\"wp-block-group alignfull is-layout-flow wp-block-group-is-layout-flow\">\n\t<h2 class=\"t2-post-title wp-block-t2-post-title\">Klassisk kringle med marsipanfyll<\/h2>\n\t<div class=\"t2-post-excerpt wp-block-t2-post-excerpt\"><p>Skal du bake gj\u00e6rbakst til mange er klassisk kringle med fyll en sikker vinner. Utgangspunktet er egentlig det samme som&hellip;<\/p><\/div>\n\t\n\t\t<div class=\"wp-block-mills-block-recipe-info\">\n\t\t\t<div class=\"mills-block-recipe-info-item mills-block-recipe-info-item--difficulty\">Middels<\/div>\n\t\t\t<div class=\"mills-block-recipe-info-item mills-block-recipe-info-item--time\">3 t 40 min<\/div>\n\t\t<\/div>\n<\/div>\n\n<\/a>\n<\/div>\n\n<div class=\"t2-featured-single-post t2-featured-content is-post-type-recipe brand-melange recipe_category-kaker-kos recipe_topic-17-mai wp-block-t2-featured-single-post\" role=\"listitem\"><a class=\"t2-post-link wp-block-t2-post-link\" href=\"https:\/\/mills.no\/melange\/oppskrift\/klassisk-ostekake\/\">\n<figure style=\"--t2-focal-point: 50% 50%;\" class=\"t2-post-featured-image has-image-ratio-16-9 wp-block-t2-post-featured-image\"><img loading=\"lazy\" decoding=\"async\" width=\"1600\" height=\"1067\" src=\"https:\/\/mills.no\/content\/uploads\/2017\/05\/Ostekake1.jpg\" class=\"attachment-medium-large size-medium-large wp-post-image\" alt=\"Klassisk ostekake\" srcset=\"https:\/\/mills.no\/content\/uploads\/2017\/05\/Ostekake1.jpg 1600w, https:\/\/mills.no\/content\/uploads\/2017\/05\/Ostekake1-300x200.jpg 300w, https:\/\/mills.no\/content\/uploads\/2017\/05\/Ostekake1-1024x683.jpg 1024w, https:\/\/mills.no\/content\/uploads\/2017\/05\/Ostekake1-768x512.jpg 768w, https:\/\/mills.no\/content\/uploads\/2017\/05\/Ostekake1-1536x1024.jpg 1536w, https:\/\/mills.no\/content\/uploads\/2017\/05\/Ostekake1-80x53.jpg 80w\" sizes=\"auto, (max-width: 1600px) 100vw, 1600px\" \/><\/figure>\n\n<div class=\"wp-block-group alignfull is-layout-flow wp-block-group-is-layout-flow\">\n\t<h2 class=\"t2-post-title wp-block-t2-post-title\">Klassisk ostekake<\/h2>\n\t<div class=\"t2-post-excerpt wp-block-t2-post-excerpt\"><p>Denne ostekaken har alt &#8211; den smaker kjempegodt, er enkel \u00e5 lage og ser kjempefin ut. I tillegg kan du&hellip;<\/p><\/div>\n\t\n\t\t<div class=\"wp-block-mills-block-recipe-info\">\n\t\t\t<div class=\"mills-block-recipe-info-item mills-block-recipe-info-item--difficulty\">Enkel<\/div>\n\t\t\t<div class=\"mills-block-recipe-info-item mills-block-recipe-info-item--time\">30 min<\/div>\n\t\t<\/div>\n<\/div>\n\n<\/a>\n<\/div>\n\n<div class=\"t2-featured-single-post t2-featured-content is-post-type-recipe brand-melange recipe_category-kaker-kos recipe_topic-17-mai recipe_topic-bakst recipe_topic-bursdag wp-block-t2-featured-single-post\" role=\"listitem\"><a class=\"t2-post-link wp-block-t2-post-link\" href=\"https:\/\/mills.no\/melange\/oppskrift\/kokosbollekake\/\">\n<figure style=\"--t2-focal-point: 50% 50%;\" class=\"t2-post-featured-image has-image-ratio-16-9 wp-block-t2-post-featured-image\"><img loading=\"lazy\" decoding=\"async\" width=\"1600\" height=\"1067\" src=\"https:\/\/mills.no\/content\/uploads\/2020\/02\/Kokosbollekake-med-stykke.jpg\" class=\"attachment-medium-large size-medium-large wp-post-image\" alt=\"Kokosbollekake med stykke pent plassert p\u00e5 et kakefat\" srcset=\"https:\/\/mills.no\/content\/uploads\/2020\/02\/Kokosbollekake-med-stykke.jpg 1600w, https:\/\/mills.no\/content\/uploads\/2020\/02\/Kokosbollekake-med-stykke-300x200.jpg 300w, https:\/\/mills.no\/content\/uploads\/2020\/02\/Kokosbollekake-med-stykke-1024x683.jpg 1024w, https:\/\/mills.no\/content\/uploads\/2020\/02\/Kokosbollekake-med-stykke-768x512.jpg 768w, https:\/\/mills.no\/content\/uploads\/2020\/02\/Kokosbollekake-med-stykke-1536x1024.jpg 1536w, https:\/\/mills.no\/content\/uploads\/2020\/02\/Kokosbollekake-med-stykke-80x53.jpg 80w\" sizes=\"auto, (max-width: 1600px) 100vw, 1600px\" \/><\/figure>\n\n<div class=\"wp-block-group alignfull is-layout-flow wp-block-group-is-layout-flow\">\n\t<h2 class=\"t2-post-title wp-block-t2-post-title\">Kokosbollekake<\/h2>\n\t<div class=\"t2-post-excerpt wp-block-t2-post-excerpt\"><p>Denne delikate og luftige kokosbollekaken er en favoritt blant b\u00e5de sm\u00e5 og store. Kaken lages helt uten steking, men litt&hellip;<\/p><\/div>\n\t\n\t\t<div class=\"wp-block-mills-block-recipe-info\">\n\t\t\t<div class=\"mills-block-recipe-info-item mills-block-recipe-info-item--difficulty\">Middels<\/div>\n\t\t\t<div class=\"mills-block-recipe-info-item mills-block-recipe-info-item--time\">6 t<\/div>\n\t\t<\/div>\n<\/div>\n\n<\/a>\n<\/div>\n\n<div class=\"t2-featured-single-post t2-featured-content is-post-type-recipe brand-melange recipe_category-jul recipe_category-kaker-kos recipe_topic-17-mai recipe_topic-bursdag wp-block-t2-featured-single-post\" role=\"listitem\"><a class=\"t2-post-link wp-block-t2-post-link\" href=\"https:\/\/mills.no\/melange\/oppskrift\/kransekake\/\">\n<figure style=\"--t2-focal-point: 50% 50%;\" class=\"t2-post-featured-image has-image-ratio-16-9 wp-block-t2-post-featured-image\"><img loading=\"lazy\" decoding=\"async\" width=\"1600\" height=\"1067\" src=\"https:\/\/mills.no\/content\/uploads\/2018\/11\/Kransekake.jpg\" class=\"attachment-medium-large size-medium-large wp-post-image\" alt=\"Kransekake\" srcset=\"https:\/\/mills.no\/content\/uploads\/2018\/11\/Kransekake.jpg 1600w, https:\/\/mills.no\/content\/uploads\/2018\/11\/Kransekake-300x200.jpg 300w, https:\/\/mills.no\/content\/uploads\/2018\/11\/Kransekake-1024x683.jpg 1024w, https:\/\/mills.no\/content\/uploads\/2018\/11\/Kransekake-768x512.jpg 768w, https:\/\/mills.no\/content\/uploads\/2018\/11\/Kransekake-1536x1024.jpg 1536w, https:\/\/mills.no\/content\/uploads\/2018\/11\/Kransekake-80x53.jpg 80w\" sizes=\"auto, (max-width: 1600px) 100vw, 1600px\" \/><\/figure>\n\n<div class=\"wp-block-group alignfull is-layout-flow wp-block-group-is-layout-flow\">\n\t<h2 class=\"t2-post-title wp-block-t2-post-title\">Kransekake<\/h2>\n\t<div class=\"t2-post-excerpt wp-block-t2-post-excerpt\"><p>Kransekake er en skikkelig festkake du finner p\u00e5 kakebordet ved store og sm\u00e5 begivenheter. Den kan enkelt tilpasses til enhver&hellip;<\/p><\/div>\n\t\n\t\t<div class=\"wp-block-mills-block-recipe-info\">\n\t\t\t<div class=\"mills-block-recipe-info-item mills-block-recipe-info-item--difficulty\">Avansert<\/div>\n\t\t\t<div class=\"mills-block-recipe-info-item mills-block-recipe-info-item--time\">2 t 30 min<\/div>\n\t\t<\/div>\n<\/div>\n\n<\/a>\n<\/div>\n\n<div class=\"t2-featured-single-post t2-featured-content is-post-type-recipe brand-melange recipe_category-kaker-kos recipe_topic-bakst wp-block-t2-featured-single-post\" role=\"listitem\"><a class=\"t2-post-link wp-block-t2-post-link\" href=\"https:\/\/mills.no\/melange\/oppskrift\/krydderkake-i-langpanne\/\">\n<figure style=\"--t2-focal-point: 50% 50%;\" class=\"t2-post-featured-image has-image-ratio-16-9 wp-block-t2-post-featured-image\"><img loading=\"lazy\" decoding=\"async\" width=\"1600\" height=\"872\" src=\"https:\/\/mills.no\/content\/uploads\/2018\/04\/Krydderkake-i-langpanne.jpg\" class=\"attachment-medium-large size-medium-large wp-post-image\" alt=\"Krydderkake i langpanne\" srcset=\"https:\/\/mills.no\/content\/uploads\/2018\/04\/Krydderkake-i-langpanne.jpg 1600w, https:\/\/mills.no\/content\/uploads\/2018\/04\/Krydderkake-i-langpanne-300x164.jpg 300w, https:\/\/mills.no\/content\/uploads\/2018\/04\/Krydderkake-i-langpanne-1024x558.jpg 1024w, https:\/\/mills.no\/content\/uploads\/2018\/04\/Krydderkake-i-langpanne-768x419.jpg 768w, https:\/\/mills.no\/content\/uploads\/2018\/04\/Krydderkake-i-langpanne-1536x837.jpg 1536w, https:\/\/mills.no\/content\/uploads\/2018\/04\/Krydderkake-i-langpanne-80x44.jpg 80w\" sizes=\"auto, (max-width: 1600px) 100vw, 1600px\" \/><\/figure>\n\n<div class=\"wp-block-group alignfull is-layout-flow wp-block-group-is-layout-flow\">\n\t<h2 class=\"t2-post-title wp-block-t2-post-title\">Krydderkake i langpanne<\/h2>\n\t<div class=\"t2-post-excerpt wp-block-t2-post-excerpt\"><p>Denne krydderkaken er saftig og full av gode smaker som kanel, kardemomme og ingef\u00e6r. Toppet med en frisk ostekrem-glasur er&hellip;<\/p><\/div>\n\t\n\t\t<div class=\"wp-block-mills-block-recipe-info\">\n\t\t\t<div class=\"mills-block-recipe-info-item mills-block-recipe-info-item--difficulty\">Enkel<\/div>\n\t\t\t<div class=\"mills-block-recipe-info-item mills-block-recipe-info-item--time\">1 t 10 min<\/div>\n\t\t<\/div>\n<\/div>\n\n<\/a>\n<\/div>\n\n<div class=\"t2-featured-single-post t2-featured-content is-post-type-recipe brand-melange recipe_category-kaker-kos recipe_topic-bakst wp-block-t2-featured-single-post\" role=\"listitem\"><a class=\"t2-post-link wp-block-t2-post-link\" href=\"https:\/\/mills.no\/melange\/oppskrift\/kvaefjordkake-verdens-beste\/\">\n<figure style=\"--t2-focal-point: 50% 50%;\" class=\"t2-post-featured-image has-image-ratio-16-9 wp-block-t2-post-featured-image\"><img loading=\"lazy\" decoding=\"async\" width=\"1600\" height=\"1067\" src=\"https:\/\/mills.no\/content\/uploads\/2018\/02\/KvC3A6fjordkake-hel.jpg\" class=\"attachment-medium-large size-medium-large wp-post-image\" alt=\"Kv\u00e6fjordkake - verdens beste\" srcset=\"https:\/\/mills.no\/content\/uploads\/2018\/02\/KvC3A6fjordkake-hel.jpg 1600w, https:\/\/mills.no\/content\/uploads\/2018\/02\/KvC3A6fjordkake-hel-300x200.jpg 300w, https:\/\/mills.no\/content\/uploads\/2018\/02\/KvC3A6fjordkake-hel-1024x683.jpg 1024w, https:\/\/mills.no\/content\/uploads\/2018\/02\/KvC3A6fjordkake-hel-768x512.jpg 768w, https:\/\/mills.no\/content\/uploads\/2018\/02\/KvC3A6fjordkake-hel-1536x1024.jpg 1536w, https:\/\/mills.no\/content\/uploads\/2018\/02\/KvC3A6fjordkake-hel-80x53.jpg 80w\" sizes=\"auto, (max-width: 1600px) 100vw, 1600px\" \/><\/figure>\n\n<div class=\"wp-block-group alignfull is-layout-flow wp-block-group-is-layout-flow\">\n\t<h2 class=\"t2-post-title wp-block-t2-post-title\">Kv\u00e6fjordkake &#8211; Verdens beste<\/h2>\n\t<div class=\"t2-post-excerpt wp-block-t2-post-excerpt\"><p>Kaken som i 2002 ble k\u00e5ret til Norges nasjonalkake av Nitimens lyttere, er kjent b\u00e5de som kv\u00e6fjordkake, verdens beste og&hellip;<\/p><\/div>\n\t\n\t\t<div class=\"wp-block-mills-block-recipe-info\">\n\t\t\t<div class=\"mills-block-recipe-info-item mills-block-recipe-info-item--difficulty\">Middels<\/div>\n\t\t\t<div class=\"mills-block-recipe-info-item mills-block-recipe-info-item--time\">1 t 10 min<\/div>\n\t\t<\/div>\n<\/div>\n\n<\/a>\n<\/div>\n\n<div class=\"t2-featured-single-post t2-featured-content is-post-type-recipe brand-melange recipe_category-kaker-kos recipe_topic-bursdag recipe_topic-paske wp-block-t2-featured-single-post\" role=\"listitem\"><a class=\"t2-post-link wp-block-t2-post-link\" href=\"https:\/\/mills.no\/melange\/oppskrift\/kvikklunsjkake\/\">\n<figure style=\"--t2-focal-point: 50% 50%;\" class=\"t2-post-featured-image has-image-ratio-16-9 wp-block-t2-post-featured-image\"><img loading=\"lazy\" decoding=\"async\" width=\"1600\" height=\"1067\" src=\"https:\/\/mills.no\/content\/uploads\/2018\/04\/Kvikklunsjkake.jpg\" class=\"attachment-medium-large size-medium-large wp-post-image\" alt=\"Kvikklunsjkake\" srcset=\"https:\/\/mills.no\/content\/uploads\/2018\/04\/Kvikklunsjkake.jpg 1600w, https:\/\/mills.no\/content\/uploads\/2018\/04\/Kvikklunsjkake-300x200.jpg 300w, https:\/\/mills.no\/content\/uploads\/2018\/04\/Kvikklunsjkake-1024x683.jpg 1024w, https:\/\/mills.no\/content\/uploads\/2018\/04\/Kvikklunsjkake-768x512.jpg 768w, https:\/\/mills.no\/content\/uploads\/2018\/04\/Kvikklunsjkake-1536x1024.jpg 1536w, https:\/\/mills.no\/content\/uploads\/2018\/04\/Kvikklunsjkake-80x53.jpg 80w\" sizes=\"auto, (max-width: 1600px) 100vw, 1600px\" \/><\/figure>\n\n<div class=\"wp-block-group alignfull is-layout-flow wp-block-group-is-layout-flow\">\n\t<h2 class=\"t2-post-title wp-block-t2-post-title\">Kvikklunsjkake<\/h2>\n\t<div class=\"t2-post-excerpt wp-block-t2-post-excerpt\"><p>Kvikklunsjkake ser imponerende flott ut og smaker enda bedre. Dette er en lettvint sjokoladekake som vil fort bli en favoritt&hellip;<\/p><\/div>\n\t\n\t\t<div class=\"wp-block-mills-block-recipe-info\">\n\t\t\t<div class=\"mills-block-recipe-info-item mills-block-recipe-info-item--difficulty\">Enkel<\/div>\n\t\t\t<div class=\"mills-block-recipe-info-item mills-block-recipe-info-item--time\">1 t<\/div>\n\t\t<\/div>\n<\/div>\n\n<\/a>\n<\/div>\n\n<div class=\"t2-featured-single-post t2-featured-content is-post-type-recipe brand-melange recipe_category-allergivennlig recipe_category-kaker-kos recipe_topic-17-mai recipe_topic-bursdag recipe_topic-sjokolade wp-block-t2-featured-single-post\" role=\"listitem\"><a class=\"t2-post-link wp-block-t2-post-link\" href=\"https:\/\/mills.no\/melange\/oppskrift\/marengskake-sjokolade-karamellkrem\/\">\n<figure style=\"--t2-focal-point: 50% 50%;\" class=\"t2-post-featured-image has-image-ratio-16-9 wp-block-t2-post-featured-image\"><img loading=\"lazy\" decoding=\"async\" width=\"1600\" height=\"1043\" src=\"https:\/\/mills.no\/content\/uploads\/2018\/05\/Glutenfri-toffifee-kake.jpg\" class=\"attachment-medium-large size-medium-large wp-post-image\" alt=\"Glutenfri marengskake med toffifee\" srcset=\"https:\/\/mills.no\/content\/uploads\/2018\/05\/Glutenfri-toffifee-kake.jpg 1600w, https:\/\/mills.no\/content\/uploads\/2018\/05\/Glutenfri-toffifee-kake-300x196.jpg 300w, https:\/\/mills.no\/content\/uploads\/2018\/05\/Glutenfri-toffifee-kake-1024x668.jpg 1024w, https:\/\/mills.no\/content\/uploads\/2018\/05\/Glutenfri-toffifee-kake-768x501.jpg 768w, https:\/\/mills.no\/content\/uploads\/2018\/05\/Glutenfri-toffifee-kake-1536x1001.jpg 1536w, https:\/\/mills.no\/content\/uploads\/2018\/05\/Glutenfri-toffifee-kake-80x52.jpg 80w\" sizes=\"auto, (max-width: 1600px) 100vw, 1600px\" \/><\/figure>\n\n<div class=\"wp-block-group alignfull is-layout-flow wp-block-group-is-layout-flow\">\n\t<h2 class=\"t2-post-title wp-block-t2-post-title\">Marengskake med sjokolade og karamellkrem<\/h2>\n\t<div class=\"t2-post-excerpt wp-block-t2-post-excerpt\"><p>Dette er en skikkelig festkake med en knasende god marengs og en vidunderlig krem av sjokolade og karamell. En fyldig&hellip;<\/p><\/div>\n\t\n\t\t<div class=\"wp-block-mills-block-recipe-info\">\n\t\t\t<div class=\"mills-block-recipe-info-item mills-block-recipe-info-item--difficulty\">Middels<\/div>\n\t\t\t<div class=\"mills-block-recipe-info-item mills-block-recipe-info-item--time\">2 t<\/div>\n\t\t<\/div>\n<\/div>\n\n<\/a>\n<\/div>\n\n<div class=\"t2-featured-single-post t2-featured-content is-post-type-recipe brand-melange recipe_category-kaker-kos recipe_topic-bakst wp-block-t2-featured-single-post\" role=\"listitem\"><a class=\"t2-post-link wp-block-t2-post-link\" href=\"https:\/\/mills.no\/melange\/oppskrift\/marmorkake\/\">\n<figure style=\"--t2-focal-point: 50% 50%;\" class=\"t2-post-featured-image has-image-ratio-16-9 wp-block-t2-post-featured-image\"><img loading=\"lazy\" decoding=\"async\" width=\"1600\" height=\"1067\" src=\"https:\/\/mills.no\/content\/uploads\/2018\/02\/Marmorkake.jpg\" class=\"attachment-medium-large size-medium-large wp-post-image\" alt=\"Marmorkake\" srcset=\"https:\/\/mills.no\/content\/uploads\/2018\/02\/Marmorkake.jpg 1600w, https:\/\/mills.no\/content\/uploads\/2018\/02\/Marmorkake-300x200.jpg 300w, https:\/\/mills.no\/content\/uploads\/2018\/02\/Marmorkake-1024x683.jpg 1024w, https:\/\/mills.no\/content\/uploads\/2018\/02\/Marmorkake-768x512.jpg 768w, https:\/\/mills.no\/content\/uploads\/2018\/02\/Marmorkake-1536x1024.jpg 1536w, https:\/\/mills.no\/content\/uploads\/2018\/02\/Marmorkake-80x53.jpg 80w\" sizes=\"auto, (max-width: 1600px) 100vw, 1600px\" \/><\/figure>\n\n<div class=\"wp-block-group alignfull is-layout-flow wp-block-group-is-layout-flow\">\n\t<h2 class=\"t2-post-title wp-block-t2-post-title\">Marmorkake<\/h2>\n\t<div class=\"t2-post-excerpt wp-block-t2-post-excerpt\"><p>Marmorkake er en klassisk og velkjent kake som har en fantastisk smakskombinasjon av sjokolade og vanilje. Den tidl\u00f8se kaken passer&hellip;<\/p><\/div>\n\t\n\t\t<div class=\"wp-block-mills-block-recipe-info\">\n\t\t\t<div class=\"mills-block-recipe-info-item mills-block-recipe-info-item--difficulty\">Enkel<\/div>\n\t\t\t<div class=\"mills-block-recipe-info-item mills-block-recipe-info-item--time\">1 t 5 min<\/div>\n\t\t<\/div>\n<\/div>\n\n<\/a>\n<\/div>\n\n<div class=\"t2-featured-single-post t2-featured-content is-post-type-recipe brand-melange recipe_category-allergivennlig recipe_category-kaker-kos recipe_topic-bakst wp-block-t2-featured-single-post\" role=\"listitem\"><a class=\"t2-post-link wp-block-t2-post-link\" href=\"https:\/\/mills.no\/melange\/oppskrift\/melkefri-sjokoladekake-langpanne\/\">\n<figure style=\"--t2-focal-point: 50% 50%;\" class=\"t2-post-featured-image has-image-ratio-16-9 wp-block-t2-post-featured-image\"><img loading=\"lazy\" decoding=\"async\" width=\"1600\" height=\"1067\" src=\"https:\/\/mills.no\/content\/uploads\/2018\/02\/Melkefri-sjokoladekake.jpg\" class=\"attachment-medium-large size-medium-large wp-post-image\" alt=\"Melkefri sjokoladekake i langpanne.\" srcset=\"https:\/\/mills.no\/content\/uploads\/2018\/02\/Melkefri-sjokoladekake.jpg 1600w, https:\/\/mills.no\/content\/uploads\/2018\/02\/Melkefri-sjokoladekake-300x200.jpg 300w, https:\/\/mills.no\/content\/uploads\/2018\/02\/Melkefri-sjokoladekake-1024x683.jpg 1024w, https:\/\/mills.no\/content\/uploads\/2018\/02\/Melkefri-sjokoladekake-768x512.jpg 768w, https:\/\/mills.no\/content\/uploads\/2018\/02\/Melkefri-sjokoladekake-1536x1024.jpg 1536w, https:\/\/mills.no\/content\/uploads\/2018\/02\/Melkefri-sjokoladekake-80x53.jpg 80w\" sizes=\"auto, (max-width: 1600px) 100vw, 1600px\" \/><\/figure>\n\n<div class=\"wp-block-group alignfull is-layout-flow wp-block-group-is-layout-flow\">\n\t<h2 class=\"t2-post-title wp-block-t2-post-title\">Melkefri sjokoladekake i langpanne<\/h2>\n\t<div class=\"t2-post-excerpt wp-block-t2-post-excerpt\"><p>Denne saftige sjokoladekaken er laget helt uten melk, men er full av den gode sjokoladesmaken. Oppskriften gj\u00f8r det enkelt \u00e5&hellip;<\/p><\/div>\n\t\n\t\t<div class=\"wp-block-mills-block-recipe-info\">\n\t\t\t<div class=\"mills-block-recipe-info-item mills-block-recipe-info-item--difficulty\">Enkel<\/div>\n\t\t\t<div class=\"mills-block-recipe-info-item mills-block-recipe-info-item--time\">1 t 5 min<\/div>\n\t\t<\/div>\n<\/div>\n\n<\/a>\n<\/div>\n\n<div class=\"t2-featured-single-post t2-featured-content is-post-type-recipe brand-melange recipe_category-kaker-kos recipe_topic-sjokolade wp-block-t2-featured-single-post\" role=\"listitem\"><a class=\"t2-post-link wp-block-t2-post-link\" href=\"https:\/\/mills.no\/melange\/oppskrift\/mokkakake-med-marengs-og-rips\/\">\n<figure style=\"--t2-focal-point: 50% 50%;\" class=\"t2-post-featured-image has-image-ratio-16-9 wp-block-t2-post-featured-image\"><img loading=\"lazy\" decoding=\"async\" width=\"1600\" height=\"1084\" src=\"https:\/\/mills.no\/content\/uploads\/2018\/06\/Mokkakake.jpg\" class=\"attachment-medium-large size-medium-large wp-post-image\" alt=\"Mokkakake\" srcset=\"https:\/\/mills.no\/content\/uploads\/2018\/06\/Mokkakake.jpg 1600w, https:\/\/mills.no\/content\/uploads\/2018\/06\/Mokkakake-300x203.jpg 300w, https:\/\/mills.no\/content\/uploads\/2018\/06\/Mokkakake-1024x694.jpg 1024w, https:\/\/mills.no\/content\/uploads\/2018\/06\/Mokkakake-768x520.jpg 768w, https:\/\/mills.no\/content\/uploads\/2018\/06\/Mokkakake-1536x1041.jpg 1536w, https:\/\/mills.no\/content\/uploads\/2018\/06\/Mokkakake-80x54.jpg 80w\" sizes=\"auto, (max-width: 1600px) 100vw, 1600px\" \/><\/figure>\n\n<div class=\"wp-block-group alignfull is-layout-flow wp-block-group-is-layout-flow\">\n\t<h2 class=\"t2-post-title wp-block-t2-post-title\">Mokkakake<\/h2>\n\t<div class=\"t2-post-excerpt wp-block-t2-post-excerpt\"><p>En saftig mokkakake passer perfekt til kaffen. Dette er en smaksrik kake som f\u00e5r et nydelig f\u00f8lge av syrlige rips,&hellip;<\/p><\/div>\n\t\n\t\t<div class=\"wp-block-mills-block-recipe-info\">\n\t\t\t<div class=\"mills-block-recipe-info-item mills-block-recipe-info-item--difficulty\">Enkel<\/div>\n\t\t\t<div class=\"mills-block-recipe-info-item mills-block-recipe-info-item--time\">1 t<\/div>\n\t\t<\/div>\n<\/div>\n\n<\/a>\n<\/div>\n\n<div class=\"t2-featured-single-post t2-featured-content is-post-type-recipe brand-melange recipe_category-kaker-kos recipe_topic-bakst recipe_topic-bursdag wp-block-t2-featured-single-post\" role=\"listitem\"><a class=\"t2-post-link wp-block-t2-post-link\" href=\"https:\/\/mills.no\/melange\/oppskrift\/napoleonskake\/\">\n<figure style=\"--t2-focal-point: 50% 50%;\" class=\"t2-post-featured-image has-image-ratio-16-9 wp-block-t2-post-featured-image\"><img loading=\"lazy\" decoding=\"async\" width=\"1600\" height=\"998\" src=\"https:\/\/mills.no\/content\/uploads\/2018\/08\/Napoleonskake.jpg\" class=\"attachment-medium-large size-medium-large wp-post-image\" alt=\"Napoleonskake\" srcset=\"https:\/\/mills.no\/content\/uploads\/2018\/08\/Napoleonskake.jpg 1600w, https:\/\/mills.no\/content\/uploads\/2018\/08\/Napoleonskake-300x187.jpg 300w, https:\/\/mills.no\/content\/uploads\/2018\/08\/Napoleonskake-1024x639.jpg 1024w, https:\/\/mills.no\/content\/uploads\/2018\/08\/Napoleonskake-768x479.jpg 768w, https:\/\/mills.no\/content\/uploads\/2018\/08\/Napoleonskake-1536x958.jpg 1536w, https:\/\/mills.no\/content\/uploads\/2018\/08\/Napoleonskake-80x50.jpg 80w\" sizes=\"auto, (max-width: 1600px) 100vw, 1600px\" \/><\/figure>\n\n<div class=\"wp-block-group alignfull is-layout-flow wp-block-group-is-layout-flow\">\n\t<h2 class=\"t2-post-title wp-block-t2-post-title\">Napoleonskake<\/h2>\n\t<div class=\"t2-post-excerpt wp-block-t2-post-excerpt\"><p>Napoleonskakens opprinnelse er det delte meninger om, men at den best\u00e5r av to lag med en knasende god butterdeig, fylt&hellip;<\/p><\/div>\n\t\n\t\t<div class=\"wp-block-mills-block-recipe-info\">\n\t\t\t<div class=\"mills-block-recipe-info-item mills-block-recipe-info-item--difficulty\">Avansert<\/div>\n\t\t\t<div class=\"mills-block-recipe-info-item mills-block-recipe-info-item--time\">5 t<\/div>\n\t\t<\/div>\n<\/div>\n\n<\/a>\n<\/div>\n\n<div class=\"t2-featured-single-post t2-featured-content is-post-type-recipe brand-melange recipe_category-allergivennlig recipe_category-kaker-kos recipe_topic-17-mai recipe_topic-bursdag recipe_topic-sjokolade wp-block-t2-featured-single-post\" role=\"listitem\"><a class=\"t2-post-link wp-block-t2-post-link\" href=\"https:\/\/mills.no\/melange\/oppskrift\/nottebunn-sjokoladekrem-baer\/\">\n<figure style=\"--t2-focal-point: 50% 50%;\" class=\"t2-post-featured-image has-image-ratio-16-9 wp-block-t2-post-featured-image\"><img loading=\"lazy\" decoding=\"async\" width=\"1600\" height=\"1067\" src=\"https:\/\/mills.no\/content\/uploads\/2018\/05\/Glutenfri-nC3B8ttebunn.jpg\" class=\"attachment-medium-large size-medium-large wp-post-image\" alt=\"Glutenfri n\u00f8ttebunn med sjokoladekrem\" srcset=\"https:\/\/mills.no\/content\/uploads\/2018\/05\/Glutenfri-nC3B8ttebunn.jpg 1600w, https:\/\/mills.no\/content\/uploads\/2018\/05\/Glutenfri-nC3B8ttebunn-300x200.jpg 300w, https:\/\/mills.no\/content\/uploads\/2018\/05\/Glutenfri-nC3B8ttebunn-1024x683.jpg 1024w, https:\/\/mills.no\/content\/uploads\/2018\/05\/Glutenfri-nC3B8ttebunn-768x512.jpg 768w, https:\/\/mills.no\/content\/uploads\/2018\/05\/Glutenfri-nC3B8ttebunn-1536x1024.jpg 1536w, https:\/\/mills.no\/content\/uploads\/2018\/05\/Glutenfri-nC3B8ttebunn-80x53.jpg 80w\" sizes=\"auto, (max-width: 1600px) 100vw, 1600px\" \/><\/figure>\n\n<div class=\"wp-block-group alignfull is-layout-flow wp-block-group-is-layout-flow\">\n\t<h2 class=\"t2-post-title wp-block-t2-post-title\">N\u00f8ttebunn med sjokoladekrem og b\u00e6r<\/h2>\n\t<div class=\"t2-post-excerpt wp-block-t2-post-excerpt\"><p>N\u00f8ttebunn med sjokoladekrem er en saftig og god festkake som er naturlig glutenfri. Den fyldige sjokoladekremen f\u00e5r godt f\u00f8lge av&hellip;<\/p><\/div>\n\t\n\t\t<div class=\"wp-block-mills-block-recipe-info\">\n\t\t\t<div class=\"mills-block-recipe-info-item mills-block-recipe-info-item--difficulty\">Middels<\/div>\n\t\t\t<div class=\"mills-block-recipe-info-item mills-block-recipe-info-item--time\">1 t<\/div>\n\t\t<\/div>\n<\/div>\n\n<\/a>\n<\/div>\n\n<div class=\"t2-featured-single-post t2-featured-content is-post-type-recipe brand-melange recipe_category-kaker-kos recipe_topic-sjokolade wp-block-t2-featured-single-post\" role=\"listitem\"><a class=\"t2-post-link wp-block-t2-post-link\" href=\"https:\/\/mills.no\/melange\/oppskrift\/oreokake\/\">\n<figure style=\"--t2-focal-point: 50% 50%;\" class=\"t2-post-featured-image has-image-ratio-16-9 wp-block-t2-post-featured-image\"><img loading=\"lazy\" decoding=\"async\" width=\"1600\" height=\"1014\" src=\"https:\/\/mills.no\/content\/uploads\/2019\/04\/Oreo-kake.jpg\" class=\"attachment-medium-large size-medium-large wp-post-image\" alt=\"Oreokake\" srcset=\"https:\/\/mills.no\/content\/uploads\/2019\/04\/Oreo-kake.jpg 1600w, https:\/\/mills.no\/content\/uploads\/2019\/04\/Oreo-kake-300x190.jpg 300w, https:\/\/mills.no\/content\/uploads\/2019\/04\/Oreo-kake-1024x649.jpg 1024w, https:\/\/mills.no\/content\/uploads\/2019\/04\/Oreo-kake-768x487.jpg 768w, https:\/\/mills.no\/content\/uploads\/2019\/04\/Oreo-kake-1536x973.jpg 1536w, https:\/\/mills.no\/content\/uploads\/2019\/04\/Oreo-kake-80x51.jpg 80w\" sizes=\"auto, (max-width: 1600px) 100vw, 1600px\" \/><\/figure>\n\n<div class=\"wp-block-group alignfull is-layout-flow wp-block-group-is-layout-flow\">\n\t<h2 class=\"t2-post-title wp-block-t2-post-title\">Oreokake<\/h2>\n\t<div class=\"t2-post-excerpt wp-block-t2-post-excerpt\"><p>Kakefatene t\u00f8mmes ekstra kjapt n\u00e5r denne imponerende oreokaken settes p\u00e5 bordet. Det er lett \u00e5 forst\u00e5 n\u00e5r du f\u00f8rst f\u00e5r&hellip;<\/p><\/div>\n\t\n\t\t<div class=\"wp-block-mills-block-recipe-info\">\n\t\t\t<div class=\"mills-block-recipe-info-item mills-block-recipe-info-item--difficulty\">Middels<\/div>\n\t\t\t<div class=\"mills-block-recipe-info-item mills-block-recipe-info-item--time\">3 t<\/div>\n\t\t<\/div>\n<\/div>\n\n<\/a>\n<\/div>\n\n<div class=\"t2-featured-single-post t2-featured-content is-post-type-recipe brand-melange recipe_category-kaker-kos recipe_topic-bursdag wp-block-t2-featured-single-post\" role=\"listitem\"><a class=\"t2-post-link wp-block-t2-post-link\" href=\"https:\/\/mills.no\/melange\/oppskrift\/oreo-cupcakes\/\">\n<figure style=\"--t2-focal-point: 50% 50%;\" class=\"t2-post-featured-image has-image-ratio-16-9 wp-block-t2-post-featured-image\"><img loading=\"lazy\" decoding=\"async\" width=\"1920\" height=\"1000\" src=\"https:\/\/mills.no\/content\/uploads\/2017\/04\/Oreo-cupcakes.jpg\" class=\"attachment-medium-large size-medium-large wp-post-image\" alt=\"Oreo cupcakes. Foto.\" srcset=\"https:\/\/mills.no\/content\/uploads\/2017\/04\/Oreo-cupcakes.jpg 1920w, https:\/\/mills.no\/content\/uploads\/2017\/04\/Oreo-cupcakes-300x156.jpg 300w, https:\/\/mills.no\/content\/uploads\/2017\/04\/Oreo-cupcakes-1024x533.jpg 1024w, https:\/\/mills.no\/content\/uploads\/2017\/04\/Oreo-cupcakes-768x400.jpg 768w, https:\/\/mills.no\/content\/uploads\/2017\/04\/Oreo-cupcakes-1536x800.jpg 1536w, https:\/\/mills.no\/content\/uploads\/2017\/04\/Oreo-cupcakes-80x42.jpg 80w\" sizes=\"auto, (max-width: 1920px) 100vw, 1920px\" \/><\/figure>\n\n<div class=\"wp-block-group alignfull is-layout-flow wp-block-group-is-layout-flow\">\n\t<h2 class=\"t2-post-title wp-block-t2-post-title\">Oreo cupcakes<\/h2>\n\t<div class=\"t2-post-excerpt wp-block-t2-post-excerpt\"><p>Oreokaken har p\u00e5 kort tid rukket \u00e5 bli en klassiker verden over. Den gode smaken av sjokolade, sammen med fyldig&hellip;<\/p><\/div>\n\t\n\t\t<div class=\"wp-block-mills-block-recipe-info\">\n\t\t\t<div class=\"mills-block-recipe-info-item mills-block-recipe-info-item--difficulty\">Middels<\/div>\n\t\t\t<div class=\"mills-block-recipe-info-item mills-block-recipe-info-item--time\">45 min<\/div>\n\t\t<\/div>\n<\/div>\n\n<\/a>\n<\/div>\n\n<div class=\"t2-featured-single-post t2-featured-content is-post-type-recipe brand-melange recipe_category-kaker-kos recipe_topic-17-mai wp-block-t2-featured-single-post\" role=\"listitem\"><a class=\"t2-post-link wp-block-t2-post-link\" href=\"https:\/\/mills.no\/melange\/oppskrift\/ostekake-med-gelelokk\/\">\n<figure style=\"--t2-focal-point: 50% 50%;\" class=\"t2-post-featured-image has-image-ratio-16-9 wp-block-t2-post-featured-image\"><img loading=\"lazy\" decoding=\"async\" width=\"1600\" height=\"1020\" src=\"https:\/\/mills.no\/content\/uploads\/2019\/05\/Ostekake-med-gelC3A9.jpg\" class=\"attachment-medium-large size-medium-large wp-post-image\" alt=\"Ostekake med gel\u00e9lokk\" srcset=\"https:\/\/mills.no\/content\/uploads\/2019\/05\/Ostekake-med-gelC3A9.jpg 1600w, https:\/\/mills.no\/content\/uploads\/2019\/05\/Ostekake-med-gelC3A9-300x191.jpg 300w, https:\/\/mills.no\/content\/uploads\/2019\/05\/Ostekake-med-gelC3A9-1024x653.jpg 1024w, https:\/\/mills.no\/content\/uploads\/2019\/05\/Ostekake-med-gelC3A9-768x490.jpg 768w, https:\/\/mills.no\/content\/uploads\/2019\/05\/Ostekake-med-gelC3A9-1536x979.jpg 1536w, https:\/\/mills.no\/content\/uploads\/2019\/05\/Ostekake-med-gelC3A9-80x51.jpg 80w\" sizes=\"auto, (max-width: 1600px) 100vw, 1600px\" \/><\/figure>\n\n<div class=\"wp-block-group alignfull is-layout-flow wp-block-group-is-layout-flow\">\n\t<h2 class=\"t2-post-title wp-block-t2-post-title\">Ostekake med gel\u00e9lokk<\/h2>\n\t<div class=\"t2-post-excerpt wp-block-t2-post-excerpt\"><p>En klassisk ostekake med gel\u00e9lokk er alltid blant favorittene p\u00e5 kakebordet og det forst\u00e5r vi godt. S\u00f8dmen i gel\u00e9en passer&hellip;<\/p><\/div>\n\t\n\t\t<div class=\"wp-block-mills-block-recipe-info\">\n\t\t\t<div class=\"mills-block-recipe-info-item mills-block-recipe-info-item--difficulty\">Enkel<\/div>\n\t\t\t<div class=\"mills-block-recipe-info-item mills-block-recipe-info-item--time\">1 t<\/div>\n\t\t<\/div>\n<\/div>\n\n<\/a>\n<\/div>\n\n<div class=\"t2-featured-single-post t2-featured-content is-post-type-recipe brand-melange recipe_category-kaker-kos recipe_topic-17-mai recipe_topic-bursdag wp-block-t2-featured-single-post\" role=\"listitem\"><a class=\"t2-post-link wp-block-t2-post-link\" href=\"https:\/\/mills.no\/melange\/oppskrift\/pavlova-med-vaniljekrem\/\">\n<figure style=\"--t2-focal-point: 50% 50%;\" class=\"t2-post-featured-image has-image-ratio-16-9 wp-block-t2-post-featured-image\"><img loading=\"lazy\" decoding=\"async\" width=\"1920\" height=\"1280\" src=\"https:\/\/mills.no\/content\/uploads\/2017\/05\/Pavlova-med-vaniljekrem.jpg\" class=\"attachment-medium-large size-medium-large wp-post-image\" alt=\"Pavlova med vaniljekrem og b\u00e6r. Foto.\" srcset=\"https:\/\/mills.no\/content\/uploads\/2017\/05\/Pavlova-med-vaniljekrem.jpg 1920w, https:\/\/mills.no\/content\/uploads\/2017\/05\/Pavlova-med-vaniljekrem-300x200.jpg 300w, https:\/\/mills.no\/content\/uploads\/2017\/05\/Pavlova-med-vaniljekrem-1024x683.jpg 1024w, https:\/\/mills.no\/content\/uploads\/2017\/05\/Pavlova-med-vaniljekrem-768x512.jpg 768w, https:\/\/mills.no\/content\/uploads\/2017\/05\/Pavlova-med-vaniljekrem-1536x1024.jpg 1536w, https:\/\/mills.no\/content\/uploads\/2017\/05\/Pavlova-med-vaniljekrem-80x53.jpg 80w\" sizes=\"auto, (max-width: 1920px) 100vw, 1920px\" \/><\/figure>\n\n<div class=\"wp-block-group alignfull is-layout-flow wp-block-group-is-layout-flow\">\n\t<h2 class=\"t2-post-title wp-block-t2-post-title\">Pavlova med vaniljekrem og b\u00e6r<\/h2>\n\t<div class=\"t2-post-excerpt wp-block-t2-post-excerpt\"><p>Oppkalt etter den russiske ballerinaen Anna Pavlova, er dette en kake som har gjort sitt inntog p\u00e5 kakebord verden over.&hellip;<\/p><\/div>\n\t\n\t\t<div class=\"wp-block-mills-block-recipe-info\">\n\t\t\t<div class=\"mills-block-recipe-info-item mills-block-recipe-info-item--difficulty\">Middels<\/div>\n\t\t\t<div class=\"mills-block-recipe-info-item mills-block-recipe-info-item--time\">2 t<\/div>\n\t\t<\/div>\n<\/div>\n\n<\/a>\n<\/div>\n\n<div class=\"t2-featured-single-post t2-featured-content is-post-type-recipe brand-melange recipe_category-kaker-kos recipe_topic-bursdag wp-block-t2-featured-single-post\" role=\"listitem\"><a class=\"t2-post-link wp-block-t2-post-link\" href=\"https:\/\/mills.no\/melange\/oppskrift\/pinata-bursdagskake\/\">\n<figure style=\"--t2-focal-point: 50% 50%;\" class=\"t2-post-featured-image has-image-ratio-16-9 wp-block-t2-post-featured-image\"><img loading=\"lazy\" decoding=\"async\" width=\"1600\" height=\"1067\" src=\"https:\/\/mills.no\/content\/uploads\/2017\/12\/Pinatakake.jpg\" class=\"attachment-medium-large size-medium-large wp-post-image\" alt=\"Pinatakake. Foto.\" srcset=\"https:\/\/mills.no\/content\/uploads\/2017\/12\/Pinatakake.jpg 1600w, https:\/\/mills.no\/content\/uploads\/2017\/12\/Pinatakake-300x200.jpg 300w, https:\/\/mills.no\/content\/uploads\/2017\/12\/Pinatakake-1024x683.jpg 1024w, https:\/\/mills.no\/content\/uploads\/2017\/12\/Pinatakake-768x512.jpg 768w, https:\/\/mills.no\/content\/uploads\/2017\/12\/Pinatakake-1536x1024.jpg 1536w, https:\/\/mills.no\/content\/uploads\/2017\/12\/Pinatakake-80x53.jpg 80w\" sizes=\"auto, (max-width: 1600px) 100vw, 1600px\" \/><\/figure>\n\n<div class=\"wp-block-group alignfull is-layout-flow wp-block-group-is-layout-flow\">\n\t<h2 class=\"t2-post-title wp-block-t2-post-title\">Pi\u00f1ata-bursdagskake<\/h2>\n\t<div class=\"t2-post-excerpt wp-block-t2-post-excerpt\"><p>Dette er bursdagskaken som er fylt med en overraskelse til b\u00e5de bursdagsbarnet og gjestene. La bursdagsbarnet skj\u00e6re det f\u00f8rste stykket,&hellip;<\/p><\/div>\n\t\n\t\t<div class=\"wp-block-mills-block-recipe-info\">\n\t\t\t<div class=\"mills-block-recipe-info-item mills-block-recipe-info-item--difficulty\">Middels<\/div>\n\t\t\t<div class=\"mills-block-recipe-info-item mills-block-recipe-info-item--time\">2 t<\/div>\n\t\t<\/div>\n<\/div>\n\n<\/a>\n<\/div>\n\n<div class=\"t2-featured-single-post t2-featured-content is-post-type-recipe brand-melange recipe_category-kaker-kos recipe_topic-17-mai recipe_topic-bursdag wp-block-t2-featured-single-post\" role=\"listitem\"><a class=\"t2-post-link wp-block-t2-post-link\" href=\"https:\/\/mills.no\/melange\/oppskrift\/popcornkake-med-karamellkrem\/\">\n<figure style=\"--t2-focal-point: 50% 50%;\" class=\"t2-post-featured-image has-image-ratio-16-9 wp-block-t2-post-featured-image\"><img loading=\"lazy\" decoding=\"async\" width=\"1920\" height=\"1000\" src=\"https:\/\/mills.no\/content\/uploads\/2017\/04\/Popcornkake-med-karamell.jpg\" class=\"attachment-medium-large size-medium-large wp-post-image\" alt=\"Popcornkake med karamellsaus. Foto.\" srcset=\"https:\/\/mills.no\/content\/uploads\/2017\/04\/Popcornkake-med-karamell.jpg 1920w, https:\/\/mills.no\/content\/uploads\/2017\/04\/Popcornkake-med-karamell-300x156.jpg 300w, https:\/\/mills.no\/content\/uploads\/2017\/04\/Popcornkake-med-karamell-1024x533.jpg 1024w, https:\/\/mills.no\/content\/uploads\/2017\/04\/Popcornkake-med-karamell-768x400.jpg 768w, https:\/\/mills.no\/content\/uploads\/2017\/04\/Popcornkake-med-karamell-1536x800.jpg 1536w, https:\/\/mills.no\/content\/uploads\/2017\/04\/Popcornkake-med-karamell-80x42.jpg 80w\" sizes=\"auto, (max-width: 1920px) 100vw, 1920px\" \/><\/figure>\n\n<div class=\"wp-block-group alignfull is-layout-flow wp-block-group-is-layout-flow\">\n\t<h2 class=\"t2-post-title wp-block-t2-post-title\">Popcornkake med salt karamellkrem<\/h2>\n\t<div class=\"t2-post-excerpt wp-block-t2-post-excerpt\"><p>Har du lyst til \u00e5 lage en kake som skiller seg ut p\u00e5 kakebordet? Da b\u00f8r du pr\u00f8ve denne imponerende&hellip;<\/p><\/div>\n\t\n\t\t<div class=\"wp-block-mills-block-recipe-info\">\n\t\t\t<div class=\"mills-block-recipe-info-item mills-block-recipe-info-item--difficulty\">Avansert<\/div>\n\t\t\t<div class=\"mills-block-recipe-info-item mills-block-recipe-info-item--time\">2 t<\/div>\n\t\t<\/div>\n<\/div>\n\n<\/a>\n<\/div>\n\n<div class=\"t2-featured-single-post t2-featured-content is-post-type-recipe brand-melange recipe_category-bakst-og-brod recipe_category-kaker-kos recipe_topic-bakst recipe_topic-bursdag recipe_topic-gjaerbakst recipe_topic-paske wp-block-t2-featured-single-post\" role=\"listitem\"><a class=\"t2-post-link wp-block-t2-post-link\" href=\"https:\/\/mills.no\/melange\/oppskrift\/prinsessekake\/\">\n<figure style=\"--t2-focal-point: 50% 50%;\" class=\"t2-post-featured-image has-image-ratio-16-9 wp-block-t2-post-featured-image\"><img loading=\"lazy\" decoding=\"async\" width=\"1600\" height=\"1067\" src=\"https:\/\/mills.no\/content\/uploads\/2020\/02\/Prinsessekake-hel.jpg\" class=\"attachment-medium-large size-medium-large wp-post-image\" alt=\"\" srcset=\"https:\/\/mills.no\/content\/uploads\/2020\/02\/Prinsessekake-hel.jpg 1600w, https:\/\/mills.no\/content\/uploads\/2020\/02\/Prinsessekake-hel-300x200.jpg 300w, https:\/\/mills.no\/content\/uploads\/2020\/02\/Prinsessekake-hel-1024x683.jpg 1024w, https:\/\/mills.no\/content\/uploads\/2020\/02\/Prinsessekake-hel-768x512.jpg 768w, https:\/\/mills.no\/content\/uploads\/2020\/02\/Prinsessekake-hel-1536x1024.jpg 1536w, https:\/\/mills.no\/content\/uploads\/2020\/02\/Prinsessekake-hel-80x53.jpg 80w\" sizes=\"auto, (max-width: 1600px) 100vw, 1600px\" \/><\/figure>\n\n<div class=\"wp-block-group alignfull is-layout-flow wp-block-group-is-layout-flow\">\n\t<h2 class=\"t2-post-title wp-block-t2-post-title\">Prinsessekake<\/h2>\n\t<div class=\"t2-post-excerpt wp-block-t2-post-excerpt\"><p>Prinsessekake er et imponerende stykke bakverk laget av vanlig bolledeig, kanelfyll, deilig vaniljekrem og tykk, hvit melisglasur. Det kan v\u00e6re&hellip;<\/p><\/div>\n\t\n\t\t<div class=\"wp-block-mills-block-recipe-info\">\n\t\t\t<div class=\"mills-block-recipe-info-item mills-block-recipe-info-item--difficulty\">Middels<\/div>\n\t\t\t<div class=\"mills-block-recipe-info-item mills-block-recipe-info-item--time\">4 t<\/div>\n\t\t<\/div>\n<\/div>\n\n<\/a>\n<\/div>\n\n<div class=\"t2-featured-single-post t2-featured-content is-post-type-recipe brand-melange recipe_category-kaker-kos wp-block-t2-featured-single-post\" role=\"listitem\"><a class=\"t2-post-link wp-block-t2-post-link\" href=\"https:\/\/mills.no\/melange\/oppskrift\/rabarbrakake-i-langpanne\/\">\n<figure style=\"--t2-focal-point: 50% 50%;\" class=\"t2-post-featured-image has-image-ratio-16-9 wp-block-t2-post-featured-image\"><img loading=\"lazy\" decoding=\"async\" width=\"1600\" height=\"1067\" src=\"https:\/\/mills.no\/content\/uploads\/2018\/06\/Rabarbrakake-i-langpanne.jpg\" class=\"attachment-medium-large size-medium-large wp-post-image\" alt=\"Rabarbrakake i langpanne\" srcset=\"https:\/\/mills.no\/content\/uploads\/2018\/06\/Rabarbrakake-i-langpanne.jpg 1600w, https:\/\/mills.no\/content\/uploads\/2018\/06\/Rabarbrakake-i-langpanne-300x200.jpg 300w, https:\/\/mills.no\/content\/uploads\/2018\/06\/Rabarbrakake-i-langpanne-1024x683.jpg 1024w, https:\/\/mills.no\/content\/uploads\/2018\/06\/Rabarbrakake-i-langpanne-768x512.jpg 768w, https:\/\/mills.no\/content\/uploads\/2018\/06\/Rabarbrakake-i-langpanne-1536x1024.jpg 1536w, https:\/\/mills.no\/content\/uploads\/2018\/06\/Rabarbrakake-i-langpanne-80x53.jpg 80w\" sizes=\"auto, (max-width: 1600px) 100vw, 1600px\" \/><\/figure>\n\n<div class=\"wp-block-group alignfull is-layout-flow wp-block-group-is-layout-flow\">\n\t<h2 class=\"t2-post-title wp-block-t2-post-title\">Rabarbrakake i langpanne<\/h2>\n\t<div class=\"t2-post-excerpt wp-block-t2-post-excerpt\"><p>N\u00e5r det bugner av rabarbra b\u00e5de p\u00e5 butikken og i hagen, passer det ypperlig \u00e5 bruke den til \u00e5 lage&hellip;<\/p><\/div>\n\t\n\t\t<div class=\"wp-block-mills-block-recipe-info\">\n\t\t\t<div class=\"mills-block-recipe-info-item mills-block-recipe-info-item--difficulty\">Enkel<\/div>\n\t\t\t<div class=\"mills-block-recipe-info-item mills-block-recipe-info-item--time\">1 t<\/div>\n\t\t<\/div>\n<\/div>\n\n<\/a>\n<\/div>\n\n<div class=\"t2-featured-single-post t2-featured-content is-post-type-recipe brand-melange recipe_category-kaker-kos wp-block-t2-featured-single-post\" role=\"listitem\"><a class=\"t2-post-link wp-block-t2-post-link\" href=\"https:\/\/mills.no\/melange\/oppskrift\/rabarbrapai-med-jordbaer\/\">\n<figure style=\"--t2-focal-point: 50% 50%;\" class=\"t2-post-featured-image has-image-ratio-16-9 wp-block-t2-post-featured-image\"><img loading=\"lazy\" decoding=\"async\" width=\"1600\" height=\"1067\" src=\"https:\/\/mills.no\/content\/uploads\/2017\/05\/Rabarbrapai-med-jordbC3A6r-og-is.jpg\" class=\"attachment-medium-large size-medium-large wp-post-image\" alt=\"Rabarbrapai med jordb\u00e6r\" srcset=\"https:\/\/mills.no\/content\/uploads\/2017\/05\/Rabarbrapai-med-jordbC3A6r-og-is.jpg 1600w, https:\/\/mills.no\/content\/uploads\/2017\/05\/Rabarbrapai-med-jordbC3A6r-og-is-300x200.jpg 300w, https:\/\/mills.no\/content\/uploads\/2017\/05\/Rabarbrapai-med-jordbC3A6r-og-is-1024x683.jpg 1024w, https:\/\/mills.no\/content\/uploads\/2017\/05\/Rabarbrapai-med-jordbC3A6r-og-is-768x512.jpg 768w, https:\/\/mills.no\/content\/uploads\/2017\/05\/Rabarbrapai-med-jordbC3A6r-og-is-1536x1024.jpg 1536w, https:\/\/mills.no\/content\/uploads\/2017\/05\/Rabarbrapai-med-jordbC3A6r-og-is-80x53.jpg 80w\" sizes=\"auto, (max-width: 1600px) 100vw, 1600px\" \/><\/figure>\n\n<div class=\"wp-block-group alignfull is-layout-flow wp-block-group-is-layout-flow\">\n\t<h2 class=\"t2-post-title wp-block-t2-post-title\">Rabarbrapai med jordb\u00e6r<\/h2>\n\t<div class=\"t2-post-excerpt wp-block-t2-post-excerpt\"><p>Selv om rabarbra egentlig er en gr\u00f8nnsak, blir den b\u00e5de brukt og elsket som en frukt. Rabarbraen har en frisk&hellip;<\/p><\/div>\n\t\n\t\t<div class=\"wp-block-mills-block-recipe-info\">\n\t\t\t<div class=\"mills-block-recipe-info-item mills-block-recipe-info-item--difficulty\">Middels<\/div>\n\t\t\t<div class=\"mills-block-recipe-info-item mills-block-recipe-info-item--time\">2 t<\/div>\n\t\t<\/div>\n<\/div>\n\n<\/a>\n<\/div>\n\n<div class=\"t2-featured-single-post t2-featured-content is-post-type-recipe brand-melange recipe_category-kaker-kos recipe_topic-bursdag recipe_topic-sjokolade wp-block-t2-featured-single-post\" role=\"listitem\"><a class=\"t2-post-link wp-block-t2-post-link\" href=\"https:\/\/mills.no\/melange\/oppskrift\/rask-sjokoladekake-i-langpanne\/\">\n<figure style=\"--t2-focal-point: 50% 50%;\" class=\"t2-post-featured-image has-image-ratio-16-9 wp-block-t2-post-featured-image\"><img loading=\"lazy\" decoding=\"async\" width=\"1600\" height=\"1067\" src=\"https:\/\/mills.no\/content\/uploads\/2018\/05\/Rask-sjokoladekake-i-langpanne.jpg\" class=\"attachment-medium-large size-medium-large wp-post-image\" alt=\"Rask sjokoladekake i langpanne\" srcset=\"https:\/\/mills.no\/content\/uploads\/2018\/05\/Rask-sjokoladekake-i-langpanne.jpg 1600w, https:\/\/mills.no\/content\/uploads\/2018\/05\/Rask-sjokoladekake-i-langpanne-300x200.jpg 300w, https:\/\/mills.no\/content\/uploads\/2018\/05\/Rask-sjokoladekake-i-langpanne-1024x683.jpg 1024w, https:\/\/mills.no\/content\/uploads\/2018\/05\/Rask-sjokoladekake-i-langpanne-768x512.jpg 768w, https:\/\/mills.no\/content\/uploads\/2018\/05\/Rask-sjokoladekake-i-langpanne-1536x1024.jpg 1536w, https:\/\/mills.no\/content\/uploads\/2018\/05\/Rask-sjokoladekake-i-langpanne-80x53.jpg 80w\" sizes=\"auto, (max-width: 1600px) 100vw, 1600px\" \/><\/figure>\n\n<div class=\"wp-block-group alignfull is-layout-flow wp-block-group-is-layout-flow\">\n\t<h2 class=\"t2-post-title wp-block-t2-post-title\">Rask sjokoladekake i langpanne<\/h2>\n\t<div class=\"t2-post-excerpt wp-block-t2-post-excerpt\"><p>Sjokoladekake i langpanne er en bursdagsfavoritt hverken store eller sm\u00e5 blir lei av. I denne oppskriften bruker vi en pose&hellip;<\/p><\/div>\n\t\n\t\t<div class=\"wp-block-mills-block-recipe-info\">\n\t\t\t<div class=\"mills-block-recipe-info-item mills-block-recipe-info-item--difficulty\">Enkel<\/div>\n\t\t\t<div class=\"mills-block-recipe-info-item mills-block-recipe-info-item--time\">1 t<\/div>\n\t\t<\/div>\n<\/div>\n\n<\/a>\n<\/div>\n\n<div class=\"t2-featured-single-post t2-featured-content is-post-type-recipe brand-melange recipe_category-kaker-kos recipe_topic-17-mai recipe_topic-sjokolade wp-block-t2-featured-single-post\" role=\"listitem\"><a class=\"t2-post-link wp-block-t2-post-link\" href=\"https:\/\/mills.no\/melange\/oppskrift\/red-velvet-kake\/\">\n<figure style=\"--t2-focal-point: 50% 50%;\" class=\"t2-post-featured-image has-image-ratio-16-9 wp-block-t2-post-featured-image\"><img loading=\"lazy\" decoding=\"async\" width=\"1600\" height=\"1067\" src=\"https:\/\/mills.no\/content\/uploads\/2018\/04\/Red-Velvet-kake.jpg\" class=\"attachment-medium-large size-medium-large wp-post-image\" alt=\"Red velvet-kake med ostekremglasur og b\u00e6r\" srcset=\"https:\/\/mills.no\/content\/uploads\/2018\/04\/Red-Velvet-kake.jpg 1600w, https:\/\/mills.no\/content\/uploads\/2018\/04\/Red-Velvet-kake-300x200.jpg 300w, https:\/\/mills.no\/content\/uploads\/2018\/04\/Red-Velvet-kake-1024x683.jpg 1024w, https:\/\/mills.no\/content\/uploads\/2018\/04\/Red-Velvet-kake-768x512.jpg 768w, https:\/\/mills.no\/content\/uploads\/2018\/04\/Red-Velvet-kake-1536x1024.jpg 1536w, https:\/\/mills.no\/content\/uploads\/2018\/04\/Red-Velvet-kake-80x53.jpg 80w\" sizes=\"auto, (max-width: 1600px) 100vw, 1600px\" \/><\/figure>\n\n<div class=\"wp-block-group alignfull is-layout-flow wp-block-group-is-layout-flow\">\n\t<h2 class=\"t2-post-title wp-block-t2-post-title\">Red velvet-kake<\/h2>\n\t<div class=\"t2-post-excerpt wp-block-t2-post-excerpt\"><p>Denne kaken er en amerikansk klassiker, som til tross for sin ildr\u00f8de farge, er en saftig og fl\u00f8yelsmyk sjokoladekake. Den&hellip;<\/p><\/div>\n\t\n\t\t<div class=\"wp-block-mills-block-recipe-info\">\n\t\t\t<div class=\"mills-block-recipe-info-item mills-block-recipe-info-item--difficulty\">Middels<\/div>\n\t\t\t<div class=\"mills-block-recipe-info-item mills-block-recipe-info-item--time\">1 t<\/div>\n\t\t<\/div>\n<\/div>\n\n<\/a>\n<\/div>\n\n<div class=\"t2-featured-single-post t2-featured-content is-post-type-recipe brand-melange recipe_category-kaker-kos recipe_topic-sjokolade wp-block-t2-featured-single-post\" role=\"listitem\"><a class=\"t2-post-link wp-block-t2-post-link\" href=\"https:\/\/mills.no\/melange\/oppskrift\/rocky-road-brownies\/\">\n<figure style=\"--t2-focal-point: 50% 50%;\" class=\"t2-post-featured-image has-image-ratio-16-9 wp-block-t2-post-featured-image\"><img loading=\"lazy\" decoding=\"async\" width=\"1600\" height=\"1067\" src=\"https:\/\/mills.no\/content\/uploads\/2018\/06\/Rocky-road-brownies.jpg\" class=\"attachment-medium-large size-medium-large wp-post-image\" alt=\"Rocky road brownies\" srcset=\"https:\/\/mills.no\/content\/uploads\/2018\/06\/Rocky-road-brownies.jpg 1600w, https:\/\/mills.no\/content\/uploads\/2018\/06\/Rocky-road-brownies-300x200.jpg 300w, https:\/\/mills.no\/content\/uploads\/2018\/06\/Rocky-road-brownies-1024x683.jpg 1024w, https:\/\/mills.no\/content\/uploads\/2018\/06\/Rocky-road-brownies-768x512.jpg 768w, https:\/\/mills.no\/content\/uploads\/2018\/06\/Rocky-road-brownies-1536x1024.jpg 1536w, https:\/\/mills.no\/content\/uploads\/2018\/06\/Rocky-road-brownies-80x53.jpg 80w\" sizes=\"auto, (max-width: 1600px) 100vw, 1600px\" \/><\/figure>\n\n<div class=\"wp-block-group alignfull is-layout-flow wp-block-group-is-layout-flow\">\n\t<h2 class=\"t2-post-title wp-block-t2-post-title\">Rocky road-brownies<\/h2>\n\t<div class=\"t2-post-excerpt wp-block-t2-post-excerpt\"><p>Denne brownien er imponerende lekker, og veldig lett \u00e5 lage. Den er inspirert av rocky road-sjokoladen med pekann\u00f8tter, sjokolade og&hellip;<\/p><\/div>\n\t\n\t\t<div class=\"wp-block-mills-block-recipe-info\">\n\t\t\t<div class=\"mills-block-recipe-info-item mills-block-recipe-info-item--difficulty\">Enkel<\/div>\n\t\t\t<div class=\"mills-block-recipe-info-item mills-block-recipe-info-item--time\">1 t<\/div>\n\t\t<\/div>\n<\/div>\n\n<\/a>\n<\/div>\n\n<div class=\"t2-featured-single-post t2-featured-content is-post-type-recipe brand-melange recipe_category-kaker-kos recipe_topic-17-mai recipe_topic-bakst recipe_topic-bursdag recipe_topic-sjokolade wp-block-t2-featured-single-post\" role=\"listitem\"><a class=\"t2-post-link wp-block-t2-post-link\" href=\"https:\/\/mills.no\/melange\/oppskrift\/saftig-australsk-sjokoladekake-med-saus\/\">\n<figure style=\"--t2-focal-point: 50% 50%;\" class=\"t2-post-featured-image has-image-ratio-16-9 wp-block-t2-post-featured-image\"><img loading=\"lazy\" decoding=\"async\" width=\"1600\" height=\"1067\" src=\"https:\/\/mills.no\/content\/uploads\/2019\/10\/Australsk-kakepudding.jpg\" class=\"attachment-medium-large size-medium-large wp-post-image\" alt=\"Australsk sjokoladekake med saus\" srcset=\"https:\/\/mills.no\/content\/uploads\/2019\/10\/Australsk-kakepudding.jpg 1600w, https:\/\/mills.no\/content\/uploads\/2019\/10\/Australsk-kakepudding-300x200.jpg 300w, https:\/\/mills.no\/content\/uploads\/2019\/10\/Australsk-kakepudding-1024x683.jpg 1024w, https:\/\/mills.no\/content\/uploads\/2019\/10\/Australsk-kakepudding-768x512.jpg 768w, https:\/\/mills.no\/content\/uploads\/2019\/10\/Australsk-kakepudding-1536x1024.jpg 1536w, https:\/\/mills.no\/content\/uploads\/2019\/10\/Australsk-kakepudding-80x53.jpg 80w\" sizes=\"auto, (max-width: 1600px) 100vw, 1600px\" \/><\/figure>\n\n<div class=\"wp-block-group alignfull is-layout-flow wp-block-group-is-layout-flow\">\n\t<h2 class=\"t2-post-title wp-block-t2-post-title\">Saftig australsk sjokoladekake med saus<\/h2>\n\t<div class=\"t2-post-excerpt wp-block-t2-post-excerpt\"><p>Denne supersaftige australske sjokoladekaken med fyldig sjokoladesaus passer perfekt til de kalde \u00e5rstidene. Desserten kommer opprinnelig fra Australia, hvor den&hellip;<\/p><\/div>\n\t\n\t\t<div class=\"wp-block-mills-block-recipe-info\">\n\t\t\t<div class=\"mills-block-recipe-info-item mills-block-recipe-info-item--difficulty\">Enkel<\/div>\n\t\t\t<div class=\"mills-block-recipe-info-item mills-block-recipe-info-item--time\">1 t<\/div>\n\t\t<\/div>\n<\/div>\n\n<\/a>\n<\/div>\n\n<div class=\"t2-featured-single-post t2-featured-content is-post-type-recipe brand-melange recipe_category-kaker-kos recipe_topic-host wp-block-t2-featured-single-post\" role=\"listitem\"><a class=\"t2-post-link wp-block-t2-post-link\" href=\"https:\/\/mills.no\/melange\/oppskrift\/plommekake\/\">\n<figure style=\"--t2-focal-point: 50% 50%;\" class=\"t2-post-featured-image has-image-ratio-16-9 wp-block-t2-post-featured-image\"><img loading=\"lazy\" decoding=\"async\" width=\"1600\" height=\"941\" src=\"https:\/\/mills.no\/content\/uploads\/2018\/09\/Plommekake.jpg\" class=\"attachment-medium-large size-medium-large wp-post-image\" alt=\"Plommekake\" srcset=\"https:\/\/mills.no\/content\/uploads\/2018\/09\/Plommekake.jpg 1600w, https:\/\/mills.no\/content\/uploads\/2018\/09\/Plommekake-300x176.jpg 300w, https:\/\/mills.no\/content\/uploads\/2018\/09\/Plommekake-1024x602.jpg 1024w, https:\/\/mills.no\/content\/uploads\/2018\/09\/Plommekake-768x452.jpg 768w, https:\/\/mills.no\/content\/uploads\/2018\/09\/Plommekake-1536x903.jpg 1536w, https:\/\/mills.no\/content\/uploads\/2018\/09\/Plommekake-80x47.jpg 80w\" sizes=\"auto, (max-width: 1600px) 100vw, 1600px\" \/><\/figure>\n\n<div class=\"wp-block-group alignfull is-layout-flow wp-block-group-is-layout-flow\">\n\t<h2 class=\"t2-post-title wp-block-t2-post-title\">Saftig plommekake<\/h2>\n\t<div class=\"t2-post-excerpt wp-block-t2-post-excerpt\"><p>N\u00e5r det bugner av norske plommer, er de s\u00f8te og saftige fruktene ypperlige \u00e5 bruke i en kake. Denne plommekaken&hellip;<\/p><\/div>\n\t\n\t\t<div class=\"wp-block-mills-block-recipe-info\">\n\t\t\t<div class=\"mills-block-recipe-info-item mills-block-recipe-info-item--difficulty\">Enkel<\/div>\n\t\t\t<div class=\"mills-block-recipe-info-item mills-block-recipe-info-item--time\">1 t 30 min<\/div>\n\t\t<\/div>\n<\/div>\n\n<\/a>\n<\/div>\n\n<div class=\"t2-featured-single-post t2-featured-content is-post-type-recipe brand-melange recipe_category-kaker-kos recipe_topic-bursdag wp-block-t2-featured-single-post\" role=\"listitem\"><a class=\"t2-post-link wp-block-t2-post-link\" href=\"https:\/\/mills.no\/melange\/oppskrift\/saftig-sjokoladekake\/\">\n<figure style=\"--t2-focal-point: 50% 50%;\" class=\"t2-post-featured-image has-image-ratio-16-9 wp-block-t2-post-featured-image\"><img loading=\"lazy\" decoding=\"async\" width=\"1920\" height=\"1212\" src=\"https:\/\/mills.no\/content\/uploads\/2022\/08\/Saftig-sjokoladekake.jpg\" class=\"attachment-medium-large size-medium-large wp-post-image\" alt=\"Rund sjokoladekake med sjokoladekrem\" srcset=\"https:\/\/mills.no\/content\/uploads\/2022\/08\/Saftig-sjokoladekake.jpg 1920w, https:\/\/mills.no\/content\/uploads\/2022\/08\/Saftig-sjokoladekake-300x189.jpg 300w, https:\/\/mills.no\/content\/uploads\/2022\/08\/Saftig-sjokoladekake-1024x646.jpg 1024w, https:\/\/mills.no\/content\/uploads\/2022\/08\/Saftig-sjokoladekake-768x485.jpg 768w, https:\/\/mills.no\/content\/uploads\/2022\/08\/Saftig-sjokoladekake-1536x970.jpg 1536w, https:\/\/mills.no\/content\/uploads\/2022\/08\/Saftig-sjokoladekake-80x51.jpg 80w\" sizes=\"auto, (max-width: 1920px) 100vw, 1920px\" \/><\/figure>\n\n<div class=\"wp-block-group alignfull is-layout-flow wp-block-group-is-layout-flow\">\n\t<h2 class=\"t2-post-title wp-block-t2-post-title\">Saftig sjokoladekake i rund form<\/h2>\n\t<div class=\"t2-post-excerpt wp-block-t2-post-excerpt\"><p>S\u00f8t og saftig sjokoladekaken som er b\u00e5de lett \u00e5 lage og lett \u00e5 like. Den passer like godt til bursdag&hellip;<\/p><\/div>\n\t\n\t\t<div class=\"wp-block-mills-block-recipe-info\">\n\t\t\t<div class=\"mills-block-recipe-info-item mills-block-recipe-info-item--difficulty\">Enkel<\/div>\n\t\t\t<div class=\"mills-block-recipe-info-item mills-block-recipe-info-item--time\">1 t<\/div>\n\t\t<\/div>\n<\/div>\n\n<\/a>\n<\/div>\n\n<div class=\"t2-featured-single-post t2-featured-content is-post-type-recipe brand-melange recipe_category-kaker-kos recipe_topic-sjokolade wp-block-t2-featured-single-post\" role=\"listitem\"><a class=\"t2-post-link wp-block-t2-post-link\" href=\"https:\/\/mills.no\/melange\/oppskrift\/saftig-sjokoladekake-med-fyldig-sjokoladekrem\/\">\n<figure style=\"--t2-focal-point: 50% 50%;\" class=\"t2-post-featured-image has-image-ratio-16-9 wp-block-t2-post-featured-image\"><img loading=\"lazy\" decoding=\"async\" width=\"1600\" height=\"1067\" src=\"https:\/\/mills.no\/content\/uploads\/2018\/06\/Sjokoladekake-med-sjokoladekrem.jpg\" class=\"attachment-medium-large size-medium-large wp-post-image\" alt=\"Sjokoladekake med sjokoladekrem\" srcset=\"https:\/\/mills.no\/content\/uploads\/2018\/06\/Sjokoladekake-med-sjokoladekrem.jpg 1600w, https:\/\/mills.no\/content\/uploads\/2018\/06\/Sjokoladekake-med-sjokoladekrem-300x200.jpg 300w, https:\/\/mills.no\/content\/uploads\/2018\/06\/Sjokoladekake-med-sjokoladekrem-1024x683.jpg 1024w, https:\/\/mills.no\/content\/uploads\/2018\/06\/Sjokoladekake-med-sjokoladekrem-768x512.jpg 768w, https:\/\/mills.no\/content\/uploads\/2018\/06\/Sjokoladekake-med-sjokoladekrem-1536x1024.jpg 1536w, https:\/\/mills.no\/content\/uploads\/2018\/06\/Sjokoladekake-med-sjokoladekrem-80x53.jpg 80w\" sizes=\"auto, (max-width: 1600px) 100vw, 1600px\" \/><\/figure>\n\n<div class=\"wp-block-group alignfull is-layout-flow wp-block-group-is-layout-flow\">\n\t<h2 class=\"t2-post-title wp-block-t2-post-title\">Saftig sjokoladekake med fyldig sjokoladekrem<\/h2>\n\t<div class=\"t2-post-excerpt wp-block-t2-post-excerpt\"><p>Dette er en ekstra saftig sjokoladekake som er toppet med en fyldig sjokoladekrem. Den ser kanskje imponerende ut, men er&hellip;<\/p><\/div>\n\t\n\t\t<div class=\"wp-block-mills-block-recipe-info\">\n\t\t\t<div class=\"mills-block-recipe-info-item mills-block-recipe-info-item--difficulty\">Enkel<\/div>\n\t\t\t<div class=\"mills-block-recipe-info-item mills-block-recipe-info-item--time\">1 t<\/div>\n\t\t<\/div>\n<\/div>\n\n<\/a>\n<\/div>\n\n<div class=\"t2-featured-single-post t2-featured-content is-post-type-recipe brand-melange recipe_category-kaker-kos wp-block-t2-featured-single-post\" role=\"listitem\"><a class=\"t2-post-link wp-block-t2-post-link\" href=\"https:\/\/mills.no\/melange\/oppskrift\/lyse-muffins\/\">\n<figure style=\"--t2-focal-point: 50% 50%;\" class=\"t2-post-featured-image has-image-ratio-16-9 wp-block-t2-post-featured-image\"><img loading=\"lazy\" decoding=\"async\" width=\"1600\" height=\"1067\" src=\"https:\/\/mills.no\/content\/uploads\/2016\/03\/Muffins-med-glasur.jpg\" class=\"attachment-medium-large size-medium-large wp-post-image\" alt=\"Lyse muffins\" srcset=\"https:\/\/mills.no\/content\/uploads\/2016\/03\/Muffins-med-glasur.jpg 1600w, https:\/\/mills.no\/content\/uploads\/2016\/03\/Muffins-med-glasur-300x200.jpg 300w, https:\/\/mills.no\/content\/uploads\/2016\/03\/Muffins-med-glasur-1024x683.jpg 1024w, https:\/\/mills.no\/content\/uploads\/2016\/03\/Muffins-med-glasur-768x512.jpg 768w, https:\/\/mills.no\/content\/uploads\/2016\/03\/Muffins-med-glasur-1536x1024.jpg 1536w, https:\/\/mills.no\/content\/uploads\/2016\/03\/Muffins-med-glasur-80x53.jpg 80w\" sizes=\"auto, (max-width: 1600px) 100vw, 1600px\" \/><\/figure>\n\n<div class=\"wp-block-group alignfull is-layout-flow wp-block-group-is-layout-flow\">\n\t<h2 class=\"t2-post-title wp-block-t2-post-title\">Saftige lyse muffins<\/h2>\n\t<div class=\"t2-post-excerpt wp-block-t2-post-excerpt\"><p>Saftige og smakfulle muffins er perfekt til bursdager eller andre anledninger. Denne grunnoppskriften gir deg cirka 12 muffins og kan&hellip;<\/p><\/div>\n\t\n\t\t<div class=\"wp-block-mills-block-recipe-info\">\n\t\t\t<div class=\"mills-block-recipe-info-item mills-block-recipe-info-item--difficulty\">Enkel<\/div>\n\t\t\t<div class=\"mills-block-recipe-info-item mills-block-recipe-info-item--time\">40 min<\/div>\n\t\t<\/div>\n<\/div>\n\n<\/a>\n<\/div>\n\n<div class=\"t2-featured-single-post t2-featured-content is-post-type-recipe brand-melange recipe_category-allergivennlig recipe_category-jul recipe_category-kaker-kos recipe_topic-sjokolade wp-block-t2-featured-single-post\" role=\"listitem\"><a class=\"t2-post-link wp-block-t2-post-link\" href=\"https:\/\/mills.no\/melange\/oppskrift\/sarah-bernhard-langpanne\/\">\n<figure style=\"--t2-focal-point: 50% 50%;\" class=\"t2-post-featured-image has-image-ratio-16-9 wp-block-t2-post-featured-image\"><img loading=\"lazy\" decoding=\"async\" width=\"1600\" height=\"1067\" src=\"https:\/\/mills.no\/content\/uploads\/2018\/11\/Sarah-Bernhard-jul.jpg\" class=\"attachment-medium-large size-medium-large wp-post-image\" alt=\"Sarah Bernhard i langpanne\" srcset=\"https:\/\/mills.no\/content\/uploads\/2018\/11\/Sarah-Bernhard-jul.jpg 1600w, https:\/\/mills.no\/content\/uploads\/2018\/11\/Sarah-Bernhard-jul-300x200.jpg 300w, https:\/\/mills.no\/content\/uploads\/2018\/11\/Sarah-Bernhard-jul-1024x683.jpg 1024w, https:\/\/mills.no\/content\/uploads\/2018\/11\/Sarah-Bernhard-jul-768x512.jpg 768w, https:\/\/mills.no\/content\/uploads\/2018\/11\/Sarah-Bernhard-jul-1536x1024.jpg 1536w, https:\/\/mills.no\/content\/uploads\/2018\/11\/Sarah-Bernhard-jul-80x53.jpg 80w\" sizes=\"auto, (max-width: 1600px) 100vw, 1600px\" \/><\/figure>\n\n<div class=\"wp-block-group alignfull is-layout-flow wp-block-group-is-layout-flow\">\n\t<h2 class=\"t2-post-title wp-block-t2-post-title\">Sarah Bernhard i langpanne<\/h2>\n\t<div class=\"t2-post-excerpt wp-block-t2-post-excerpt\"><p>Sarah Bernard i langpanne er en enklere variant av den popul\u00e6re porsjonskaken. Den egner seg ypperlig n\u00e5r du f\u00e5r gjester,&hellip;<\/p><\/div>\n\t\n\t\t<div class=\"wp-block-mills-block-recipe-info\">\n\t\t\t<div class=\"mills-block-recipe-info-item mills-block-recipe-info-item--difficulty\">Enkel<\/div>\n\t\t\t<div class=\"mills-block-recipe-info-item mills-block-recipe-info-item--time\">2 t<\/div>\n\t\t<\/div>\n<\/div>\n\n<\/a>\n<\/div>\n\n<div class=\"t2-featured-single-post t2-featured-content is-post-type-recipe brand-melange recipe_category-kaker-kos recipe_topic-bursdag recipe_topic-paske wp-block-t2-featured-single-post\" role=\"listitem\"><a class=\"t2-post-link wp-block-t2-post-link\" href=\"https:\/\/mills.no\/melange\/oppskrift\/sitronkake-med-ostekrem\/\">\n<figure style=\"--t2-focal-point: 50% 50%;\" class=\"t2-post-featured-image has-image-ratio-16-9 wp-block-t2-post-featured-image\"><img loading=\"lazy\" decoding=\"async\" width=\"1920\" height=\"1440\" src=\"https:\/\/mills.no\/content\/uploads\/2017\/04\/Sitronkake-med-ostekrem2.jpg\" class=\"attachment-medium-large size-medium-large wp-post-image\" alt=\"Sitronkake med ostekrem. Foto.\" srcset=\"https:\/\/mills.no\/content\/uploads\/2017\/04\/Sitronkake-med-ostekrem2.jpg 1920w, https:\/\/mills.no\/content\/uploads\/2017\/04\/Sitronkake-med-ostekrem2-300x225.jpg 300w, https:\/\/mills.no\/content\/uploads\/2017\/04\/Sitronkake-med-ostekrem2-1024x768.jpg 1024w, https:\/\/mills.no\/content\/uploads\/2017\/04\/Sitronkake-med-ostekrem2-768x576.jpg 768w, https:\/\/mills.no\/content\/uploads\/2017\/04\/Sitronkake-med-ostekrem2-1536x1152.jpg 1536w, https:\/\/mills.no\/content\/uploads\/2017\/04\/Sitronkake-med-ostekrem2-80x60.jpg 80w\" sizes=\"auto, (max-width: 1920px) 100vw, 1920px\" \/><\/figure>\n\n<div class=\"wp-block-group alignfull is-layout-flow wp-block-group-is-layout-flow\">\n\t<h2 class=\"t2-post-title wp-block-t2-post-title\">Sitronkake med ostekrem<\/h2>\n\t<div class=\"t2-post-excerpt wp-block-t2-post-excerpt\"><p>Sitronkake er ethvert selskap verdig &#8211; spesielt n\u00e5r det er servert med en fyldig ostekremglasur p\u00e5 toppen. Denne sitronkaken er&hellip;<\/p><\/div>\n\t\n\t\t<div class=\"wp-block-mills-block-recipe-info\">\n\t\t\t<div class=\"mills-block-recipe-info-item mills-block-recipe-info-item--difficulty\">Enkel<\/div>\n\t\t\t<div class=\"mills-block-recipe-info-item mills-block-recipe-info-item--time\">1 t<\/div>\n\t\t<\/div>\n<\/div>\n\n<\/a>\n<\/div>\n\n<div class=\"t2-featured-single-post t2-featured-content is-post-type-recipe brand-melange recipe_category-kaker-kos wp-block-t2-featured-single-post\" role=\"listitem\"><a class=\"t2-post-link wp-block-t2-post-link\" href=\"https:\/\/mills.no\/melange\/oppskrift\/sitronterte\/\">\n<figure style=\"--t2-focal-point: 50% 50%;\" class=\"t2-post-featured-image has-image-ratio-16-9 wp-block-t2-post-featured-image\"><img loading=\"lazy\" decoding=\"async\" width=\"1920\" height=\"1280\" src=\"https:\/\/mills.no\/content\/uploads\/2017\/07\/Sitronterte-med-krem.jpg\" class=\"attachment-medium-large size-medium-large wp-post-image\" alt=\"Sitronterte med krem. Foto.\" srcset=\"https:\/\/mills.no\/content\/uploads\/2017\/07\/Sitronterte-med-krem.jpg 1920w, https:\/\/mills.no\/content\/uploads\/2017\/07\/Sitronterte-med-krem-300x200.jpg 300w, https:\/\/mills.no\/content\/uploads\/2017\/07\/Sitronterte-med-krem-1024x683.jpg 1024w, https:\/\/mills.no\/content\/uploads\/2017\/07\/Sitronterte-med-krem-768x512.jpg 768w, https:\/\/mills.no\/content\/uploads\/2017\/07\/Sitronterte-med-krem-1536x1024.jpg 1536w, https:\/\/mills.no\/content\/uploads\/2017\/07\/Sitronterte-med-krem-80x53.jpg 80w\" sizes=\"auto, (max-width: 1920px) 100vw, 1920px\" \/><\/figure>\n\n<div class=\"wp-block-group alignfull is-layout-flow wp-block-group-is-layout-flow\">\n\t<h2 class=\"t2-post-title wp-block-t2-post-title\">Sitronterte<\/h2>\n\t<div class=\"t2-post-excerpt wp-block-t2-post-excerpt\"><p>Det er ikke uten grunn at den klassiske sitronterten aldri g\u00e5r av moten. Denne friske og gode kaken har en&hellip;<\/p><\/div>\n\t\n\t\t<div class=\"wp-block-mills-block-recipe-info\">\n\t\t\t<div class=\"mills-block-recipe-info-item mills-block-recipe-info-item--difficulty\">Middels<\/div>\n\t\t\t<div class=\"mills-block-recipe-info-item mills-block-recipe-info-item--time\">1 t 50 min<\/div>\n\t\t<\/div>\n<\/div>\n\n<\/a>\n<\/div>\n\n<div class=\"t2-featured-single-post t2-featured-content is-post-type-recipe brand-melange recipe_category-kaker-kos recipe_topic-bursdag recipe_topic-langpannekake recipe_topic-sjokolade wp-block-t2-featured-single-post\" role=\"listitem\"><a class=\"t2-post-link wp-block-t2-post-link\" href=\"https:\/\/mills.no\/melange\/oppskrift\/sjokoladekake-langpanne\/\">\n<figure style=\"--t2-focal-point: 50% 50%;\" class=\"t2-post-featured-image has-image-ratio-16-9 wp-block-t2-post-featured-image\"><img loading=\"lazy\" decoding=\"async\" width=\"1920\" height=\"1200\" src=\"https:\/\/mills.no\/content\/uploads\/2017\/04\/Sjokoladekake-og-kakestykke-2.jpg\" class=\"attachment-medium-large size-medium-large wp-post-image\" alt=\"Sjokoladekake i langpanne med str\u00f8ssel. Foto.\" srcset=\"https:\/\/mills.no\/content\/uploads\/2017\/04\/Sjokoladekake-og-kakestykke-2.jpg 1920w, https:\/\/mills.no\/content\/uploads\/2017\/04\/Sjokoladekake-og-kakestykke-2-300x188.jpg 300w, https:\/\/mills.no\/content\/uploads\/2017\/04\/Sjokoladekake-og-kakestykke-2-1024x640.jpg 1024w, https:\/\/mills.no\/content\/uploads\/2017\/04\/Sjokoladekake-og-kakestykke-2-768x480.jpg 768w, https:\/\/mills.no\/content\/uploads\/2017\/04\/Sjokoladekake-og-kakestykke-2-1536x960.jpg 1536w, https:\/\/mills.no\/content\/uploads\/2017\/04\/Sjokoladekake-og-kakestykke-2-80x50.jpg 80w\" sizes=\"auto, (max-width: 1920px) 100vw, 1920px\" \/><\/figure>\n\n<div class=\"wp-block-group alignfull is-layout-flow wp-block-group-is-layout-flow\">\n\t<h2 class=\"t2-post-title wp-block-t2-post-title\">Sjokoladekake i langpanne<\/h2>\n\t<div class=\"t2-post-excerpt wp-block-t2-post-excerpt\"><p>Sjokoladekake i langpanne er en enkel, men supergod klassiker som er rask \u00e5 r\u00f8re sammen. Denne varianten er s\u00e5 saftig&hellip;<\/p><\/div>\n\t\n\t\t<div class=\"wp-block-mills-block-recipe-info\">\n\t\t\t<div class=\"mills-block-recipe-info-item mills-block-recipe-info-item--difficulty\">Enkel<\/div>\n\t\t\t<div class=\"mills-block-recipe-info-item mills-block-recipe-info-item--time\">55 min<\/div>\n\t\t<\/div>\n<\/div>\n\n<\/a>\n<\/div>\n\n<div class=\"t2-featured-single-post t2-featured-content is-post-type-recipe brand-melange recipe_category-kaker-kos recipe_topic-bursdag wp-block-t2-featured-single-post\" role=\"listitem\"><a class=\"t2-post-link wp-block-t2-post-link\" href=\"https:\/\/mills.no\/melange\/oppskrift\/sjokoladekake-i-langpanne-med-daim\/\">\n<figure style=\"--t2-focal-point: 50% 50%;\" class=\"t2-post-featured-image has-image-ratio-16-9 wp-block-t2-post-featured-image\"><img loading=\"lazy\" decoding=\"async\" width=\"1600\" height=\"1067\" src=\"https:\/\/mills.no\/content\/uploads\/2018\/05\/Sjokoladekake-med-daim-focalcropped.jpg\" class=\"attachment-medium-large size-medium-large wp-post-image\" alt=\"Sjokoladekake med daim\" srcset=\"https:\/\/mills.no\/content\/uploads\/2018\/05\/Sjokoladekake-med-daim-focalcropped.jpg 1600w, https:\/\/mills.no\/content\/uploads\/2018\/05\/Sjokoladekake-med-daim-focalcropped-300x200.jpg 300w, https:\/\/mills.no\/content\/uploads\/2018\/05\/Sjokoladekake-med-daim-focalcropped-1024x683.jpg 1024w, https:\/\/mills.no\/content\/uploads\/2018\/05\/Sjokoladekake-med-daim-focalcropped-768x512.jpg 768w, https:\/\/mills.no\/content\/uploads\/2018\/05\/Sjokoladekake-med-daim-focalcropped-1536x1024.jpg 1536w, https:\/\/mills.no\/content\/uploads\/2018\/05\/Sjokoladekake-med-daim-focalcropped-80x53.jpg 80w\" sizes=\"auto, (max-width: 1600px) 100vw, 1600px\" \/><\/figure>\n\n<div class=\"wp-block-group alignfull is-layout-flow wp-block-group-is-layout-flow\">\n\t<h2 class=\"t2-post-title wp-block-t2-post-title\">Sjokoladekake i langpanne med daim<\/h2>\n\t<div class=\"t2-post-excerpt wp-block-t2-post-excerpt\"><p>Sjokoladekake i langpanne er kanskje den kaken som bakes oftest til barnebursdager, avslutninger og dugnader. Her har vi p\u00e5 en&hellip;<\/p><\/div>\n\t\n\t\t<div class=\"wp-block-mills-block-recipe-info\">\n\t\t\t<div class=\"mills-block-recipe-info-item mills-block-recipe-info-item--difficulty\">Enkel<\/div>\n\t\t\t<div class=\"mills-block-recipe-info-item mills-block-recipe-info-item--time\">1 t<\/div>\n\t\t<\/div>\n<\/div>\n\n<\/a>\n<\/div>\n\n<div class=\"t2-featured-single-post t2-featured-content is-post-type-recipe brand-melange recipe_category-kaker-kos recipe_topic-sjokolade wp-block-t2-featured-single-post\" role=\"listitem\"><a class=\"t2-post-link wp-block-t2-post-link\" href=\"https:\/\/mills.no\/melange\/oppskrift\/sjokoladekake-med-appelsinsmak\/\">\n<figure style=\"--t2-focal-point: 50% 50%;\" class=\"t2-post-featured-image has-image-ratio-16-9 wp-block-t2-post-featured-image\"><img loading=\"lazy\" decoding=\"async\" width=\"1600\" height=\"1018\" src=\"https:\/\/mills.no\/content\/uploads\/2018\/06\/Sjokoladekake-med-appelsinsmak.jpg\" class=\"attachment-medium-large size-medium-large wp-post-image\" alt=\"Sjokoladekake med appelsinsmak\" srcset=\"https:\/\/mills.no\/content\/uploads\/2018\/06\/Sjokoladekake-med-appelsinsmak.jpg 1600w, https:\/\/mills.no\/content\/uploads\/2018\/06\/Sjokoladekake-med-appelsinsmak-300x191.jpg 300w, https:\/\/mills.no\/content\/uploads\/2018\/06\/Sjokoladekake-med-appelsinsmak-1024x652.jpg 1024w, https:\/\/mills.no\/content\/uploads\/2018\/06\/Sjokoladekake-med-appelsinsmak-768x489.jpg 768w, https:\/\/mills.no\/content\/uploads\/2018\/06\/Sjokoladekake-med-appelsinsmak-1536x977.jpg 1536w, https:\/\/mills.no\/content\/uploads\/2018\/06\/Sjokoladekake-med-appelsinsmak-80x51.jpg 80w\" sizes=\"auto, (max-width: 1600px) 100vw, 1600px\" \/><\/figure>\n\n<div class=\"wp-block-group alignfull is-layout-flow wp-block-group-is-layout-flow\">\n\t<h2 class=\"t2-post-title wp-block-t2-post-title\">Sjokoladekake med appelsinsmak<\/h2>\n\t<div class=\"t2-post-excerpt wp-block-t2-post-excerpt\"><p>Dette er en saftig og god sjokoladekake med en frisk smak av appelsin. Kaken er toppet med en enkel melisglasur&hellip;<\/p><\/div>\n\t\n\t\t<div class=\"wp-block-mills-block-recipe-info\">\n\t\t\t<div class=\"mills-block-recipe-info-item mills-block-recipe-info-item--difficulty\">Enkel<\/div>\n\t\t\t<div class=\"mills-block-recipe-info-item mills-block-recipe-info-item--time\">1 t<\/div>\n\t\t<\/div>\n<\/div>\n\n<\/a>\n<\/div>\n\n<div class=\"t2-featured-single-post t2-featured-content is-post-type-recipe brand-melange recipe_category-kaker-kos recipe_topic-sjokolade wp-block-t2-featured-single-post\" role=\"listitem\"><a class=\"t2-post-link wp-block-t2-post-link\" href=\"https:\/\/mills.no\/melange\/oppskrift\/sjokoladekake-med-bringebaerkrem\/\">\n<figure style=\"--t2-focal-point: 50% 50%;\" class=\"t2-post-featured-image has-image-ratio-16-9 wp-block-t2-post-featured-image\"><img loading=\"lazy\" decoding=\"async\" width=\"1600\" height=\"1007\" src=\"https:\/\/mills.no\/content\/uploads\/2018\/06\/Sjokoladekake-med-bringebC3A6rkrem.jpg\" class=\"attachment-medium-large size-medium-large wp-post-image\" alt=\"Sjokoladekake med bringeb\u00e6rkrem\" srcset=\"https:\/\/mills.no\/content\/uploads\/2018\/06\/Sjokoladekake-med-bringebC3A6rkrem.jpg 1600w, https:\/\/mills.no\/content\/uploads\/2018\/06\/Sjokoladekake-med-bringebC3A6rkrem-300x189.jpg 300w, https:\/\/mills.no\/content\/uploads\/2018\/06\/Sjokoladekake-med-bringebC3A6rkrem-1024x644.jpg 1024w, https:\/\/mills.no\/content\/uploads\/2018\/06\/Sjokoladekake-med-bringebC3A6rkrem-768x483.jpg 768w, https:\/\/mills.no\/content\/uploads\/2018\/06\/Sjokoladekake-med-bringebC3A6rkrem-1536x967.jpg 1536w, https:\/\/mills.no\/content\/uploads\/2018\/06\/Sjokoladekake-med-bringebC3A6rkrem-80x50.jpg 80w\" sizes=\"auto, (max-width: 1600px) 100vw, 1600px\" \/><\/figure>\n\n<div class=\"wp-block-group alignfull is-layout-flow wp-block-group-is-layout-flow\">\n\t<h2 class=\"t2-post-title wp-block-t2-post-title\">Sjokoladekake med bringeb\u00e6rkrem<\/h2>\n\t<div class=\"t2-post-excerpt wp-block-t2-post-excerpt\"><p>Her f\u00e5r du en saftig sjokoladekake med en frisk og lett syrlig bringeb\u00e6rkrem. Dette er en kake som b\u00e5de kan&hellip;<\/p><\/div>\n\t\n\t\t<div class=\"wp-block-mills-block-recipe-info\">\n\t\t\t<div class=\"mills-block-recipe-info-item mills-block-recipe-info-item--difficulty\">Enkel<\/div>\n\t\t\t<div class=\"mills-block-recipe-info-item mills-block-recipe-info-item--time\">1 t<\/div>\n\t\t<\/div>\n<\/div>\n\n<\/a>\n<\/div>\n\n<div class=\"t2-featured-single-post t2-featured-content is-post-type-recipe brand-melange recipe_category-kaker-kos recipe_topic-17-mai recipe_topic-bursdag recipe_topic-sjokolade wp-block-t2-featured-single-post\" role=\"listitem\"><a class=\"t2-post-link wp-block-t2-post-link\" href=\"https:\/\/mills.no\/melange\/oppskrift\/sjokoladekake-krem-baer\/\">\n<figure style=\"--t2-focal-point: 50% 50%;\" class=\"t2-post-featured-image has-image-ratio-16-9 wp-block-t2-post-featured-image\"><img loading=\"lazy\" decoding=\"async\" width=\"1920\" height=\"930\" src=\"https:\/\/mills.no\/content\/uploads\/2016\/04\/Melange_sjokolade_u_flaske.png\" class=\"attachment-medium-large size-medium-large wp-post-image\" alt=\"Sjokoladekake til 17 mai. Foto.\" srcset=\"https:\/\/mills.no\/content\/uploads\/2016\/04\/Melange_sjokolade_u_flaske.png 1920w, https:\/\/mills.no\/content\/uploads\/2016\/04\/Melange_sjokolade_u_flaske-300x145.png 300w, https:\/\/mills.no\/content\/uploads\/2016\/04\/Melange_sjokolade_u_flaske-1024x496.png 1024w, https:\/\/mills.no\/content\/uploads\/2016\/04\/Melange_sjokolade_u_flaske-768x372.png 768w, https:\/\/mills.no\/content\/uploads\/2016\/04\/Melange_sjokolade_u_flaske-1536x744.png 1536w, https:\/\/mills.no\/content\/uploads\/2016\/04\/Melange_sjokolade_u_flaske-80x39.png 80w\" sizes=\"auto, (max-width: 1920px) 100vw, 1920px\" \/><\/figure>\n\n<div class=\"wp-block-group alignfull is-layout-flow wp-block-group-is-layout-flow\">\n\t<h2 class=\"t2-post-title wp-block-t2-post-title\">Sjokoladekake med krem og b\u00e6r<\/h2>\n\t<div class=\"t2-post-excerpt wp-block-t2-post-excerpt\"><p>Dette er festkaken som er enkel \u00e5 lage samtidig som den ser avansert ut. Trikset er \u00e5 ikke spare p\u00e5&hellip;<\/p><\/div>\n\t\n\t\t<div class=\"wp-block-mills-block-recipe-info\">\n\t\t\t<div class=\"mills-block-recipe-info-item mills-block-recipe-info-item--difficulty\">Enkel<\/div>\n\t\t\t<div class=\"mills-block-recipe-info-item mills-block-recipe-info-item--time\">50 min<\/div>\n\t\t<\/div>\n<\/div>\n\n<\/a>\n<\/div>\n\n<div class=\"t2-featured-single-post t2-featured-content is-post-type-recipe brand-melange recipe_category-jul recipe_category-kaker-kos recipe_topic-sjokolade wp-block-t2-featured-single-post\" role=\"listitem\"><a class=\"t2-post-link wp-block-t2-post-link\" href=\"https:\/\/mills.no\/melange\/oppskrift\/sjokoladekake-med-pepperkakesmak\/\">\n<figure style=\"--t2-focal-point: 50% 50%;\" class=\"t2-post-featured-image has-image-ratio-16-9 wp-block-t2-post-featured-image\"><img loading=\"lazy\" decoding=\"async\" width=\"1600\" height=\"1067\" src=\"https:\/\/mills.no\/content\/uploads\/2018\/12\/Sjokoladekake-med-pepperkakesmak.jpg\" class=\"attachment-medium-large size-medium-large wp-post-image\" alt=\"Sjokoladekake med pepperkakesmak\" srcset=\"https:\/\/mills.no\/content\/uploads\/2018\/12\/Sjokoladekake-med-pepperkakesmak.jpg 1600w, https:\/\/mills.no\/content\/uploads\/2018\/12\/Sjokoladekake-med-pepperkakesmak-300x200.jpg 300w, https:\/\/mills.no\/content\/uploads\/2018\/12\/Sjokoladekake-med-pepperkakesmak-1024x683.jpg 1024w, https:\/\/mills.no\/content\/uploads\/2018\/12\/Sjokoladekake-med-pepperkakesmak-768x512.jpg 768w, https:\/\/mills.no\/content\/uploads\/2018\/12\/Sjokoladekake-med-pepperkakesmak-1536x1024.jpg 1536w, https:\/\/mills.no\/content\/uploads\/2018\/12\/Sjokoladekake-med-pepperkakesmak-80x53.jpg 80w\" sizes=\"auto, (max-width: 1600px) 100vw, 1600px\" \/><\/figure>\n\n<div class=\"wp-block-group alignfull is-layout-flow wp-block-group-is-layout-flow\">\n\t<h2 class=\"t2-post-title wp-block-t2-post-title\">Sjokoladekake med pepperkakesmak<\/h2>\n\t<div class=\"t2-post-excerpt wp-block-t2-post-excerpt\"><p>Denne saftige og fyldige sjokoladekaken er krydret med pepperkakekrydre som gir en nydelig varm smak p\u00e5 kaken. Toppet med sjokoladekrem&hellip;<\/p><\/div>\n\t\n\t\t<div class=\"wp-block-mills-block-recipe-info\">\n\t\t\t<div class=\"mills-block-recipe-info-item mills-block-recipe-info-item--difficulty\">Enkel<\/div>\n\t\t\t<div class=\"mills-block-recipe-info-item mills-block-recipe-info-item--time\">1 t<\/div>\n\t\t<\/div>\n<\/div>\n\n<\/a>\n<\/div>\n\n<div class=\"t2-featured-single-post t2-featured-content is-post-type-recipe brand-mills recipe_category-jul recipe_category-kaker-kos recipe_topic-bakst wp-block-t2-featured-single-post\" role=\"listitem\"><a class=\"t2-post-link wp-block-t2-post-link\" href=\"https:\/\/mills.no\/mills\/oppskrift\/saftig-krydderkake\/\">\n<figure style=\"--t2-focal-point: 50% 50%;\" class=\"t2-post-featured-image has-image-ratio-16-9 wp-block-t2-post-featured-image\"><img loading=\"lazy\" decoding=\"async\" width=\"1600\" height=\"1067\" src=\"https:\/\/mills.no\/content\/uploads\/2017\/12\/Krydderkake-i-randform.jpg\" class=\"attachment-medium-large size-medium-large wp-post-image\" alt=\"Saftig krydderkake i randform. Foto.\" srcset=\"https:\/\/mills.no\/content\/uploads\/2017\/12\/Krydderkake-i-randform.jpg 1600w, https:\/\/mills.no\/content\/uploads\/2017\/12\/Krydderkake-i-randform-300x200.jpg 300w, https:\/\/mills.no\/content\/uploads\/2017\/12\/Krydderkake-i-randform-1024x683.jpg 1024w, https:\/\/mills.no\/content\/uploads\/2017\/12\/Krydderkake-i-randform-768x512.jpg 768w, https:\/\/mills.no\/content\/uploads\/2017\/12\/Krydderkake-i-randform-1536x1024.jpg 1536w, https:\/\/mills.no\/content\/uploads\/2017\/12\/Krydderkake-i-randform-80x53.jpg 80w\" sizes=\"auto, (max-width: 1600px) 100vw, 1600px\" \/><\/figure>\n\n<div class=\"wp-block-group alignfull is-layout-flow wp-block-group-is-layout-flow\">\n\t<h2 class=\"t2-post-title wp-block-t2-post-title\">Saftig krydderkake<\/h2>\n\t<div class=\"t2-post-excerpt wp-block-t2-post-excerpt\"><p>Denne krydderkaken er supersaftig og smelter bokstavelig talt p\u00e5 tungen. Vil du gi kaken det lille ekstra p\u00e5 en enkel&hellip;<\/p><\/div>\n\t\n\t\t<div class=\"wp-block-mills-block-recipe-info\">\n\t\t\t<div class=\"mills-block-recipe-info-item mills-block-recipe-info-item--difficulty\">Enkel<\/div>\n\t\t\t<div class=\"mills-block-recipe-info-item mills-block-recipe-info-item--time\">1 t<\/div>\n\t\t<\/div>\n<\/div>\n\n<\/a>\n<\/div>\n\n<div class=\"t2-featured-single-post t2-featured-content is-post-type-recipe brand-melange recipe_category-kaker-kos recipe_topic-bakst recipe_topic-bursdag wp-block-t2-featured-single-post\" role=\"listitem\"><a class=\"t2-post-link wp-block-t2-post-link\" href=\"https:\/\/mills.no\/melange\/oppskrift\/sitronkake-med-blabaer\/\">\n<figure style=\"--t2-focal-point: 50% 50%;\" class=\"t2-post-featured-image has-image-ratio-16-9 wp-block-t2-post-featured-image\"><img loading=\"lazy\" decoding=\"async\" width=\"1600\" height=\"1067\" src=\"https:\/\/mills.no\/content\/uploads\/2019\/09\/Sitronkake-med-blC3A5bC3A6r-hel.jpg\" class=\"attachment-medium-large size-medium-large wp-post-image\" alt=\"Sitronkake med bl\u00e5b\u00e6r\" srcset=\"https:\/\/mills.no\/content\/uploads\/2019\/09\/Sitronkake-med-blC3A5bC3A6r-hel.jpg 1600w, https:\/\/mills.no\/content\/uploads\/2019\/09\/Sitronkake-med-blC3A5bC3A6r-hel-300x200.jpg 300w, https:\/\/mills.no\/content\/uploads\/2019\/09\/Sitronkake-med-blC3A5bC3A6r-hel-1024x683.jpg 1024w, https:\/\/mills.no\/content\/uploads\/2019\/09\/Sitronkake-med-blC3A5bC3A6r-hel-768x512.jpg 768w, https:\/\/mills.no\/content\/uploads\/2019\/09\/Sitronkake-med-blC3A5bC3A6r-hel-1536x1024.jpg 1536w, https:\/\/mills.no\/content\/uploads\/2019\/09\/Sitronkake-med-blC3A5bC3A6r-hel-80x53.jpg 80w\" sizes=\"auto, (max-width: 1600px) 100vw, 1600px\" \/><\/figure>\n\n<div class=\"wp-block-group alignfull is-layout-flow wp-block-group-is-layout-flow\">\n\t<h2 class=\"t2-post-title wp-block-t2-post-title\">Sitronkake med bl\u00e5b\u00e6r<\/h2>\n\t<div class=\"t2-post-excerpt wp-block-t2-post-excerpt\"><p>Lagkaker er imponerende \u00e5 se p\u00e5, og her er en som i tillegg smaker helt himmelsk. Det er den ultimate&hellip;<\/p><\/div>\n\t\n\t\t<div class=\"wp-block-mills-block-recipe-info\">\n\t\t\t<div class=\"mills-block-recipe-info-item mills-block-recipe-info-item--difficulty\">Middels<\/div>\n\t\t\t<div class=\"mills-block-recipe-info-item mills-block-recipe-info-item--time\">1 t 20 min<\/div>\n\t\t<\/div>\n<\/div>\n\n<\/a>\n<\/div>\n\n<div class=\"t2-featured-single-post t2-featured-content is-post-type-recipe brand-melange recipe_category-kaker-kos wp-block-t2-featured-single-post\" role=\"listitem\"><a class=\"t2-post-link wp-block-t2-post-link\" href=\"https:\/\/mills.no\/melange\/oppskrift\/sjokoladekake-uten-egg-i-langpanne\/\">\n<figure style=\"--t2-focal-point: 50% 50%;\" class=\"t2-post-featured-image has-image-ratio-16-9 wp-block-t2-post-featured-image\"><img loading=\"lazy\" decoding=\"async\" width=\"1600\" height=\"1067\" src=\"https:\/\/mills.no\/content\/uploads\/2019\/03\/Sjokoladekake-uten-egg.jpg\" class=\"attachment-medium-large size-medium-large wp-post-image\" alt=\"Sjokoladekake uten egg\" srcset=\"https:\/\/mills.no\/content\/uploads\/2019\/03\/Sjokoladekake-uten-egg.jpg 1600w, https:\/\/mills.no\/content\/uploads\/2019\/03\/Sjokoladekake-uten-egg-300x200.jpg 300w, https:\/\/mills.no\/content\/uploads\/2019\/03\/Sjokoladekake-uten-egg-1024x683.jpg 1024w, https:\/\/mills.no\/content\/uploads\/2019\/03\/Sjokoladekake-uten-egg-768x512.jpg 768w, https:\/\/mills.no\/content\/uploads\/2019\/03\/Sjokoladekake-uten-egg-1536x1024.jpg 1536w, https:\/\/mills.no\/content\/uploads\/2019\/03\/Sjokoladekake-uten-egg-80x53.jpg 80w\" sizes=\"auto, (max-width: 1600px) 100vw, 1600px\" \/><\/figure>\n\n<div class=\"wp-block-group alignfull is-layout-flow wp-block-group-is-layout-flow\">\n\t<h2 class=\"t2-post-title wp-block-t2-post-title\">Sjokoladekake uten egg i langpanne<\/h2>\n\t<div class=\"t2-post-excerpt wp-block-t2-post-excerpt\"><p>Denne enkle sjokoladekaken uten egg er saftig og enkel \u00e5 r\u00f8re sammen. Perfekt \u00e5 lage til store og sm\u00e5 anledninger&hellip;<\/p><\/div>\n\t\n\t\t<div class=\"wp-block-mills-block-recipe-info\">\n\t\t\t<div class=\"mills-block-recipe-info-item mills-block-recipe-info-item--difficulty\">Enkel<\/div>\n\t\t\t<div class=\"mills-block-recipe-info-item mills-block-recipe-info-item--time\">1 t<\/div>\n\t\t<\/div>\n<\/div>\n\n<\/a>\n<\/div>\n\n<div class=\"t2-featured-single-post t2-featured-content is-post-type-recipe brand-melange recipe_category-kaker-kos wp-block-t2-featured-single-post\" role=\"listitem\"><a class=\"t2-post-link wp-block-t2-post-link\" href=\"https:\/\/mills.no\/melange\/oppskrift\/toscakake\/\">\n<figure style=\"--t2-focal-point: 50% 50%;\" class=\"t2-post-featured-image has-image-ratio-16-9 wp-block-t2-post-featured-image\"><img loading=\"lazy\" decoding=\"async\" width=\"1600\" height=\"1067\" src=\"https:\/\/mills.no\/content\/uploads\/2018\/06\/Toscakake.jpg\" class=\"attachment-medium-large size-medium-large wp-post-image\" alt=\"Toscakake\" srcset=\"https:\/\/mills.no\/content\/uploads\/2018\/06\/Toscakake.jpg 1600w, https:\/\/mills.no\/content\/uploads\/2018\/06\/Toscakake-300x200.jpg 300w, https:\/\/mills.no\/content\/uploads\/2018\/06\/Toscakake-1024x683.jpg 1024w, https:\/\/mills.no\/content\/uploads\/2018\/06\/Toscakake-768x512.jpg 768w, https:\/\/mills.no\/content\/uploads\/2018\/06\/Toscakake-1536x1024.jpg 1536w, https:\/\/mills.no\/content\/uploads\/2018\/06\/Toscakake-80x53.jpg 80w\" sizes=\"auto, (max-width: 1600px) 100vw, 1600px\" \/><\/figure>\n\n<div class=\"wp-block-group alignfull is-layout-flow wp-block-group-is-layout-flow\">\n\t<h2 class=\"t2-post-title wp-block-t2-post-title\">Toscakake<\/h2>\n\t<div class=\"t2-post-excerpt wp-block-t2-post-excerpt\"><p>Toscakake er oppkalt etter \u00abTosca\u00bb, Puccinis verdensber\u00f8mte opera, og er en av de mest kjente formkakene som finnes. Med et&hellip;<\/p><\/div>\n\t\n\t\t<div class=\"wp-block-mills-block-recipe-info\">\n\t\t\t<div class=\"mills-block-recipe-info-item mills-block-recipe-info-item--difficulty\">Enkel<\/div>\n\t\t\t<div class=\"mills-block-recipe-info-item mills-block-recipe-info-item--time\">1 t<\/div>\n\t\t<\/div>\n<\/div>\n\n<\/a>\n<\/div>\n\n\n\n<div class=\"t2-featured-single-post t2-featured-content is-post-type-recipe brand-melange recipe_category-kaker-kos recipe_topic-vafler wp-block-t2-featured-single-post\" role=\"listitem\"><a class=\"t2-post-link wp-block-t2-post-link\" href=\"https:\/\/mills.no\/melange\/oppskrift\/vaffelkake-med-oreo\/\">\n<figure style=\"--t2-focal-point: 50% 50%;\" class=\"t2-post-featured-image has-image-ratio-16-9 wp-block-t2-post-featured-image\"><img loading=\"lazy\" decoding=\"async\" width=\"1600\" height=\"1037\" src=\"https:\/\/mills.no\/content\/uploads\/2019\/05\/Oreovaffelkake.jpg\" class=\"attachment-medium-large size-medium-large wp-post-image\" alt=\"Oreovaffelkake\" srcset=\"https:\/\/mills.no\/content\/uploads\/2019\/05\/Oreovaffelkake.jpg 1600w, https:\/\/mills.no\/content\/uploads\/2019\/05\/Oreovaffelkake-300x194.jpg 300w, https:\/\/mills.no\/content\/uploads\/2019\/05\/Oreovaffelkake-1024x664.jpg 1024w, https:\/\/mills.no\/content\/uploads\/2019\/05\/Oreovaffelkake-768x498.jpg 768w, https:\/\/mills.no\/content\/uploads\/2019\/05\/Oreovaffelkake-1536x996.jpg 1536w, https:\/\/mills.no\/content\/uploads\/2019\/05\/Oreovaffelkake-80x52.jpg 80w\" sizes=\"auto, (max-width: 1600px) 100vw, 1600px\" \/><\/figure>\n\n<div class=\"wp-block-group alignfull is-layout-flow wp-block-group-is-layout-flow\">\n\t<h2 class=\"t2-post-title wp-block-t2-post-title\">Vaffelkake med oreo<\/h2>\n\t<div class=\"t2-post-excerpt wp-block-t2-post-excerpt\"><p>Denne deilige vaffelkaken kombinerer oreokake og vafler, og er en rask og enkel l\u00f8sning om du ikke har tid eller&hellip;<\/p><\/div>\n\t\n\t\t<div class=\"wp-block-mills-block-recipe-info\">\n\t\t\t<div class=\"mills-block-recipe-info-item mills-block-recipe-info-item--difficulty\">Enkel<\/div>\n\t\t\t<div class=\"mills-block-recipe-info-item mills-block-recipe-info-item--time\">1 t<\/div>\n\t\t<\/div>\n<\/div>\n\n<\/a>\n<\/div>\n\n<div class=\"t2-featured-single-post t2-featured-content is-post-type-recipe brand-melange recipe_category-kaker-kos recipe_topic-17-mai recipe_topic-bursdag recipe_topic-langpannekake wp-block-t2-featured-single-post\" role=\"listitem\"><a class=\"t2-post-link wp-block-t2-post-link\" href=\"https:\/\/mills.no\/melange\/oppskrift\/vaniljekake-i-langpanne\/\">\n<figure style=\"--t2-focal-point: 50% 50%;\" class=\"t2-post-featured-image has-image-ratio-16-9 wp-block-t2-post-featured-image\"><img loading=\"lazy\" decoding=\"async\" width=\"1600\" height=\"1067\" src=\"https:\/\/mills.no\/content\/uploads\/2019\/09\/Vaniljekake-langpanne.jpg\" class=\"attachment-medium-large size-medium-large wp-post-image\" alt=\"Vaniljekake i langpanne\" srcset=\"https:\/\/mills.no\/content\/uploads\/2019\/09\/Vaniljekake-langpanne.jpg 1600w, https:\/\/mills.no\/content\/uploads\/2019\/09\/Vaniljekake-langpanne-300x200.jpg 300w, https:\/\/mills.no\/content\/uploads\/2019\/09\/Vaniljekake-langpanne-1024x683.jpg 1024w, https:\/\/mills.no\/content\/uploads\/2019\/09\/Vaniljekake-langpanne-768x512.jpg 768w, https:\/\/mills.no\/content\/uploads\/2019\/09\/Vaniljekake-langpanne-1536x1024.jpg 1536w, https:\/\/mills.no\/content\/uploads\/2019\/09\/Vaniljekake-langpanne-80x53.jpg 80w\" sizes=\"auto, (max-width: 1600px) 100vw, 1600px\" \/><\/figure>\n\n<div class=\"wp-block-group alignfull is-layout-flow wp-block-group-is-layout-flow\">\n\t<h2 class=\"t2-post-title wp-block-t2-post-title\">Vaniljekake i langpanne<\/h2>\n\t<div class=\"t2-post-excerpt wp-block-t2-post-excerpt\"><p>Denne enkle og supersaftige langpannekaken har en nydelig smak av vanilje som alle kan like. I tillegg er den lett&hellip;<\/p><\/div>\n\t\n\t\t<div class=\"wp-block-mills-block-recipe-info\">\n\t\t\t<div class=\"mills-block-recipe-info-item mills-block-recipe-info-item--difficulty\">Enkel<\/div>\n\t\t\t<div class=\"mills-block-recipe-info-item mills-block-recipe-info-item--time\">1 t<\/div>\n\t\t<\/div>\n<\/div>\n\n<\/a>\n<\/div>\n<\/div>\n\n\t\t\t<\/div>\n\t\t<\/div>\n\n\n\t\t<div class=\"has-background has-neutral-50-background-color is-style-vertical-spacing is-style-horizontal-spacing alignwide wp-block-mills-section has-background has-neutral-50-background-color\">\n\t\t\t<div class=\"wp-block-mills-section__inner alignwide\">\n\t\t\t\t\n\n<h2 class=\"has-text-align-center aligncenter wp-block-heading\" id=\"h-vafler\">Vafler<\/h2>\n\n\n\n<p class=\"has-text-align-center aligncenter\">Her finner du alle v\u00e5re vaffeloppskrifter &#8211; fra verdens beste vafler, til regnbuevafler og pizzavafler.\n<\/p>\n\n\n<div class=\"t2-featured-content-layout alignwide alignwide wp-block-t2-featured-content-layout\" role=\"list\">\n<div class=\"t2-featured-single-post t2-featured-content is-post-type-recipe brand-melange recipe_category-bakst-og-brod recipe_category-kaker-kos recipe_topic-vafler wp-block-t2-featured-single-post\" role=\"listitem\"><a class=\"t2-post-link wp-block-t2-post-link\" href=\"https:\/\/mills.no\/melange\/oppskrift\/bananvafler\/\">\n<figure style=\"--t2-focal-point: 50% 50%;\" class=\"t2-post-featured-image has-image-ratio-16-9 wp-block-t2-post-featured-image\"><img loading=\"lazy\" decoding=\"async\" width=\"1600\" height=\"1067\" src=\"https:\/\/mills.no\/content\/uploads\/2019\/05\/Bananvafler.jpg\" class=\"attachment-medium-large size-medium-large wp-post-image\" alt=\"Bananvafler\" srcset=\"https:\/\/mills.no\/content\/uploads\/2019\/05\/Bananvafler.jpg 1600w, https:\/\/mills.no\/content\/uploads\/2019\/05\/Bananvafler-300x200.jpg 300w, https:\/\/mills.no\/content\/uploads\/2019\/05\/Bananvafler-1024x683.jpg 1024w, https:\/\/mills.no\/content\/uploads\/2019\/05\/Bananvafler-768x512.jpg 768w, https:\/\/mills.no\/content\/uploads\/2019\/05\/Bananvafler-1536x1024.jpg 1536w, https:\/\/mills.no\/content\/uploads\/2019\/05\/Bananvafler-80x53.jpg 80w\" sizes=\"auto, (max-width: 1600px) 100vw, 1600px\" \/><\/figure>\n\n<div class=\"wp-block-group alignfull is-layout-flow wp-block-group-is-layout-flow\">\n\t<h2 class=\"t2-post-title wp-block-t2-post-title\">Bananvafler<\/h2>\n\t<div class=\"t2-post-excerpt wp-block-t2-post-excerpt\"><p>Godt modne bananer egner seg godt til vaffelr\u00f8ren. De gir saftighet og en deilig s\u00f8dme som gj\u00f8r at du ikke&hellip;<\/p><\/div>\n\t\n\t\t<div class=\"wp-block-mills-block-recipe-info\">\n\t\t\t<div class=\"mills-block-recipe-info-item mills-block-recipe-info-item--difficulty\">Enkel<\/div>\n\t\t\t<div class=\"mills-block-recipe-info-item mills-block-recipe-info-item--time\">50 min<\/div>\n\t\t<\/div>\n<\/div>\n\n<\/a>\n<\/div>\n\n<div class=\"t2-featured-single-post t2-featured-content is-post-type-recipe brand-melange recipe_category-bakst-og-brod recipe_category-frokost-og-lunsj recipe_topic-vafler wp-block-t2-featured-single-post\" role=\"listitem\"><a class=\"t2-post-link wp-block-t2-post-link\" href=\"https:\/\/mills.no\/melange\/oppskrift\/brunsjvafler-med-avokado-bacon-og-posjert-egg\/\">\n<figure style=\"--t2-focal-point: 50% 50%;\" class=\"t2-post-featured-image has-image-ratio-16-9 wp-block-t2-post-featured-image\"><img loading=\"lazy\" decoding=\"async\" width=\"1600\" height=\"1067\" src=\"https:\/\/mills.no\/content\/uploads\/2020\/11\/Brunsjvafler.jpg\" class=\"attachment-medium-large size-medium-large wp-post-image\" alt=\"Brunsjvafler med avokado, bacon og posjert egg\" srcset=\"https:\/\/mills.no\/content\/uploads\/2020\/11\/Brunsjvafler.jpg 1600w, https:\/\/mills.no\/content\/uploads\/2020\/11\/Brunsjvafler-300x200.jpg 300w, https:\/\/mills.no\/content\/uploads\/2020\/11\/Brunsjvafler-1024x683.jpg 1024w, https:\/\/mills.no\/content\/uploads\/2020\/11\/Brunsjvafler-768x512.jpg 768w, https:\/\/mills.no\/content\/uploads\/2020\/11\/Brunsjvafler-1536x1024.jpg 1536w, https:\/\/mills.no\/content\/uploads\/2020\/11\/Brunsjvafler-80x53.jpg 80w\" sizes=\"auto, (max-width: 1600px) 100vw, 1600px\" \/><\/figure>\n\n<div class=\"wp-block-group alignfull is-layout-flow wp-block-group-is-layout-flow\">\n\t<h2 class=\"t2-post-title wp-block-t2-post-title\">Brunsjvafler med avokado, bacon og posjert egg<\/h2>\n\t<div class=\"t2-post-excerpt wp-block-t2-post-excerpt\"><p>Brunsj er et engelsk l\u00e5neord for sen frokost. Og hva passer vel bedre enn \u00e5 servere nystekte brunsjvafler med masse&hellip;<\/p><\/div>\n\t\n\t\t<div class=\"wp-block-mills-block-recipe-info\">\n\t\t\t<div class=\"mills-block-recipe-info-item mills-block-recipe-info-item--difficulty\">Enkel<\/div>\n\t\t\t<div class=\"mills-block-recipe-info-item mills-block-recipe-info-item--time\">1 t<\/div>\n\t\t<\/div>\n<\/div>\n\n<\/a>\n<\/div>\n\n<div class=\"t2-featured-single-post t2-featured-content is-post-type-recipe brand-melange recipe_category-bakst-og-brod recipe_category-kaker-kos recipe_topic-vafler wp-block-t2-featured-single-post\" role=\"listitem\"><a class=\"t2-post-link wp-block-t2-post-link\" href=\"https:\/\/mills.no\/melange\/oppskrift\/enkel-vaffelrore\/\">\n<figure style=\"--t2-focal-point: 50% 50%;\" class=\"t2-post-featured-image has-image-ratio-16-9 wp-block-t2-post-featured-image\"><img loading=\"lazy\" decoding=\"async\" width=\"1600\" height=\"1113\" src=\"https:\/\/mills.no\/content\/uploads\/2019\/05\/Enkle-vafler.jpg\" class=\"attachment-medium-large size-medium-large wp-post-image\" alt=\"Enkle vafler\" srcset=\"https:\/\/mills.no\/content\/uploads\/2019\/05\/Enkle-vafler.jpg 1600w, https:\/\/mills.no\/content\/uploads\/2019\/05\/Enkle-vafler-300x209.jpg 300w, https:\/\/mills.no\/content\/uploads\/2019\/05\/Enkle-vafler-1024x712.jpg 1024w, https:\/\/mills.no\/content\/uploads\/2019\/05\/Enkle-vafler-768x534.jpg 768w, https:\/\/mills.no\/content\/uploads\/2019\/05\/Enkle-vafler-1536x1068.jpg 1536w, https:\/\/mills.no\/content\/uploads\/2019\/05\/Enkle-vafler-80x56.jpg 80w\" sizes=\"auto, (max-width: 1600px) 100vw, 1600px\" \/><\/figure>\n\n<div class=\"wp-block-group alignfull is-layout-flow wp-block-group-is-layout-flow\">\n\t<h2 class=\"t2-post-title wp-block-t2-post-title\">Enkel vaffelr\u00f8re<\/h2>\n\t<div class=\"t2-post-excerpt wp-block-t2-post-excerpt\"><p>Enten du f\u00e5r uventet bes\u00f8k eller bare f\u00e5r akutt lyst p\u00e5 vafler, kan det v\u00e6re fint \u00e5 ha en oppskrift&hellip;<\/p><\/div>\n\t\n\t\t<div class=\"wp-block-mills-block-recipe-info\">\n\t\t\t<div class=\"mills-block-recipe-info-item mills-block-recipe-info-item--difficulty\">Enkel<\/div>\n\t\t\t<div class=\"mills-block-recipe-info-item mills-block-recipe-info-item--time\">15 min<\/div>\n\t\t<\/div>\n<\/div>\n\n<\/a>\n<\/div>\n\n<div class=\"t2-featured-single-post t2-featured-content is-post-type-recipe brand-melange recipe_category-bakst-og-brod recipe_category-kaker-kos recipe_topic-vafler wp-block-t2-featured-single-post\" role=\"listitem\"><a class=\"t2-post-link wp-block-t2-post-link\" href=\"https:\/\/mills.no\/melange\/oppskrift\/enkle-glutenfrie-vafler\/\">\n<figure style=\"--t2-focal-point: 50% 50%;\" class=\"t2-post-featured-image has-image-ratio-16-9 wp-block-t2-post-featured-image\"><img loading=\"lazy\" decoding=\"async\" width=\"1600\" height=\"1067\" src=\"https:\/\/mills.no\/content\/uploads\/2019\/05\/Enkle-glutenfrie-vafler.jpg\" class=\"attachment-medium-large size-medium-large wp-post-image\" alt=\"Enkle glutenfrie vafler\" srcset=\"https:\/\/mills.no\/content\/uploads\/2019\/05\/Enkle-glutenfrie-vafler.jpg 1600w, https:\/\/mills.no\/content\/uploads\/2019\/05\/Enkle-glutenfrie-vafler-300x200.jpg 300w, https:\/\/mills.no\/content\/uploads\/2019\/05\/Enkle-glutenfrie-vafler-1024x683.jpg 1024w, https:\/\/mills.no\/content\/uploads\/2019\/05\/Enkle-glutenfrie-vafler-768x512.jpg 768w, https:\/\/mills.no\/content\/uploads\/2019\/05\/Enkle-glutenfrie-vafler-1536x1024.jpg 1536w, https:\/\/mills.no\/content\/uploads\/2019\/05\/Enkle-glutenfrie-vafler-80x53.jpg 80w\" sizes=\"auto, (max-width: 1600px) 100vw, 1600px\" \/><\/figure>\n\n<div class=\"wp-block-group alignfull is-layout-flow wp-block-group-is-layout-flow\">\n\t<h2 class=\"t2-post-title wp-block-t2-post-title\">Enkle glutenfrie vafler<\/h2>\n\t<div class=\"t2-post-excerpt wp-block-t2-post-excerpt\"><p>\u00c5 lage glutenfrie vafler trenger ikke v\u00e6re komplisert. Med glutenfri melblanding og flytende Melange har du spr\u00f8 og deilige vafler&hellip;<\/p><\/div>\n\t\n\t\t<div class=\"wp-block-mills-block-recipe-info\">\n\t\t\t<div class=\"mills-block-recipe-info-item mills-block-recipe-info-item--difficulty\">Enkel<\/div>\n\t\t\t<div class=\"mills-block-recipe-info-item mills-block-recipe-info-item--time\">30 min<\/div>\n\t\t<\/div>\n<\/div>\n\n<\/a>\n<\/div>\n\n<div class=\"t2-featured-single-post t2-featured-content is-post-type-recipe brand-melange recipe_category-allergivennlig recipe_category-kaker-kos wp-block-t2-featured-single-post\" role=\"listitem\"><a class=\"t2-post-link wp-block-t2-post-link\" href=\"https:\/\/mills.no\/melange\/oppskrift\/glutenfrie-vafler-med-kokosnottmel\/\">\n<figure style=\"--t2-focal-point: 50% 50%;\" class=\"t2-post-featured-image has-image-ratio-16-9 wp-block-t2-post-featured-image\"><img loading=\"lazy\" decoding=\"async\" width=\"1600\" height=\"1067\" src=\"https:\/\/mills.no\/content\/uploads\/2017\/01\/Glutenfrie-vafler-med-kokos.jpg\" class=\"attachment-medium-large size-medium-large wp-post-image\" alt=\"Glutenfrie vafler med kokosmel\" srcset=\"https:\/\/mills.no\/content\/uploads\/2017\/01\/Glutenfrie-vafler-med-kokos.jpg 1600w, https:\/\/mills.no\/content\/uploads\/2017\/01\/Glutenfrie-vafler-med-kokos-300x200.jpg 300w, https:\/\/mills.no\/content\/uploads\/2017\/01\/Glutenfrie-vafler-med-kokos-1024x683.jpg 1024w, https:\/\/mills.no\/content\/uploads\/2017\/01\/Glutenfrie-vafler-med-kokos-768x512.jpg 768w, https:\/\/mills.no\/content\/uploads\/2017\/01\/Glutenfrie-vafler-med-kokos-1536x1024.jpg 1536w, https:\/\/mills.no\/content\/uploads\/2017\/01\/Glutenfrie-vafler-med-kokos-80x53.jpg 80w\" sizes=\"auto, (max-width: 1600px) 100vw, 1600px\" \/><\/figure>\n\n<div class=\"wp-block-group alignfull is-layout-flow wp-block-group-is-layout-flow\">\n\t<h2 class=\"t2-post-title wp-block-t2-post-title\">Glutenfrie vafler med kokosn\u00f8ttmel<\/h2>\n\t<div class=\"t2-post-excerpt wp-block-t2-post-excerpt\"><p>Disse glutenfrie vaflene lages med kokosn\u00f8ttmel, fiberfin og fiberhusk. De smaker aller best n\u00e5r de er nystekte og serveres med&hellip;<\/p><\/div>\n\t\n\t\t<div class=\"wp-block-mills-block-recipe-info\">\n\t\t\t<div class=\"mills-block-recipe-info-item mills-block-recipe-info-item--difficulty\">Middels<\/div>\n\t\t\t<div class=\"mills-block-recipe-info-item mills-block-recipe-info-item--time\">45 min<\/div>\n\t\t<\/div>\n<\/div>\n\n<\/a>\n<\/div>\n\n<div class=\"t2-featured-single-post t2-featured-content is-post-type-recipe brand-melange recipe_category-bakst-og-brod recipe_category-kaker-kos recipe_topic-vafler wp-block-t2-featured-single-post\" role=\"listitem\"><a class=\"t2-post-link wp-block-t2-post-link\" href=\"https:\/\/mills.no\/melange\/oppskrift\/kanelbollevafler-med-ostekremglasur\/\">\n<figure style=\"--t2-focal-point: 50% 50%;\" class=\"t2-post-featured-image has-image-ratio-16-9 wp-block-t2-post-featured-image\"><img loading=\"lazy\" decoding=\"async\" width=\"1600\" height=\"1031\" src=\"https:\/\/mills.no\/content\/uploads\/2019\/05\/Kanelbollevafler_melange.jpg\" class=\"attachment-medium-large size-medium-large wp-post-image\" alt=\"Kanelbollevafler\" srcset=\"https:\/\/mills.no\/content\/uploads\/2019\/05\/Kanelbollevafler_melange.jpg 1600w, https:\/\/mills.no\/content\/uploads\/2019\/05\/Kanelbollevafler_melange-300x193.jpg 300w, https:\/\/mills.no\/content\/uploads\/2019\/05\/Kanelbollevafler_melange-1024x660.jpg 1024w, https:\/\/mills.no\/content\/uploads\/2019\/05\/Kanelbollevafler_melange-768x495.jpg 768w, https:\/\/mills.no\/content\/uploads\/2019\/05\/Kanelbollevafler_melange-1536x990.jpg 1536w, https:\/\/mills.no\/content\/uploads\/2019\/05\/Kanelbollevafler_melange-80x52.jpg 80w\" sizes=\"auto, (max-width: 1600px) 100vw, 1600px\" \/><\/figure>\n\n<div class=\"wp-block-group alignfull is-layout-flow wp-block-group-is-layout-flow\">\n\t<h2 class=\"t2-post-title wp-block-t2-post-title\">Kanelbollevafler med ostekremglasur<\/h2>\n\t<div class=\"t2-post-excerpt wp-block-t2-post-excerpt\"><p>Er du glad i b\u00e5de vafler og kanelboller kommer du til \u00e5 elske denne kombinasjonen! Den spesielle fremgangsm\u00e5ten for vaffelr\u00f8ren&hellip;<\/p><\/div>\n\t\n\t\t<div class=\"wp-block-mills-block-recipe-info\">\n\t\t\t<div class=\"mills-block-recipe-info-item mills-block-recipe-info-item--difficulty\">Enkel<\/div>\n\t\t\t<div class=\"mills-block-recipe-info-item mills-block-recipe-info-item--time\">1 t<\/div>\n\t\t<\/div>\n<\/div>\n\n<\/a>\n<\/div>\n\n<div class=\"t2-featured-single-post t2-featured-content is-post-type-recipe brand-melange recipe_category-bakst-og-brod recipe_category-kaker-kos recipe_topic-vafler wp-block-t2-featured-single-post\" role=\"listitem\"><a class=\"t2-post-link wp-block-t2-post-link\" href=\"https:\/\/mills.no\/melange\/oppskrift\/regnbuevafler\/\">\n<figure style=\"--t2-focal-point: 50% 50%;\" class=\"t2-post-featured-image has-image-ratio-16-9 wp-block-t2-post-featured-image\"><img loading=\"lazy\" decoding=\"async\" width=\"1600\" height=\"1067\" src=\"https:\/\/mills.no\/content\/uploads\/2019\/05\/Regnbuevafler.jpg\" class=\"attachment-medium-large size-medium-large wp-post-image\" alt=\"Regnbuevafler\" srcset=\"https:\/\/mills.no\/content\/uploads\/2019\/05\/Regnbuevafler.jpg 1600w, https:\/\/mills.no\/content\/uploads\/2019\/05\/Regnbuevafler-300x200.jpg 300w, https:\/\/mills.no\/content\/uploads\/2019\/05\/Regnbuevafler-1024x683.jpg 1024w, https:\/\/mills.no\/content\/uploads\/2019\/05\/Regnbuevafler-768x512.jpg 768w, https:\/\/mills.no\/content\/uploads\/2019\/05\/Regnbuevafler-1536x1024.jpg 1536w, https:\/\/mills.no\/content\/uploads\/2019\/05\/Regnbuevafler-80x53.jpg 80w\" sizes=\"auto, (max-width: 1600px) 100vw, 1600px\" \/><\/figure>\n\n<div class=\"wp-block-group alignfull is-layout-flow wp-block-group-is-layout-flow\">\n\t<h2 class=\"t2-post-title wp-block-t2-post-title\">Regnbuevafler<\/h2>\n\t<div class=\"t2-post-excerpt wp-block-t2-post-excerpt\"><p>Det er umulig \u00e5 ikke bli glad av disse fargerike vaflene! Vafler i regnbuens farger er litt mer tidkrevende \u00e5&hellip;<\/p><\/div>\n\t\n\t\t<div class=\"wp-block-mills-block-recipe-info\">\n\t\t\t<div class=\"mills-block-recipe-info-item mills-block-recipe-info-item--difficulty\">Middels<\/div>\n\t\t\t<div class=\"mills-block-recipe-info-item mills-block-recipe-info-item--time\">1 t 30 min<\/div>\n\t\t<\/div>\n<\/div>\n\n<\/a>\n<\/div>\n\n<div class=\"t2-featured-single-post t2-featured-content is-post-type-recipe brand-melange recipe_category-bakst-og-brod recipe_category-kaker-kos recipe_topic-vafler wp-block-t2-featured-single-post\" role=\"listitem\"><a class=\"t2-post-link wp-block-t2-post-link\" href=\"https:\/\/mills.no\/melange\/oppskrift\/restevafler\/\">\n<figure style=\"--t2-focal-point: 50% 50%;\" class=\"t2-post-featured-image has-image-ratio-16-9 wp-block-t2-post-featured-image\"><img loading=\"lazy\" decoding=\"async\" width=\"1600\" height=\"1067\" src=\"https:\/\/mills.no\/content\/uploads\/2019\/06\/Restevafler.jpg\" class=\"attachment-medium-large size-medium-large wp-post-image\" alt=\"Restevafler\" srcset=\"https:\/\/mills.no\/content\/uploads\/2019\/06\/Restevafler.jpg 1600w, https:\/\/mills.no\/content\/uploads\/2019\/06\/Restevafler-300x200.jpg 300w, https:\/\/mills.no\/content\/uploads\/2019\/06\/Restevafler-1024x683.jpg 1024w, https:\/\/mills.no\/content\/uploads\/2019\/06\/Restevafler-768x512.jpg 768w, https:\/\/mills.no\/content\/uploads\/2019\/06\/Restevafler-1536x1024.jpg 1536w, https:\/\/mills.no\/content\/uploads\/2019\/06\/Restevafler-80x53.jpg 80w\" sizes=\"auto, (max-width: 1600px) 100vw, 1600px\" \/><\/figure>\n\n<div class=\"wp-block-group alignfull is-layout-flow wp-block-group-is-layout-flow\">\n\t<h2 class=\"t2-post-title wp-block-t2-post-title\">Restevafler<\/h2>\n\t<div class=\"t2-post-excerpt wp-block-t2-post-excerpt\"><p>Det fine med vafler er at de kan varieres p\u00e5 mange ulike m\u00e5ter. Noe som gj\u00f8r det \u00e5 lage vafler&hellip;<\/p><\/div>\n\t\n\t\t<div class=\"wp-block-mills-block-recipe-info\">\n\t\t\t<div class=\"mills-block-recipe-info-item mills-block-recipe-info-item--difficulty\">Enkel<\/div>\n\t\t\t<div class=\"mills-block-recipe-info-item mills-block-recipe-info-item--time\">1 t<\/div>\n\t\t<\/div>\n<\/div>\n\n<\/a>\n<\/div>\n\n<div class=\"t2-featured-single-post t2-featured-content is-post-type-recipe brand-melange recipe_category-bakst-og-brod recipe_category-kaker-kos recipe_topic-vafler wp-block-t2-featured-single-post\" role=\"listitem\"><a class=\"t2-post-link wp-block-t2-post-link\" href=\"https:\/\/mills.no\/melange\/oppskrift\/rommevafler\/\">\n<figure style=\"--t2-focal-point: 50% 50%;\" class=\"t2-post-featured-image has-image-ratio-16-9 wp-block-t2-post-featured-image\"><img loading=\"lazy\" decoding=\"async\" width=\"1600\" height=\"1067\" src=\"https:\/\/mills.no\/content\/uploads\/2019\/06\/RC3B8mmevafler.jpg\" class=\"attachment-medium-large size-medium-large wp-post-image\" alt=\"R\u00f8mmevafler\" srcset=\"https:\/\/mills.no\/content\/uploads\/2019\/06\/RC3B8mmevafler.jpg 1600w, https:\/\/mills.no\/content\/uploads\/2019\/06\/RC3B8mmevafler-300x200.jpg 300w, https:\/\/mills.no\/content\/uploads\/2019\/06\/RC3B8mmevafler-1024x683.jpg 1024w, https:\/\/mills.no\/content\/uploads\/2019\/06\/RC3B8mmevafler-768x512.jpg 768w, https:\/\/mills.no\/content\/uploads\/2019\/06\/RC3B8mmevafler-1536x1024.jpg 1536w, https:\/\/mills.no\/content\/uploads\/2019\/06\/RC3B8mmevafler-80x53.jpg 80w\" sizes=\"auto, (max-width: 1600px) 100vw, 1600px\" \/><\/figure>\n\n<div class=\"wp-block-group alignfull is-layout-flow wp-block-group-is-layout-flow\">\n\t<h2 class=\"t2-post-title wp-block-t2-post-title\">R\u00f8mmevafler<\/h2>\n\t<div class=\"t2-post-excerpt wp-block-t2-post-excerpt\"><p>Mange sverger til r\u00f8mme i r\u00f8ra n\u00e5r de lager vafler, og det er ikke s\u00e5 rart. R\u00f8mmevafler f\u00e5r en rund&hellip;<\/p><\/div>\n\t\n\t\t<div class=\"wp-block-mills-block-recipe-info\">\n\t\t\t<div class=\"mills-block-recipe-info-item mills-block-recipe-info-item--difficulty\">Enkel<\/div>\n\t\t\t<div class=\"mills-block-recipe-info-item mills-block-recipe-info-item--time\">1 t<\/div>\n\t\t<\/div>\n<\/div>\n\n<\/a>\n<\/div>\n\n<div class=\"t2-featured-single-post t2-featured-content is-post-type-recipe brand-melange recipe_category-bakst-og-brod recipe_category-kaker-kos recipe_topic-vafler wp-block-t2-featured-single-post\" role=\"listitem\"><a class=\"t2-post-link wp-block-t2-post-link\" href=\"https:\/\/mills.no\/melange\/oppskrift\/saftige-vafler\/\">\n<figure style=\"--t2-focal-point: 50% 50%;\" class=\"t2-post-featured-image has-image-ratio-16-9 wp-block-t2-post-featured-image\"><img loading=\"lazy\" decoding=\"async\" width=\"1600\" height=\"1067\" src=\"https:\/\/mills.no\/content\/uploads\/2019\/06\/Saftige-vafler.jpg\" class=\"attachment-medium-large size-medium-large wp-post-image\" alt=\"Saftige vafler\" srcset=\"https:\/\/mills.no\/content\/uploads\/2019\/06\/Saftige-vafler.jpg 1600w, https:\/\/mills.no\/content\/uploads\/2019\/06\/Saftige-vafler-300x200.jpg 300w, https:\/\/mills.no\/content\/uploads\/2019\/06\/Saftige-vafler-1024x683.jpg 1024w, https:\/\/mills.no\/content\/uploads\/2019\/06\/Saftige-vafler-768x512.jpg 768w, https:\/\/mills.no\/content\/uploads\/2019\/06\/Saftige-vafler-1536x1024.jpg 1536w, https:\/\/mills.no\/content\/uploads\/2019\/06\/Saftige-vafler-80x53.jpg 80w\" sizes=\"auto, (max-width: 1600px) 100vw, 1600px\" \/><\/figure>\n\n<div class=\"wp-block-group alignfull is-layout-flow wp-block-group-is-layout-flow\">\n\t<h2 class=\"t2-post-title wp-block-t2-post-title\">Saftige vafler<\/h2>\n\t<div class=\"t2-post-excerpt wp-block-t2-post-excerpt\"><p>I denne vaffelr\u00f8ren har vi tilsatt revet eple for \u00e5 f\u00e5 ekstra saftige vafler med en deilig s\u00f8t smak. En&hellip;<\/p><\/div>\n\t\n\t\t<div class=\"wp-block-mills-block-recipe-info\">\n\t\t\t<div class=\"mills-block-recipe-info-item mills-block-recipe-info-item--difficulty\">Enkel<\/div>\n\t\t\t<div class=\"mills-block-recipe-info-item mills-block-recipe-info-item--time\">1 t<\/div>\n\t\t<\/div>\n<\/div>\n\n<\/a>\n<\/div>\n\n<div class=\"t2-featured-single-post t2-featured-content is-post-type-recipe brand-melange recipe_category-bakst-og-brod recipe_category-kaker-kos recipe_topic-vafler wp-block-t2-featured-single-post\" role=\"listitem\"><a class=\"t2-post-link wp-block-t2-post-link\" href=\"https:\/\/mills.no\/melange\/oppskrift\/vaffel-pa-pinne\/\">\n<figure style=\"--t2-focal-point: 50% 50%;\" class=\"t2-post-featured-image has-image-ratio-16-9 wp-block-t2-post-featured-image\"><img loading=\"lazy\" decoding=\"async\" width=\"1600\" height=\"1067\" src=\"https:\/\/mills.no\/content\/uploads\/2019\/05\/Vafler-pC3A5-pinne.jpg\" class=\"attachment-medium-large size-medium-large wp-post-image\" alt=\"Vaffel p\u00e5 pinne\" srcset=\"https:\/\/mills.no\/content\/uploads\/2019\/05\/Vafler-pC3A5-pinne.jpg 1600w, https:\/\/mills.no\/content\/uploads\/2019\/05\/Vafler-pC3A5-pinne-300x200.jpg 300w, https:\/\/mills.no\/content\/uploads\/2019\/05\/Vafler-pC3A5-pinne-1024x683.jpg 1024w, https:\/\/mills.no\/content\/uploads\/2019\/05\/Vafler-pC3A5-pinne-768x512.jpg 768w, https:\/\/mills.no\/content\/uploads\/2019\/05\/Vafler-pC3A5-pinne-1536x1024.jpg 1536w, https:\/\/mills.no\/content\/uploads\/2019\/05\/Vafler-pC3A5-pinne-80x53.jpg 80w\" sizes=\"auto, (max-width: 1600px) 100vw, 1600px\" \/><\/figure>\n\n<div class=\"wp-block-group alignfull is-layout-flow wp-block-group-is-layout-flow\">\n\t<h2 class=\"t2-post-title wp-block-t2-post-title\">Vaffel p\u00e5 pinne<\/h2>\n\t<div class=\"t2-post-excerpt wp-block-t2-post-excerpt\"><p>Vaffel p\u00e5 pinne, ogs\u00e5 kalt waffle pops, er en morsom og dekorativ m\u00e5te \u00e5 servere vafler p\u00e5. Perfekt til barnebursdagen&hellip;<\/p><\/div>\n\t\n\t\t<div class=\"wp-block-mills-block-recipe-info\">\n\t\t\t<div class=\"mills-block-recipe-info-item mills-block-recipe-info-item--difficulty\">Enkel<\/div>\n\t\t\t<div class=\"mills-block-recipe-info-item mills-block-recipe-info-item--time\">1 t<\/div>\n\t\t<\/div>\n<\/div>\n\n<\/a>\n<\/div>\n\n<div class=\"t2-featured-single-post t2-featured-content is-post-type-recipe brand-melange recipe_category-kaker-kos recipe_topic-vafler wp-block-t2-featured-single-post\" role=\"listitem\"><a class=\"t2-post-link wp-block-t2-post-link\" href=\"https:\/\/mills.no\/melange\/oppskrift\/vaffelkake-med-oreo\/\">\n<figure style=\"--t2-focal-point: 50% 50%;\" class=\"t2-post-featured-image has-image-ratio-16-9 wp-block-t2-post-featured-image\"><img loading=\"lazy\" decoding=\"async\" width=\"1600\" height=\"1037\" src=\"https:\/\/mills.no\/content\/uploads\/2019\/05\/Oreovaffelkake.jpg\" class=\"attachment-medium-large size-medium-large wp-post-image\" alt=\"Oreovaffelkake\" srcset=\"https:\/\/mills.no\/content\/uploads\/2019\/05\/Oreovaffelkake.jpg 1600w, https:\/\/mills.no\/content\/uploads\/2019\/05\/Oreovaffelkake-300x194.jpg 300w, https:\/\/mills.no\/content\/uploads\/2019\/05\/Oreovaffelkake-1024x664.jpg 1024w, https:\/\/mills.no\/content\/uploads\/2019\/05\/Oreovaffelkake-768x498.jpg 768w, https:\/\/mills.no\/content\/uploads\/2019\/05\/Oreovaffelkake-1536x996.jpg 1536w, https:\/\/mills.no\/content\/uploads\/2019\/05\/Oreovaffelkake-80x52.jpg 80w\" sizes=\"auto, (max-width: 1600px) 100vw, 1600px\" \/><\/figure>\n\n<div class=\"wp-block-group alignfull is-layout-flow wp-block-group-is-layout-flow\">\n\t<h2 class=\"t2-post-title wp-block-t2-post-title\">Vaffelkake med oreo<\/h2>\n\t<div class=\"t2-post-excerpt wp-block-t2-post-excerpt\"><p>Denne deilige vaffelkaken kombinerer oreokake og vafler, og er en rask og enkel l\u00f8sning om du ikke har tid eller&hellip;<\/p><\/div>\n\t\n\t\t<div class=\"wp-block-mills-block-recipe-info\">\n\t\t\t<div class=\"mills-block-recipe-info-item mills-block-recipe-info-item--difficulty\">Enkel<\/div>\n\t\t\t<div class=\"mills-block-recipe-info-item mills-block-recipe-info-item--time\">1 t<\/div>\n\t\t<\/div>\n<\/div>\n\n<\/a>\n<\/div>\n\n<div class=\"t2-featured-single-post t2-featured-content is-post-type-recipe brand-melange recipe_category-bakst-og-brod recipe_category-kaker-kos recipe_topic-vafler wp-block-t2-featured-single-post\" role=\"listitem\"><a class=\"t2-post-link wp-block-t2-post-link\" href=\"https:\/\/mills.no\/melange\/oppskrift\/vafler-med-havregryn\/\">\n<figure style=\"--t2-focal-point: 50% 50%;\" class=\"t2-post-featured-image has-image-ratio-16-9 wp-block-t2-post-featured-image\"><img loading=\"lazy\" decoding=\"async\" width=\"1600\" height=\"1067\" src=\"https:\/\/mills.no\/content\/uploads\/2019\/05\/Vafler-med-havregryn.jpg\" class=\"attachment-medium-large size-medium-large wp-post-image\" alt=\"Vafler med havregryn\" srcset=\"https:\/\/mills.no\/content\/uploads\/2019\/05\/Vafler-med-havregryn.jpg 1600w, https:\/\/mills.no\/content\/uploads\/2019\/05\/Vafler-med-havregryn-300x200.jpg 300w, https:\/\/mills.no\/content\/uploads\/2019\/05\/Vafler-med-havregryn-1024x683.jpg 1024w, https:\/\/mills.no\/content\/uploads\/2019\/05\/Vafler-med-havregryn-768x512.jpg 768w, https:\/\/mills.no\/content\/uploads\/2019\/05\/Vafler-med-havregryn-1536x1024.jpg 1536w, https:\/\/mills.no\/content\/uploads\/2019\/05\/Vafler-med-havregryn-80x53.jpg 80w\" sizes=\"auto, (max-width: 1600px) 100vw, 1600px\" \/><\/figure>\n\n<div class=\"wp-block-group alignfull is-layout-flow wp-block-group-is-layout-flow\">\n\t<h2 class=\"t2-post-title wp-block-t2-post-title\">Vafler med havregryn<\/h2>\n\t<div class=\"t2-post-excerpt wp-block-t2-post-excerpt\"><p>Disse vaflene med havregryn smaker godt med b\u00e5de salt og s\u00f8tt p\u00e5legg, og passer perfekt til matpakka, som nistemat p\u00e5&hellip;<\/p><\/div>\n\t\n\t\t<div class=\"wp-block-mills-block-recipe-info\">\n\t\t\t<div class=\"mills-block-recipe-info-item mills-block-recipe-info-item--difficulty\">Enkel<\/div>\n\t\t\t<div class=\"mills-block-recipe-info-item mills-block-recipe-info-item--time\">50 min<\/div>\n\t\t<\/div>\n<\/div>\n\n<\/a>\n<\/div>\n\n<div class=\"t2-featured-single-post t2-featured-content is-post-type-recipe brand-melange recipe_category-bakst-og-brod recipe_category-kaker-kos recipe_topic-vafler wp-block-t2-featured-single-post\" role=\"listitem\"><a class=\"t2-post-link wp-block-t2-post-link\" href=\"https:\/\/mills.no\/melange\/oppskrift\/vafler-med-kulturmelk\/\">\n<figure style=\"--t2-focal-point: 50% 50%;\" class=\"t2-post-featured-image has-image-ratio-16-9 wp-block-t2-post-featured-image\"><img loading=\"lazy\" decoding=\"async\" width=\"1600\" height=\"1067\" src=\"https:\/\/mills.no\/content\/uploads\/2019\/06\/Vafler-med-kulturmelk.jpg\" class=\"attachment-medium-large size-medium-large wp-post-image\" alt=\"Vafler med kulturmelk\" srcset=\"https:\/\/mills.no\/content\/uploads\/2019\/06\/Vafler-med-kulturmelk.jpg 1600w, https:\/\/mills.no\/content\/uploads\/2019\/06\/Vafler-med-kulturmelk-300x200.jpg 300w, https:\/\/mills.no\/content\/uploads\/2019\/06\/Vafler-med-kulturmelk-1024x683.jpg 1024w, https:\/\/mills.no\/content\/uploads\/2019\/06\/Vafler-med-kulturmelk-768x512.jpg 768w, https:\/\/mills.no\/content\/uploads\/2019\/06\/Vafler-med-kulturmelk-1536x1024.jpg 1536w, https:\/\/mills.no\/content\/uploads\/2019\/06\/Vafler-med-kulturmelk-80x53.jpg 80w\" sizes=\"auto, (max-width: 1600px) 100vw, 1600px\" \/><\/figure>\n\n<div class=\"wp-block-group alignfull is-layout-flow wp-block-group-is-layout-flow\">\n\t<h2 class=\"t2-post-title wp-block-t2-post-title\">Vafler med kulturmelk<\/h2>\n\t<div class=\"t2-post-excerpt wp-block-t2-post-excerpt\"><p>N\u00e5r du lager vafler med kulturmelk kan du kan fint droppe b\u00e5de bakepulver, natron og egg fordi kulturmelken fungerer som&hellip;<\/p><\/div>\n\t\n\t\t<div class=\"wp-block-mills-block-recipe-info\">\n\t\t\t<div class=\"mills-block-recipe-info-item mills-block-recipe-info-item--difficulty\">Enkel<\/div>\n\t\t\t<div class=\"mills-block-recipe-info-item mills-block-recipe-info-item--time\">1 t<\/div>\n\t\t<\/div>\n<\/div>\n\n<\/a>\n<\/div>\n\n<div class=\"t2-featured-single-post t2-featured-content is-post-type-recipe brand-melange recipe_category-kaker-kos wp-block-t2-featured-single-post\" role=\"listitem\"><a class=\"t2-post-link wp-block-t2-post-link\" href=\"https:\/\/mills.no\/melange\/oppskrift\/vafler-uten-egg\/\">\n<figure style=\"--t2-focal-point: 50% 50%;\" class=\"t2-post-featured-image has-image-ratio-16-9 wp-block-t2-post-featured-image\"><img loading=\"lazy\" decoding=\"async\" width=\"1600\" height=\"1067\" src=\"https:\/\/mills.no\/content\/uploads\/2018\/03\/Vafler-uten-egg.jpg\" class=\"attachment-medium-large size-medium-large wp-post-image\" alt=\"Vafler uten egg\" srcset=\"https:\/\/mills.no\/content\/uploads\/2018\/03\/Vafler-uten-egg.jpg 1600w, https:\/\/mills.no\/content\/uploads\/2018\/03\/Vafler-uten-egg-300x200.jpg 300w, https:\/\/mills.no\/content\/uploads\/2018\/03\/Vafler-uten-egg-1024x683.jpg 1024w, https:\/\/mills.no\/content\/uploads\/2018\/03\/Vafler-uten-egg-768x512.jpg 768w, https:\/\/mills.no\/content\/uploads\/2018\/03\/Vafler-uten-egg-1536x1024.jpg 1536w, https:\/\/mills.no\/content\/uploads\/2018\/03\/Vafler-uten-egg-80x53.jpg 80w\" sizes=\"auto, (max-width: 1600px) 100vw, 1600px\" \/><\/figure>\n\n<div class=\"wp-block-group alignfull is-layout-flow wp-block-group-is-layout-flow\">\n\t<h2 class=\"t2-post-title wp-block-t2-post-title\">Vafler uten egg<\/h2>\n\t<div class=\"t2-post-excerpt wp-block-t2-post-excerpt\"><p>Vafler uten egg blir b\u00e5de knasende spr\u00f8 og nydelige p\u00e5 smak. Her har vi p\u00e5 en enkel m\u00e5te erstattet egg&hellip;<\/p><\/div>\n\t\n\t\t<div class=\"wp-block-mills-block-recipe-info\">\n\t\t\t<div class=\"mills-block-recipe-info-item mills-block-recipe-info-item--difficulty\">Enkel<\/div>\n\t\t\t<div class=\"mills-block-recipe-info-item mills-block-recipe-info-item--time\">30 min<\/div>\n\t\t<\/div>\n<\/div>\n\n<\/a>\n<\/div>\n\n<div class=\"t2-featured-single-post t2-featured-content is-post-type-recipe brand-melange recipe_category-bakst-og-brod recipe_category-kaker-kos recipe_topic-vafler wp-block-t2-featured-single-post\" role=\"listitem\"><a class=\"t2-post-link wp-block-t2-post-link\" href=\"https:\/\/mills.no\/melange\/oppskrift\/slik-lager-du-myke-vafler\/\">\n<figure style=\"--t2-focal-point: 50% 50%;\" class=\"t2-post-featured-image has-image-ratio-16-9 wp-block-t2-post-featured-image\"><img loading=\"lazy\" decoding=\"async\" width=\"1600\" height=\"1058\" src=\"https:\/\/mills.no\/content\/uploads\/2019\/05\/Myke_vafler.jpg\" class=\"attachment-medium-large size-medium-large wp-post-image\" alt=\"Myke vafler\" srcset=\"https:\/\/mills.no\/content\/uploads\/2019\/05\/Myke_vafler.jpg 1600w, https:\/\/mills.no\/content\/uploads\/2019\/05\/Myke_vafler-300x198.jpg 300w, https:\/\/mills.no\/content\/uploads\/2019\/05\/Myke_vafler-1024x677.jpg 1024w, https:\/\/mills.no\/content\/uploads\/2019\/05\/Myke_vafler-768x508.jpg 768w, https:\/\/mills.no\/content\/uploads\/2019\/05\/Myke_vafler-1536x1016.jpg 1536w, https:\/\/mills.no\/content\/uploads\/2019\/05\/Myke_vafler-80x53.jpg 80w\" sizes=\"auto, (max-width: 1600px) 100vw, 1600px\" \/><\/figure>\n\n<div class=\"wp-block-group alignfull is-layout-flow wp-block-group-is-layout-flow\">\n\t<h2 class=\"t2-post-title wp-block-t2-post-title\">Slik lager du myke vafler<\/h2>\n\t<div class=\"t2-post-excerpt wp-block-t2-post-excerpt\"><p>Noen elsker spr\u00f8 vafler, andre foretrekker myke. Tilh\u00f8rer du sistnevnte kategori kan du pr\u00f8ve denne oppskriften som gir deg tykke&hellip;<\/p><\/div>\n\t\n\t\t<div class=\"wp-block-mills-block-recipe-info\">\n\t\t\t<div class=\"mills-block-recipe-info-item mills-block-recipe-info-item--difficulty\">Enkel<\/div>\n\t\t\t<div class=\"mills-block-recipe-info-item mills-block-recipe-info-item--time\">50 min<\/div>\n\t\t<\/div>\n<\/div>\n\n<\/a>\n<\/div>\n\n<div class=\"t2-featured-single-post t2-featured-content is-post-type-recipe brand-melange recipe_category-bakst-og-brod recipe_category-kaker-kos recipe_category-middag recipe_topic-vafler wp-block-t2-featured-single-post\" role=\"listitem\"><a class=\"t2-post-link wp-block-t2-post-link\" href=\"https:\/\/mills.no\/melange\/oppskrift\/slik-lager-du-pizzavafler\/\">\n<figure style=\"--t2-focal-point: 50% 50%;\" class=\"t2-post-featured-image has-image-ratio-16-9 wp-block-t2-post-featured-image\"><img loading=\"lazy\" decoding=\"async\" width=\"1600\" height=\"1067\" src=\"https:\/\/mills.no\/content\/uploads\/2019\/05\/Pizzavafler.jpg\" class=\"attachment-medium-large size-medium-large wp-post-image\" alt=\"Pizzavafler\" srcset=\"https:\/\/mills.no\/content\/uploads\/2019\/05\/Pizzavafler.jpg 1600w, https:\/\/mills.no\/content\/uploads\/2019\/05\/Pizzavafler-300x200.jpg 300w, https:\/\/mills.no\/content\/uploads\/2019\/05\/Pizzavafler-1024x683.jpg 1024w, https:\/\/mills.no\/content\/uploads\/2019\/05\/Pizzavafler-768x512.jpg 768w, https:\/\/mills.no\/content\/uploads\/2019\/05\/Pizzavafler-1536x1024.jpg 1536w, https:\/\/mills.no\/content\/uploads\/2019\/05\/Pizzavafler-80x53.jpg 80w\" sizes=\"auto, (max-width: 1600px) 100vw, 1600px\" \/><\/figure>\n\n<div class=\"wp-block-group alignfull is-layout-flow wp-block-group-is-layout-flow\">\n\t<h2 class=\"t2-post-title wp-block-t2-post-title\">Slik lager du pizzavafler<\/h2>\n\t<div class=\"t2-post-excerpt wp-block-t2-post-excerpt\"><p>Nystekte vafler fylt med pizzasaus, smeltet ost og smaksrik chorizo er rett og slett en himmelsk kombinasjon. Lag pizzavafler til&hellip;<\/p><\/div>\n\t\n\t\t<div class=\"wp-block-mills-block-recipe-info\">\n\t\t\t<div class=\"mills-block-recipe-info-item mills-block-recipe-info-item--difficulty\">Enkel<\/div>\n\t\t\t<div class=\"mills-block-recipe-info-item mills-block-recipe-info-item--time\">1 t<\/div>\n\t\t<\/div>\n<\/div>\n\n<\/a>\n<\/div>\n\n<div class=\"t2-featured-single-post t2-featured-content is-post-type-recipe brand-melange recipe_category-bakst-og-brod recipe_category-kaker-kos recipe_topic-vafler wp-block-t2-featured-single-post\" role=\"listitem\"><a class=\"t2-post-link wp-block-t2-post-link\" href=\"https:\/\/mills.no\/melange\/oppskrift\/slik-lager-du-spro-vafler\/\">\n<figure style=\"--t2-focal-point: 50% 50%;\" class=\"t2-post-featured-image has-image-ratio-16-9 wp-block-t2-post-featured-image\"><img loading=\"lazy\" decoding=\"async\" width=\"1600\" height=\"1067\" src=\"https:\/\/mills.no\/content\/uploads\/2019\/05\/SprC3B8_vafler.jpg\" class=\"attachment-medium-large size-medium-large wp-post-image\" alt=\"Spr\u00f8 vafler\" srcset=\"https:\/\/mills.no\/content\/uploads\/2019\/05\/SprC3B8_vafler.jpg 1600w, https:\/\/mills.no\/content\/uploads\/2019\/05\/SprC3B8_vafler-300x200.jpg 300w, https:\/\/mills.no\/content\/uploads\/2019\/05\/SprC3B8_vafler-1024x683.jpg 1024w, https:\/\/mills.no\/content\/uploads\/2019\/05\/SprC3B8_vafler-768x512.jpg 768w, https:\/\/mills.no\/content\/uploads\/2019\/05\/SprC3B8_vafler-1536x1024.jpg 1536w, https:\/\/mills.no\/content\/uploads\/2019\/05\/SprC3B8_vafler-80x53.jpg 80w\" sizes=\"auto, (max-width: 1600px) 100vw, 1600px\" \/><\/figure>\n\n<div class=\"wp-block-group alignfull is-layout-flow wp-block-group-is-layout-flow\">\n\t<h2 class=\"t2-post-title wp-block-t2-post-title\">Slik lager du spr\u00f8 vafler<\/h2>\n\t<div class=\"t2-post-excerpt wp-block-t2-post-excerpt\"><p>Er du en av dem som synes vaflene smaker best n\u00e5r de er knasende spr\u00f8 p\u00e5 utsiden og myke inni?&hellip;<\/p><\/div>\n\t\n\t\t<div class=\"wp-block-mills-block-recipe-info\">\n\t\t\t<div class=\"mills-block-recipe-info-item mills-block-recipe-info-item--difficulty\">Enkel<\/div>\n\t\t\t<div class=\"mills-block-recipe-info-item mills-block-recipe-info-item--time\">50 min<\/div>\n\t\t<\/div>\n<\/div>\n\n<\/a>\n<\/div>\n\n<div class=\"t2-featured-single-post t2-featured-content is-post-type-recipe brand-melange recipe_category-bakst-og-brod recipe_category-kaker-kos recipe_topic-vafler wp-block-t2-featured-single-post\" role=\"listitem\"><a class=\"t2-post-link wp-block-t2-post-link\" href=\"https:\/\/mills.no\/melange\/oppskrift\/slik-lager-du-tykke-vafler\/\">\n<figure style=\"--t2-focal-point: 50% 50%;\" class=\"t2-post-featured-image has-image-ratio-16-9 wp-block-t2-post-featured-image\"><img loading=\"lazy\" decoding=\"async\" width=\"1600\" height=\"1061\" src=\"https:\/\/mills.no\/content\/uploads\/2019\/06\/Tykke-vafler.jpg\" class=\"attachment-medium-large size-medium-large wp-post-image\" alt=\"Tykke vafler\" srcset=\"https:\/\/mills.no\/content\/uploads\/2019\/06\/Tykke-vafler.jpg 1600w, https:\/\/mills.no\/content\/uploads\/2019\/06\/Tykke-vafler-300x199.jpg 300w, https:\/\/mills.no\/content\/uploads\/2019\/06\/Tykke-vafler-1024x679.jpg 1024w, https:\/\/mills.no\/content\/uploads\/2019\/06\/Tykke-vafler-768x509.jpg 768w, https:\/\/mills.no\/content\/uploads\/2019\/06\/Tykke-vafler-1536x1019.jpg 1536w, https:\/\/mills.no\/content\/uploads\/2019\/06\/Tykke-vafler-80x53.jpg 80w\" sizes=\"auto, (max-width: 1600px) 100vw, 1600px\" \/><\/figure>\n\n<div class=\"wp-block-group alignfull is-layout-flow wp-block-group-is-layout-flow\">\n\t<h2 class=\"t2-post-title wp-block-t2-post-title\">Slik lager du tykke vafler<\/h2>\n\t<div class=\"t2-post-excerpt wp-block-t2-post-excerpt\"><p>Er du en av dem som liker at vaflene er ekstra tykke og myke, s\u00e5 er dette oppskriften for deg!&hellip;<\/p><\/div>\n\t\n\t\t<div class=\"wp-block-mills-block-recipe-info\">\n\t\t\t<div class=\"mills-block-recipe-info-item mills-block-recipe-info-item--difficulty\">Enkel<\/div>\n\t\t\t<div class=\"mills-block-recipe-info-item mills-block-recipe-info-item--time\">1 t<\/div>\n\t\t<\/div>\n<\/div>\n\n<\/a>\n<\/div>\n\n<div class=\"t2-featured-single-post t2-featured-content is-post-type-recipe brand-melange recipe_category-kaker-kos wp-block-t2-featured-single-post\" role=\"listitem\"><a class=\"t2-post-link wp-block-t2-post-link\" href=\"https:\/\/mills.no\/melange\/oppskrift\/stor-vaffelrore-til-dugnad\/\">\n<figure style=\"--t2-focal-point: 50% 50%;\" class=\"t2-post-featured-image has-image-ratio-16-9 wp-block-t2-post-featured-image\"><img loading=\"lazy\" decoding=\"async\" width=\"1600\" height=\"1067\" src=\"https:\/\/mills.no\/content\/uploads\/2019\/05\/Dugnadsvafler.jpg\" class=\"attachment-medium-large size-medium-large wp-post-image\" alt=\"Stor vaffelr\u00f8re til dugnad\" srcset=\"https:\/\/mills.no\/content\/uploads\/2019\/05\/Dugnadsvafler.jpg 1600w, https:\/\/mills.no\/content\/uploads\/2019\/05\/Dugnadsvafler-300x200.jpg 300w, https:\/\/mills.no\/content\/uploads\/2019\/05\/Dugnadsvafler-1024x683.jpg 1024w, https:\/\/mills.no\/content\/uploads\/2019\/05\/Dugnadsvafler-768x512.jpg 768w, https:\/\/mills.no\/content\/uploads\/2019\/05\/Dugnadsvafler-1536x1024.jpg 1536w, https:\/\/mills.no\/content\/uploads\/2019\/05\/Dugnadsvafler-80x53.jpg 80w\" sizes=\"auto, (max-width: 1600px) 100vw, 1600px\" \/><\/figure>\n\n<div class=\"wp-block-group alignfull is-layout-flow wp-block-group-is-layout-flow\">\n\t<h2 class=\"t2-post-title wp-block-t2-post-title\">Stor vaffelr\u00f8re til dugnad<\/h2>\n\t<div class=\"t2-post-excerpt wp-block-t2-post-excerpt\"><p>Er du blitt bedt om \u00e5 lage vafler til neste dugnad eller sportsarrangement? Her f\u00e5r du en enkel og smakfull&hellip;<\/p><\/div>\n\t\n\t\t<div class=\"wp-block-mills-block-recipe-info\">\n\t\t\t<div class=\"mills-block-recipe-info-item mills-block-recipe-info-item--difficulty\">Enkel<\/div>\n\t\t\t<div class=\"mills-block-recipe-info-item mills-block-recipe-info-item--time\">30 min<\/div>\n\t\t<\/div>\n<\/div>\n\n<\/a>\n<\/div>\n\n<div class=\"t2-featured-single-post t2-featured-content is-post-type-recipe brand-melange wp-block-t2-featured-single-post\" role=\"listitem\"><a class=\"t2-post-link wp-block-t2-post-link\" href=\"https:\/\/mills.no\/melange\/oppskrift\/turvafler\/\">\n<figure style=\"--t2-focal-point: 50% 50%;\" class=\"t2-post-featured-image has-image-ratio-16-9 wp-block-t2-post-featured-image\"><img loading=\"lazy\" decoding=\"async\" width=\"1600\" height=\"1067\" src=\"https:\/\/mills.no\/content\/uploads\/2016\/10\/Turvafler1.jpg\" class=\"attachment-medium-large size-medium-large wp-post-image\" alt=\"Turvafler\" srcset=\"https:\/\/mills.no\/content\/uploads\/2016\/10\/Turvafler1.jpg 1600w, https:\/\/mills.no\/content\/uploads\/2016\/10\/Turvafler1-300x200.jpg 300w, https:\/\/mills.no\/content\/uploads\/2016\/10\/Turvafler1-1024x683.jpg 1024w, https:\/\/mills.no\/content\/uploads\/2016\/10\/Turvafler1-768x512.jpg 768w, https:\/\/mills.no\/content\/uploads\/2016\/10\/Turvafler1-1536x1024.jpg 1536w, https:\/\/mills.no\/content\/uploads\/2016\/10\/Turvafler1-80x53.jpg 80w\" sizes=\"auto, (max-width: 1600px) 100vw, 1600px\" \/><\/figure>\n\n<div class=\"wp-block-group alignfull is-layout-flow wp-block-group-is-layout-flow\">\n\t<h2 class=\"t2-post-title wp-block-t2-post-title\">Turvafler med b\u00e6r<\/h2>\n\t<div class=\"t2-post-excerpt wp-block-t2-post-excerpt\"><p>Det er lite som sl\u00e5r nystekte vafler, spesielt n\u00e5r man er ute i naturen eller p\u00e5 telttur. Vaffelr\u00f8ren kan du&hellip;<\/p><\/div>\n\t\n\t\t<div class=\"wp-block-mills-block-recipe-info\">\n\t\t\t<div class=\"mills-block-recipe-info-item mills-block-recipe-info-item--difficulty\">Enkel<\/div>\n\t\t\t<div class=\"mills-block-recipe-info-item mills-block-recipe-info-item--time\">15 min<\/div>\n\t\t<\/div>\n<\/div>\n\n<\/a>\n<\/div>\n\n<div class=\"t2-featured-single-post t2-featured-content is-post-type-recipe brand-melange recipe_category-kaker-kos wp-block-t2-featured-single-post\" role=\"listitem\"><a class=\"t2-post-link wp-block-t2-post-link\" href=\"https:\/\/mills.no\/melange\/oppskrift\/verdens-beste-vafler\/\">\n<figure style=\"--t2-focal-point: 50% 50%;\" class=\"t2-post-featured-image has-image-ratio-16-9 wp-block-t2-post-featured-image\"><img loading=\"lazy\" decoding=\"async\" width=\"1600\" height=\"1069\" src=\"https:\/\/mills.no\/content\/uploads\/2016\/03\/Verdens-beste-vafler.jpg\" class=\"attachment-medium-large size-medium-large wp-post-image\" alt=\"Verdens beste vafler\" srcset=\"https:\/\/mills.no\/content\/uploads\/2016\/03\/Verdens-beste-vafler.jpg 1600w, https:\/\/mills.no\/content\/uploads\/2016\/03\/Verdens-beste-vafler-300x200.jpg 300w, https:\/\/mills.no\/content\/uploads\/2016\/03\/Verdens-beste-vafler-1024x684.jpg 1024w, https:\/\/mills.no\/content\/uploads\/2016\/03\/Verdens-beste-vafler-768x513.jpg 768w, https:\/\/mills.no\/content\/uploads\/2016\/03\/Verdens-beste-vafler-1536x1026.jpg 1536w, https:\/\/mills.no\/content\/uploads\/2016\/03\/Verdens-beste-vafler-80x53.jpg 80w\" sizes=\"auto, (max-width: 1600px) 100vw, 1600px\" \/><\/figure>\n\n<div class=\"wp-block-group alignfull is-layout-flow wp-block-group-is-layout-flow\">\n\t<h2 class=\"t2-post-title wp-block-t2-post-title\">Verdens beste vafler<\/h2>\n\t<div class=\"t2-post-excerpt wp-block-t2-post-excerpt\"><p>I Norge har vi laget vafler siden 1700-tallet, og de hjerteformede vaffelplatene spises til b\u00e5de hverdag og fest. Det er&hellip;<\/p><\/div>\n\t\n\t\t<div class=\"wp-block-mills-block-recipe-info\">\n\t\t\t<div class=\"mills-block-recipe-info-item mills-block-recipe-info-item--difficulty\">Enkel<\/div>\n\t\t\t<div class=\"mills-block-recipe-info-item mills-block-recipe-info-item--time\">30 min<\/div>\n\t\t<\/div>\n<\/div>\n\n<\/a>\n<\/div>\n<\/div>\n\n\t\t\t<\/div>\n\t\t<\/div>\n\n\n\t\t<div class=\"has-background has-neutral-50-background-color is-style-vertical-spacing is-style-horizontal-spacing alignwide wp-block-mills-section has-background has-neutral-50-background-color\">\n\t\t\t<div class=\"wp-block-mills-section__inner alignwide\">\n\t\t\t\t\n\n<h2 class=\"has-text-align-center aligncenter wp-block-heading\" id=\"h-relatert-innhold\">Relatert innhold<\/h2>\n\n\n<div class=\"t2-featured-content-layout alignwide alignwide wp-block-t2-featured-content-layout\" role=\"list\">\n<div class=\"t2-featured-single-post t2-featured-content is-post-type-post category-baketips category-kaketips category-melange wp-block-t2-featured-single-post\" role=\"listitem\"><a class=\"t2-post-link wp-block-t2-post-link\" href=\"https:\/\/mills.no\/melange\/slik-lager-du-muffinskake\/\">\n<figure style=\"--t2-focal-point: 50% 50%;\" class=\"t2-post-featured-image has-image-ratio-16-9 wp-block-t2-post-featured-image\"><img loading=\"lazy\" decoding=\"async\" width=\"1600\" height=\"943\" src=\"https:\/\/mills.no\/content\/uploads\/sites\/3\/2018\/10\/Muffinskake-luftballong.jpg\" class=\"attachment-medium-large size-medium-large wp-post-image\" alt=\"Muffinskake formet som luftballong\" srcset=\"https:\/\/mills.no\/content\/uploads\/sites\/3\/2018\/10\/Muffinskake-luftballong.jpg 1600w, https:\/\/mills.no\/content\/uploads\/sites\/3\/2018\/10\/Muffinskake-luftballong-300x177.jpg 300w, https:\/\/mills.no\/content\/uploads\/sites\/3\/2018\/10\/Muffinskake-luftballong-1024x604.jpg 1024w, https:\/\/mills.no\/content\/uploads\/sites\/3\/2018\/10\/Muffinskake-luftballong-768x453.jpg 768w, https:\/\/mills.no\/content\/uploads\/sites\/3\/2018\/10\/Muffinskake-luftballong-1536x905.jpg 1536w, https:\/\/mills.no\/content\/uploads\/sites\/3\/2018\/10\/Muffinskake-luftballong-80x47.jpg 80w\" sizes=\"auto, (max-width: 1600px) 100vw, 1600px\" \/><\/figure>\n\n<div class=\"wp-block-group alignfull is-layout-flow wp-block-group-is-layout-flow\">\n\t<h2 class=\"t2-post-title wp-block-t2-post-title\">Slik lager du muffinskake<\/h2>\n\t<div class=\"t2-post-excerpt wp-block-t2-post-excerpt\"><p>Muffinskaker ser imponerende ut, men er overraskende enkle \u00e5 lage. De kan lages i alle mulige slags former, og er&hellip;<\/p><\/div>\n\t\n\t<p class=\"wp-block-buttons is-content-justification-center\"><span class=\"wp-block-button is-style-arrow-right\"><span class=\"wp-block-button__link\">Mer om<\/span><\/span><\/p>\n\t\n<\/div>\n\n<\/a>\n<\/div>\n\n<div class=\"t2-featured-single-post t2-featured-content is-post-type-post category-baketips category-kaketips category-melange wp-block-t2-featured-single-post\" role=\"listitem\"><a class=\"t2-post-link wp-block-t2-post-link\" href=\"https:\/\/mills.no\/melange\/slik-fryser-du-kaker\/\">\n<figure style=\"--t2-focal-point: 50% 50%;\" class=\"t2-post-featured-image has-image-ratio-16-9 wp-block-t2-post-featured-image\"><img loading=\"lazy\" decoding=\"async\" width=\"1600\" height=\"983\" src=\"https:\/\/mills.no\/content\/uploads\/sites\/3\/2017\/11\/Gulrotkake-i-langpanne.jpg\" class=\"attachment-medium-large size-medium-large wp-post-image\" alt=\"Gulrotkake i langpanne\" srcset=\"https:\/\/mills.no\/content\/uploads\/sites\/3\/2017\/11\/Gulrotkake-i-langpanne.jpg 1600w, https:\/\/mills.no\/content\/uploads\/sites\/3\/2017\/11\/Gulrotkake-i-langpanne-300x184.jpg 300w, https:\/\/mills.no\/content\/uploads\/sites\/3\/2017\/11\/Gulrotkake-i-langpanne-1024x629.jpg 1024w, https:\/\/mills.no\/content\/uploads\/sites\/3\/2017\/11\/Gulrotkake-i-langpanne-768x472.jpg 768w, https:\/\/mills.no\/content\/uploads\/sites\/3\/2017\/11\/Gulrotkake-i-langpanne-1536x944.jpg 1536w, https:\/\/mills.no\/content\/uploads\/sites\/3\/2017\/11\/Gulrotkake-i-langpanne-80x49.jpg 80w\" sizes=\"auto, (max-width: 1600px) 100vw, 1600px\" \/><\/figure>\n\n<div class=\"wp-block-group alignfull is-layout-flow wp-block-group-is-layout-flow\">\n\t<h2 class=\"t2-post-title wp-block-t2-post-title\">Slik fryser du kaker<\/h2>\n\t<div class=\"t2-post-excerpt wp-block-t2-post-excerpt\"><p>Har du rester etter den store festdagen, eller har du ikke tid til \u00e5 lage kakene den dagen de faktisk&hellip;<\/p><\/div>\n\t\n\t<p class=\"wp-block-buttons is-content-justification-center\"><span class=\"wp-block-button is-style-arrow-right\"><span class=\"wp-block-button__link\">Mer om<\/span><\/span><\/p>\n\t\n<\/div>\n\n<\/a>\n<\/div>\n\n<div class=\"t2-featured-single-post t2-featured-content is-post-type-post category-baketips category-kaketips category-melange wp-block-t2-featured-single-post\" role=\"listitem\"><a class=\"t2-post-link wp-block-t2-post-link\" href=\"https:\/\/mills.no\/melange\/bakerens-beste-baketips-til-kaker\/\">\n<figure style=\"--t2-focal-point: 50% 50%;\" class=\"t2-post-featured-image has-image-ratio-16-9 wp-block-t2-post-featured-image\"><img loading=\"lazy\" decoding=\"async\" width=\"1600\" height=\"1067\" src=\"https:\/\/mills.no\/content\/uploads\/sites\/3\/2017\/10\/Banankake-i-langpanne.jpg\" class=\"attachment-medium-large size-medium-large wp-post-image\" alt=\"Banankake i langpanne\" srcset=\"https:\/\/mills.no\/content\/uploads\/sites\/3\/2017\/10\/Banankake-i-langpanne.jpg 1600w, https:\/\/mills.no\/content\/uploads\/sites\/3\/2017\/10\/Banankake-i-langpanne-300x200.jpg 300w, https:\/\/mills.no\/content\/uploads\/sites\/3\/2017\/10\/Banankake-i-langpanne-1024x683.jpg 1024w, https:\/\/mills.no\/content\/uploads\/sites\/3\/2017\/10\/Banankake-i-langpanne-768x512.jpg 768w, https:\/\/mills.no\/content\/uploads\/sites\/3\/2017\/10\/Banankake-i-langpanne-1536x1024.jpg 1536w, https:\/\/mills.no\/content\/uploads\/sites\/3\/2017\/10\/Banankake-i-langpanne-80x53.jpg 80w\" sizes=\"auto, (max-width: 1600px) 100vw, 1600px\" \/><\/figure>\n\n<div class=\"wp-block-group alignfull is-layout-flow wp-block-group-is-layout-flow\">\n\t<h2 class=\"t2-post-title wp-block-t2-post-title\">Bakerens beste baketips til luftige og saftige kaker<\/h2>\n\t<div class=\"t2-post-excerpt wp-block-t2-post-excerpt\"><p>Det er mange utfordringer som dukker opp underveis n\u00e5r man skal bake kaker. Kakene kan falle ned i midten, sitte&hellip;<\/p><\/div>\n\t\n\t<p class=\"wp-block-buttons is-content-justification-center\"><span class=\"wp-block-button is-style-arrow-right\"><span class=\"wp-block-button__link\">Mer om<\/span><\/span><\/p>\n\t\n<\/div>\n\n<\/a>\n<\/div>\n<\/div>\n\n\t\t\t<\/div>\n\t\t<\/div>","protected":false},"excerpt":{"rendered":"<p>Her har vi samlet alle v\u00e5re kakeoppskrifter &#8211; alt fra daimkake og ostekake, til eplekake og pavlova. Her er det&hellip;<\/p>\n","protected":false},"author":3,"featured_media":1305,"comment_status":"closed","ping_status":"closed","sticky":false,"template":"","format":"standard","meta":{"_searchwp_excluded":"","footnotes":""},"categories":[89],"tags":[],"class_list":["post-1304","post","type-post","status-publish","format-standard","has-post-thumbnail","hentry","category-melange"],"yoast_head":"<!-- This site is optimized with the Yoast SEO Premium plugin v26.9 (Yoast SEO v26.9) - https:\/\/yoast.com\/product\/yoast-seo-premium-wordpress\/ -->\n<title>Over 60 Kakeoppskrifter fra Melange<\/title>\n<meta name=\"description\" content=\"Her har vi samlet alle v\u00e5re kakeoppskrifter - alt fra daimkake og ostekake, til eplekake og pavlova. Her er det noe for enhver smak og anledning.\" \/>\n<meta name=\"robots\" content=\"index, follow, max-snippet:-1, max-image-preview:large, max-video-preview:-1\" \/>\n<link rel=\"canonical\" href=\"https:\/\/mills.no\/melange\/kakeoppskrifter\/\" \/>\n<meta property=\"og:locale\" content=\"nb_NO\" \/>\n<meta property=\"og:type\" content=\"article\" \/>\n<meta property=\"og:title\" content=\"Kakeoppskrifter\" \/>\n<meta property=\"og:description\" content=\"Her har vi samlet alle v\u00e5re kakeoppskrifter - alt fra daimkake og ostekake, til eplekake og pavlova. Her er det noe for enhver smak og anledning.\" \/>\n<meta property=\"og:url\" content=\"https:\/\/mills.no\/melange\/kakeoppskrifter\/\" \/>\n<meta property=\"og:site_name\" content=\"Melange\" \/>\n<meta property=\"article:published_time\" content=\"2019-08-05T10:18:35+00:00\" \/>\n<meta property=\"article:modified_time\" content=\"2024-02-07T08:15:47+00:00\" \/>\n<meta property=\"og:image\" content=\"https:\/\/mills.no\/content\/uploads\/sites\/3\/2019\/08\/Daimkake-i-langpanne.jpg\" \/>\n\t<meta property=\"og:image:width\" content=\"1600\" \/>\n\t<meta property=\"og:image:height\" content=\"1002\" \/>\n\t<meta property=\"og:image:type\" content=\"image\/jpeg\" \/>\n<meta name=\"author\" content=\"Line\" \/>\n<meta name=\"twitter:card\" content=\"summary_large_image\" \/>\n<meta name=\"twitter:label1\" content=\"Skrevet av\" \/>\n\t<meta name=\"twitter:data1\" content=\"Line\" \/>\n\t<meta name=\"twitter:label2\" content=\"Ansl. lesetid\" \/>\n\t<meta name=\"twitter:data2\" content=\"1 minutt\" \/>\n<script type=\"application\/ld+json\" class=\"yoast-schema-graph\">{\"@context\":\"https:\/\/schema.org\",\"@graph\":[{\"@type\":\"Article\",\"@id\":\"https:\/\/mills.no\/melange\/kakeoppskrifter\/#article\",\"isPartOf\":{\"@id\":\"https:\/\/mills.no\/melange\/kakeoppskrifter\/\"},\"author\":{\"name\":\"Line\",\"@id\":\"https:\/\/mills.no\/melange\/#\/schema\/person\/573554727374459b23d558036d1751e8\"},\"headline\":\"Kakeoppskrifter\",\"datePublished\":\"2019-08-05T10:18:35+00:00\",\"dateModified\":\"2024-02-07T08:15:47+00:00\",\"mainEntityOfPage\":{\"@id\":\"https:\/\/mills.no\/melange\/kakeoppskrifter\/\"},\"wordCount\":20,\"publisher\":{\"@id\":\"https:\/\/mills.no\/melange\/#organization\"},\"image\":{\"@id\":\"https:\/\/mills.no\/melange\/kakeoppskrifter\/#primaryimage\"},\"thumbnailUrl\":\"https:\/\/mills.no\/content\/uploads\/sites\/3\/2019\/08\/Daimkake-i-langpanne.jpg\",\"articleSection\":[\"Melange\"],\"inLanguage\":\"nb-NO\"},{\"@type\":\"WebPage\",\"@id\":\"https:\/\/mills.no\/melange\/kakeoppskrifter\/\",\"url\":\"https:\/\/mills.no\/melange\/kakeoppskrifter\/\",\"name\":\"Over 60 Kakeoppskrifter fra Melange\",\"isPartOf\":{\"@id\":\"https:\/\/mills.no\/melange\/#website\"},\"primaryImageOfPage\":{\"@id\":\"https:\/\/mills.no\/melange\/kakeoppskrifter\/#primaryimage\"},\"image\":{\"@id\":\"https:\/\/mills.no\/melange\/kakeoppskrifter\/#primaryimage\"},\"thumbnailUrl\":\"https:\/\/mills.no\/content\/uploads\/sites\/3\/2019\/08\/Daimkake-i-langpanne.jpg\",\"datePublished\":\"2019-08-05T10:18:35+00:00\",\"dateModified\":\"2024-02-07T08:15:47+00:00\",\"description\":\"Her har vi samlet alle v\u00e5re kakeoppskrifter - alt fra daimkake og ostekake, til eplekake og pavlova. Her er det noe for enhver smak og anledning.\",\"breadcrumb\":{\"@id\":\"https:\/\/mills.no\/melange\/kakeoppskrifter\/#breadcrumb\"},\"inLanguage\":\"nb-NO\",\"potentialAction\":[{\"@type\":\"ReadAction\",\"target\":[\"https:\/\/mills.no\/melange\/kakeoppskrifter\/\"]}]},{\"@type\":\"ImageObject\",\"inLanguage\":\"nb-NO\",\"@id\":\"https:\/\/mills.no\/melange\/kakeoppskrifter\/#primaryimage\",\"url\":\"https:\/\/mills.no\/content\/uploads\/sites\/3\/2019\/08\/Daimkake-i-langpanne.jpg\",\"contentUrl\":\"https:\/\/mills.no\/content\/uploads\/sites\/3\/2019\/08\/Daimkake-i-langpanne.jpg\",\"width\":1600,\"height\":1002,\"caption\":\"Daimkake i langpanne\"},{\"@type\":\"BreadcrumbList\",\"@id\":\"https:\/\/mills.no\/melange\/kakeoppskrifter\/#breadcrumb\",\"itemListElement\":[{\"@type\":\"ListItem\",\"position\":1,\"name\":\"Home\",\"item\":\"https:\/\/mills.no\/melange\/\"},{\"@type\":\"ListItem\",\"position\":2,\"name\":\"Kakeoppskrifter\"}]},{\"@type\":\"WebSite\",\"@id\":\"https:\/\/mills.no\/melange\/#website\",\"url\":\"https:\/\/mills.no\/melange\/\",\"name\":\"Melange\",\"description\":\"Litt lettere \u00e5 lykkes\",\"publisher\":{\"@id\":\"https:\/\/mills.no\/melange\/#organization\"},\"potentialAction\":[{\"@type\":\"SearchAction\",\"target\":{\"@type\":\"EntryPoint\",\"urlTemplate\":\"https:\/\/mills.no\/melange\/?s={search_term_string}\"},\"query-input\":{\"@type\":\"PropertyValueSpecification\",\"valueRequired\":true,\"valueName\":\"search_term_string\"}}],\"inLanguage\":\"nb-NO\"},{\"@type\":\"Organization\",\"@id\":\"https:\/\/mills.no\/melange\/#organization\",\"name\":\"Melange\",\"url\":\"https:\/\/mills.no\/melange\/\",\"logo\":{\"@type\":\"ImageObject\",\"inLanguage\":\"nb-NO\",\"@id\":\"https:\/\/mills.no\/melange\/#\/schema\/logo\/image\/\",\"url\":\"https:\/\/mills.no\/content\/uploads\/sites\/3\/2021\/11\/logo-melange.svg\",\"contentUrl\":\"https:\/\/mills.no\/content\/uploads\/sites\/3\/2021\/11\/logo-melange.svg\",\"caption\":\"Melange\"},\"image\":{\"@id\":\"https:\/\/mills.no\/melange\/#\/schema\/logo\/image\/\"}},{\"@type\":\"Person\",\"@id\":\"https:\/\/mills.no\/melange\/#\/schema\/person\/573554727374459b23d558036d1751e8\",\"name\":\"Line\",\"image\":{\"@type\":\"ImageObject\",\"inLanguage\":\"nb-NO\",\"@id\":\"https:\/\/mills.no\/melange\/#\/schema\/person\/image\/\",\"url\":\"https:\/\/secure.gravatar.com\/avatar\/9976bfd118d0d0c1e79280cd2365d14469e090625210412f4df6ade6a4b31835?s=96&d=mm&r=g\",\"contentUrl\":\"https:\/\/secure.gravatar.com\/avatar\/9976bfd118d0d0c1e79280cd2365d14469e090625210412f4df6ade6a4b31835?s=96&d=mm&r=g\",\"caption\":\"Line\"},\"url\":\"https:\/\/mills.no\/melange\/author\/line\/\"}]}<\/script>\n<!-- \/ Yoast SEO Premium plugin. -->","yoast_head_json":{"title":"Over 60 Kakeoppskrifter fra Melange","description":"Her har vi samlet alle v\u00e5re kakeoppskrifter - alt fra daimkake og ostekake, til eplekake og pavlova. Her er det noe for enhver smak og anledning.","robots":{"index":"index","follow":"follow","max-snippet":"max-snippet:-1","max-image-preview":"max-image-preview:large","max-video-preview":"max-video-preview:-1"},"canonical":"https:\/\/mills.no\/melange\/kakeoppskrifter\/","og_locale":"nb_NO","og_type":"article","og_title":"Kakeoppskrifter","og_description":"Her har vi samlet alle v\u00e5re kakeoppskrifter - alt fra daimkake og ostekake, til eplekake og pavlova. Her er det noe for enhver smak og anledning.","og_url":"https:\/\/mills.no\/melange\/kakeoppskrifter\/","og_site_name":"Melange","article_published_time":"2019-08-05T10:18:35+00:00","article_modified_time":"2024-02-07T08:15:47+00:00","og_image":[{"width":1600,"height":1002,"url":"https:\/\/mills.no\/content\/uploads\/sites\/3\/2019\/08\/Daimkake-i-langpanne.jpg","type":"image\/jpeg"}],"author":"Line","twitter_card":"summary_large_image","twitter_misc":{"Skrevet av":"Line","Ansl. lesetid":"1 minutt"},"schema":{"@context":"https:\/\/schema.org","@graph":[{"@type":"Article","@id":"https:\/\/mills.no\/melange\/kakeoppskrifter\/#article","isPartOf":{"@id":"https:\/\/mills.no\/melange\/kakeoppskrifter\/"},"author":{"name":"Line","@id":"https:\/\/mills.no\/melange\/#\/schema\/person\/573554727374459b23d558036d1751e8"},"headline":"Kakeoppskrifter","datePublished":"2019-08-05T10:18:35+00:00","dateModified":"2024-02-07T08:15:47+00:00","mainEntityOfPage":{"@id":"https:\/\/mills.no\/melange\/kakeoppskrifter\/"},"wordCount":20,"publisher":{"@id":"https:\/\/mills.no\/melange\/#organization"},"image":{"@id":"https:\/\/mills.no\/melange\/kakeoppskrifter\/#primaryimage"},"thumbnailUrl":"https:\/\/mills.no\/content\/uploads\/sites\/3\/2019\/08\/Daimkake-i-langpanne.jpg","articleSection":["Melange"],"inLanguage":"nb-NO"},{"@type":"WebPage","@id":"https:\/\/mills.no\/melange\/kakeoppskrifter\/","url":"https:\/\/mills.no\/melange\/kakeoppskrifter\/","name":"Over 60 Kakeoppskrifter fra Melange","isPartOf":{"@id":"https:\/\/mills.no\/melange\/#website"},"primaryImageOfPage":{"@id":"https:\/\/mills.no\/melange\/kakeoppskrifter\/#primaryimage"},"image":{"@id":"https:\/\/mills.no\/melange\/kakeoppskrifter\/#primaryimage"},"thumbnailUrl":"https:\/\/mills.no\/content\/uploads\/sites\/3\/2019\/08\/Daimkake-i-langpanne.jpg","datePublished":"2019-08-05T10:18:35+00:00","dateModified":"2024-02-07T08:15:47+00:00","description":"Her har vi samlet alle v\u00e5re kakeoppskrifter - alt fra daimkake og ostekake, til eplekake og pavlova. Her er det noe for enhver smak og anledning.","breadcrumb":{"@id":"https:\/\/mills.no\/melange\/kakeoppskrifter\/#breadcrumb"},"inLanguage":"nb-NO","potentialAction":[{"@type":"ReadAction","target":["https:\/\/mills.no\/melange\/kakeoppskrifter\/"]}]},{"@type":"ImageObject","inLanguage":"nb-NO","@id":"https:\/\/mills.no\/melange\/kakeoppskrifter\/#primaryimage","url":"https:\/\/mills.no\/content\/uploads\/sites\/3\/2019\/08\/Daimkake-i-langpanne.jpg","contentUrl":"https:\/\/mills.no\/content\/uploads\/sites\/3\/2019\/08\/Daimkake-i-langpanne.jpg","width":1600,"height":1002,"caption":"Daimkake i langpanne"},{"@type":"BreadcrumbList","@id":"https:\/\/mills.no\/melange\/kakeoppskrifter\/#breadcrumb","itemListElement":[{"@type":"ListItem","position":1,"name":"Home","item":"https:\/\/mills.no\/melange\/"},{"@type":"ListItem","position":2,"name":"Kakeoppskrifter"}]},{"@type":"WebSite","@id":"https:\/\/mills.no\/melange\/#website","url":"https:\/\/mills.no\/melange\/","name":"Melange","description":"Litt lettere \u00e5 lykkes","publisher":{"@id":"https:\/\/mills.no\/melange\/#organization"},"potentialAction":[{"@type":"SearchAction","target":{"@type":"EntryPoint","urlTemplate":"https:\/\/mills.no\/melange\/?s={search_term_string}"},"query-input":{"@type":"PropertyValueSpecification","valueRequired":true,"valueName":"search_term_string"}}],"inLanguage":"nb-NO"},{"@type":"Organization","@id":"https:\/\/mills.no\/melange\/#organization","name":"Melange","url":"https:\/\/mills.no\/melange\/","logo":{"@type":"ImageObject","inLanguage":"nb-NO","@id":"https:\/\/mills.no\/melange\/#\/schema\/logo\/image\/","url":"https:\/\/mills.no\/content\/uploads\/sites\/3\/2021\/11\/logo-melange.svg","contentUrl":"https:\/\/mills.no\/content\/uploads\/sites\/3\/2021\/11\/logo-melange.svg","caption":"Melange"},"image":{"@id":"https:\/\/mills.no\/melange\/#\/schema\/logo\/image\/"}},{"@type":"Person","@id":"https:\/\/mills.no\/melange\/#\/schema\/person\/573554727374459b23d558036d1751e8","name":"Line","image":{"@type":"ImageObject","inLanguage":"nb-NO","@id":"https:\/\/mills.no\/melange\/#\/schema\/person\/image\/","url":"https:\/\/secure.gravatar.com\/avatar\/9976bfd118d0d0c1e79280cd2365d14469e090625210412f4df6ade6a4b31835?s=96&d=mm&r=g","contentUrl":"https:\/\/secure.gravatar.com\/avatar\/9976bfd118d0d0c1e79280cd2365d14469e090625210412f4df6ade6a4b31835?s=96&d=mm&r=g","caption":"Line"},"url":"https:\/\/mills.no\/melange\/author\/line\/"}]}},"_links":{"self":[{"href":"https:\/\/mills.no\/melange\/wp-json\/wp\/v2\/posts\/1304","targetHints":{"allow":["GET"]}}],"collection":[{"href":"https:\/\/mills.no\/melange\/wp-json\/wp\/v2\/posts"}],"about":[{"href":"https:\/\/mills.no\/melange\/wp-json\/wp\/v2\/types\/post"}],"author":[{"embeddable":true,"href":"https:\/\/mills.no\/melange\/wp-json\/wp\/v2\/users\/3"}],"replies":[{"embeddable":true,"href":"https:\/\/mills.no\/melange\/wp-json\/wp\/v2\/comments?post=1304"}],"version-history":[{"count":11,"href":"https:\/\/mills.no\/melange\/wp-json\/wp\/v2\/posts\/1304\/revisions"}],"predecessor-version":[{"id":4261,"href":"https:\/\/mills.no\/melange\/wp-json\/wp\/v2\/posts\/1304\/revisions\/4261"}],"wp:featuredmedia":[{"embeddable":true,"href":"https:\/\/mills.no\/melange\/wp-json\/wp\/v2\/media\/1305"}],"wp:attachment":[{"href":"https:\/\/mills.no\/melange\/wp-json\/wp\/v2\/media?parent=1304"}],"wp:term":[{"taxonomy":"category","embeddable":true,"href":"https:\/\/mills.no\/melange\/wp-json\/wp\/v2\/categories?post=1304"},{"taxonomy":"post_tag","embeddable":true,"href":"https:\/\/mills.no\/melange\/wp-json\/wp\/v2\/tags?post=1304"}],"curies":[{"name":"wp","href":"https:\/\/api.w.org\/{rel}","templated":true}]}}