{"id":1324,"date":"2019-05-08T11:12:28","date_gmt":"2019-05-08T09:12:28","guid":{"rendered":"https:\/\/mills.no\/melange\/tre-flotte-17-mai-kaker-du-enkelt-kan-pynte-selv\/"},"modified":"2024-02-07T09:15:48","modified_gmt":"2024-02-07T08:15:48","slug":"tre-flotte-17-mai-kaker-du-enkelt-kan-pynte-selv","status":"publish","type":"post","link":"https:\/\/mills.no\/melange\/tre-flotte-17-mai-kaker-du-enkelt-kan-pynte-selv\/","title":{"rendered":"Tre flotte 17. mai-kaker du enkelt kan pynte selv"},"content":{"rendered":"<div class=\"mills-block-featured alignwide alignwide wp-block-mills-block-featured\"><img loading=\"lazy\" decoding=\"async\" width=\"1600\" height=\"968\" style=\"width:100%;height:100%;object-fit:cover\" src=\"https:\/\/mills.no\/content\/uploads\/sites\/3\/2019\/05\/17.maikaker.jpg\" class=\"wp-block-cover__image-background\" alt=\"17. mai-kaker\" srcset=\"https:\/\/mills.no\/content\/uploads\/sites\/3\/2019\/05\/17.maikaker.jpg 1600w, https:\/\/mills.no\/content\/uploads\/sites\/3\/2019\/05\/17.maikaker-300x182.jpg 300w, https:\/\/mills.no\/content\/uploads\/sites\/3\/2019\/05\/17.maikaker-1024x620.jpg 1024w, https:\/\/mills.no\/content\/uploads\/sites\/3\/2019\/05\/17.maikaker-768x465.jpg 768w, https:\/\/mills.no\/content\/uploads\/sites\/3\/2019\/05\/17.maikaker-1536x929.jpg 1536w, https:\/\/mills.no\/content\/uploads\/sites\/3\/2019\/05\/17.maikaker-80x48.jpg 80w\" sizes=\"auto, (max-width: 1600px) 100vw, 1600px\" \/><div class=\"wp-block-cover__inner-container\">\n<h1 class=\"has-text-align-center wp-block-post-title has-text-color has-neutral-1000-color\">Tre flotte 17. mai-kaker du enkelt kan pynte selv<\/h1>\n\n<p class=\"t2-ingress has-text-align-center align wp-block-t2-ingress\">En lekker kake i r\u00f8dt, hvitt og bl\u00e5tt pynter opp kakebordet p\u00e5 nasjonaldagen. Her har du tre forslag til hvordan du enkelt kan gj\u00f8re en vanlig kake om til en skikkelig festkake til 17. mai.  Alle kakene kan lages en dag eller to i forveien, s\u00e5 kan du kose deg med pyntingen samme dag som den skal serveres.\n<\/p>\n<\/div><\/div>\n\n\n<div class=\"wp-block-media-text alignwide is-stacked-on-mobile is-image-fill has-neutral-1000-color has-neutral-0-background-color has-text-color has-background\"><figure class=\"wp-block-media-text__media\" style=\"background-image:url(https:\/\/mills.no\/content\/uploads\/sites\/3\/2022\/01\/Gulrotkake-med-flagg.jpg);background-position:50% 50%\"><img loading=\"lazy\" decoding=\"async\" width=\"1600\" height=\"1047\" src=\"https:\/\/mills.no\/content\/uploads\/sites\/3\/2022\/01\/Gulrotkake-med-flagg.jpg\" alt=\"\" class=\"wp-image-1771 size-full\" srcset=\"https:\/\/mills.no\/content\/uploads\/sites\/3\/2022\/01\/Gulrotkake-med-flagg.jpg 1600w, https:\/\/mills.no\/content\/uploads\/sites\/3\/2022\/01\/Gulrotkake-med-flagg-300x196.jpg 300w, https:\/\/mills.no\/content\/uploads\/sites\/3\/2022\/01\/Gulrotkake-med-flagg-1024x670.jpg 1024w, https:\/\/mills.no\/content\/uploads\/sites\/3\/2022\/01\/Gulrotkake-med-flagg-768x503.jpg 768w, https:\/\/mills.no\/content\/uploads\/sites\/3\/2022\/01\/Gulrotkake-med-flagg-1536x1005.jpg 1536w, https:\/\/mills.no\/content\/uploads\/sites\/3\/2022\/01\/Gulrotkake-med-flagg-80x52.jpg 80w\" sizes=\"auto, (max-width: 1600px) 100vw, 1600px\" \/><\/figure><div class=\"wp-block-media-text__content\">\n<h2 class=\"wp-block-heading\" id=\"h-gulrotkake-med-flagg\">Gulrotkake med flagg<\/h2>\n\n\n\n<div class=\"wp-block-group is-layout-flow wp-block-group-is-layout-flow\">\n<p class=\"has-text-align-left\">En saftig gulrotkake med ostekrem er en favoritt blant mange. Her har vi brukt <a href=\"https:\/\/mills.no\/oppskrift\/melange\/gulrotkake-i-langpanne\/\">v\u00e5r oppskrift p\u00e5 nydelige gulrotkake<\/a> og pyntet den med bl\u00e5b\u00e6r og jordb\u00e6r i skiver sammen med ostekrem for \u00e5 danne det norske flagget.<\/p>\n\n\n\n<p class=\"has-text-align-left\"><strong>Du trenger:<\/strong><\/p>\n\n\n\n<ul class=\"wp-block-list\"><li>1 stk <a href=\"https:\/\/mills.no\/oppskrift\/melange\/gulrotkake-i-langpanne\/\" target=\"_blank\" rel=\"noopener\">gulrotkake i langpanne med ostekrem<\/a><\/li><li>Spr\u00f8ytepose med tipp<\/li><li>400 g jordb\u00e6r<\/li><li>125 g bl\u00e5b\u00e6r<\/li><\/ul>\n<\/div>\n<\/div><\/div>\n\n\n\n<div class=\"wp-block-media-text alignwide has-media-on-the-right is-stacked-on-mobile is-image-fill has-neutral-1000-color has-neutral-0-background-color has-text-color has-background\"><figure class=\"wp-block-media-text__media\" style=\"background-image:url(https:\/\/mills.no\/content\/uploads\/sites\/3\/2022\/01\/Flaggkake-kakestykke.jpg);background-position:50% 50%\"><img loading=\"lazy\" decoding=\"async\" width=\"1600\" height=\"1067\" src=\"https:\/\/mills.no\/content\/uploads\/sites\/3\/2022\/01\/Flaggkake-kakestykke.jpg\" alt=\"\" class=\"wp-image-1772 size-full\" srcset=\"https:\/\/mills.no\/content\/uploads\/sites\/3\/2022\/01\/Flaggkake-kakestykke.jpg 1600w, https:\/\/mills.no\/content\/uploads\/sites\/3\/2022\/01\/Flaggkake-kakestykke-300x200.jpg 300w, https:\/\/mills.no\/content\/uploads\/sites\/3\/2022\/01\/Flaggkake-kakestykke-1024x683.jpg 1024w, https:\/\/mills.no\/content\/uploads\/sites\/3\/2022\/01\/Flaggkake-kakestykke-768x512.jpg 768w, https:\/\/mills.no\/content\/uploads\/sites\/3\/2022\/01\/Flaggkake-kakestykke-1536x1024.jpg 1536w, https:\/\/mills.no\/content\/uploads\/sites\/3\/2022\/01\/Flaggkake-kakestykke-80x53.jpg 80w\" sizes=\"auto, (max-width: 1600px) 100vw, 1600px\" \/><\/figure><div class=\"wp-block-media-text__content\">\n<div class=\"wp-block-group is-layout-flow wp-block-group-is-layout-flow\">\n<p class=\"has-text-align-left\"><strong>Slik gj\u00f8r du:<\/strong><\/p>\n\n\n\n<ol class=\"wp-block-list\"><li>Bak <a href=\"https:\/\/mills.no\/oppskrift\/melange\/gulrotkake-i-langpanne\/\" target=\"_blank\" rel=\"noopener\">gulrotkake i langpanne med ostekrem<\/a> og la den avkj\u00f8les.<\/li><li>Fordel halvparten av ostekremen i et jevnt lag over den avkj\u00f8lte kaken.<\/li><li>Rens jordb\u00e6rene og skj\u00e6r dem i skiver. Et godt tips som gj\u00f8r jobben raskere er \u00e5 bruke en eggedeler. Legg jordb\u00e6rene i firkantformasjon i hvert hj\u00f8rne av kaken.<\/li><li>Fyll resten av ostekremen i en spr\u00f8yteposte med valgfri tipp for \u00e5 lage de hvite linjene i flagget. Vi har brukt en liten stjernetipp (nr. 18 fra Wilton). Har du ikke spr\u00f8ytepose kan du bruke en vanlig frysepose eller br\u00f8dpose og klippe et lite hull i tuppen og lage hvite striper i stedet for sm\u00e5 rosetter.<\/li><li>Legg bl\u00e5b\u00e6rene i midten tilslutt s\u00e5 unng\u00e5r du at de forsvinner i ostekremen.<\/li><\/ol>\n\n\n\n<p class=\"has-text-align-left\">&nbsp;<\/p>\n<\/div>\n<\/div><\/div>\n\n\n\n<div class=\"wp-block-media-text alignwide is-stacked-on-mobile is-image-fill has-neutral-1000-color has-neutral-0-background-color has-text-color has-background\"><figure class=\"wp-block-media-text__media\" style=\"background-image:url(https:\/\/mills.no\/content\/uploads\/sites\/3\/2022\/01\/Muffins-i-flaggformasjon.jpg);background-position:50% 50%\"><img loading=\"lazy\" decoding=\"async\" width=\"1600\" height=\"1067\" src=\"https:\/\/mills.no\/content\/uploads\/sites\/3\/2022\/01\/Muffins-i-flaggformasjon.jpg\" alt=\"\" class=\"wp-image-1773 size-full\" srcset=\"https:\/\/mills.no\/content\/uploads\/sites\/3\/2022\/01\/Muffins-i-flaggformasjon.jpg 1600w, https:\/\/mills.no\/content\/uploads\/sites\/3\/2022\/01\/Muffins-i-flaggformasjon-300x200.jpg 300w, https:\/\/mills.no\/content\/uploads\/sites\/3\/2022\/01\/Muffins-i-flaggformasjon-1024x683.jpg 1024w, https:\/\/mills.no\/content\/uploads\/sites\/3\/2022\/01\/Muffins-i-flaggformasjon-768x512.jpg 768w, https:\/\/mills.no\/content\/uploads\/sites\/3\/2022\/01\/Muffins-i-flaggformasjon-1536x1024.jpg 1536w, https:\/\/mills.no\/content\/uploads\/sites\/3\/2022\/01\/Muffins-i-flaggformasjon-80x53.jpg 80w\" sizes=\"auto, (max-width: 1600px) 100vw, 1600px\" \/><\/figure><div class=\"wp-block-media-text__content\">\n<h2 class=\"wp-block-heading\" id=\"h-muffins-i-flaggformasjon\">Muffins i flaggformasjon<\/h2>\n\n\n\n<div class=\"wp-block-group is-layout-flow wp-block-group-is-layout-flow\">\n<p class=\"has-text-align-left\">Helt vanlige muffins med glasur kan enkelt forvandles til en imponerende flaggkake ved hjelp av litt konditorfarge. For \u00e5 f\u00e5 nok muffins til \u00e5 danne et flagg trenger du 56 muffins. Vi har laget 4,5 porsjoner av <a href=\"https:\/\/mills.no\/oppskrift\/melange\/lyse-muffins\/\">denne oppskriften p\u00e5 lyse muffins<\/a>. Dette er med andre ord en prefekt kake om du skal ha mange gjester. \u00d8nsker du \u00e5 variere smaken i muffinsene kan du tilsette hakkede n\u00f8tter, b\u00e6r eller sjokolade i deler av r\u00f8ren.<\/p>\n\n\n\n<p class=\"has-text-align-left\">&nbsp;<\/p>\n\n\n\n<p class=\"has-text-align-left\"><strong>Du trenger:<\/strong><\/p>\n\n\n\n<ul class=\"wp-block-list\"><li>56 stk <a href=\"https:\/\/mills.no\/oppskrift\/melange\/lyse-muffins\/\">lyse muffins med glasur<\/a><\/li><li>Spr\u00f8ytepose med tipp<\/li><li>0,5 ts bl\u00e5 gel- eller pastafarge<\/li><li>0,5 ts r\u00f8d gel- eller pastafarge<\/li><\/ul>\n<\/div>\n<\/div><\/div>\n\n\n\n<div class=\"wp-block-media-text alignwide has-media-on-the-right is-stacked-on-mobile is-image-fill has-neutral-1000-color has-neutral-0-background-color has-text-color has-background\"><figure class=\"wp-block-media-text__media\" style=\"background-image:url(https:\/\/mills.no\/content\/uploads\/sites\/3\/2022\/01\/Muffins-i-flaggformasjon-close-up.jpg);background-position:50% 50%\"><img loading=\"lazy\" decoding=\"async\" width=\"1600\" height=\"1067\" src=\"https:\/\/mills.no\/content\/uploads\/sites\/3\/2022\/01\/Muffins-i-flaggformasjon-close-up.jpg\" alt=\"\" class=\"wp-image-1774 size-full\" srcset=\"https:\/\/mills.no\/content\/uploads\/sites\/3\/2022\/01\/Muffins-i-flaggformasjon-close-up.jpg 1600w, https:\/\/mills.no\/content\/uploads\/sites\/3\/2022\/01\/Muffins-i-flaggformasjon-close-up-300x200.jpg 300w, https:\/\/mills.no\/content\/uploads\/sites\/3\/2022\/01\/Muffins-i-flaggformasjon-close-up-1024x683.jpg 1024w, https:\/\/mills.no\/content\/uploads\/sites\/3\/2022\/01\/Muffins-i-flaggformasjon-close-up-768x512.jpg 768w, https:\/\/mills.no\/content\/uploads\/sites\/3\/2022\/01\/Muffins-i-flaggformasjon-close-up-1536x1024.jpg 1536w, https:\/\/mills.no\/content\/uploads\/sites\/3\/2022\/01\/Muffins-i-flaggformasjon-close-up-80x53.jpg 80w\" sizes=\"auto, (max-width: 1600px) 100vw, 1600px\" \/><\/figure><div class=\"wp-block-media-text__content\">\n<div class=\"wp-block-group is-layout-flow wp-block-group-is-layout-flow\">\n<p class=\"has-text-align-left\"><strong>Slik gj\u00f8r du:<\/strong><\/p>\n\n\n\n<ol class=\"wp-block-list\"><li>Fordel glasuren i tre boller. Bland inn r\u00f8d konditorfarge i den ene, bl\u00e5 i den andre og la den tredje v\u00e6re som den er. Start med 0,5 ts og pr\u00f8v deg frem til du f\u00e5r \u00f8nsket farge. Her er det lurt \u00e5 bruke gel- eller pastafarge fremfor tradisjonell konditorfarge, for \u00e5 f\u00e5 sterke nok farger. Vi har brukt Progel pastafarge i fargene marinebl\u00e5 og r\u00f8d.<\/li><li>Fyll en spr\u00f8ytepose med r\u00f8d sm\u00f8rkrem og pynt 20 muffins. Vi brukte en stor lukket stjernetipp (Wilton nr. 1b).<\/li><li>For \u00e5 lage en rose holder du posen loddrett med den h\u00e5nden du vil tegne med og bruker den andre til \u00e5 st\u00f8tte. Hold tippen nesten ned p\u00e5 muffinsen, begynn i midten og fordel utover i en sirkel. L\u00f8ft opp p\u00e5 slutten. V\u00e6r lett p\u00e5 h\u00e5nden, tenk at du nesten legger glasuren i luften heller enn \u00e5 trykke den ned p\u00e5 muffinsen. Om det er f\u00f8rste gang du lager roser kan det v\u00e6re fint \u00e5 \u00f8ve seg p\u00e5 en tallerken f\u00f8rst.<\/li><li>Lag s\u00e5 hvite roser p\u00e5 22 muffins, og bl\u00e5 roser p\u00e5 14 muffins. Bruk samme fremgangsm\u00e5te som p\u00e5 de r\u00f8de.<\/li><li>N\u00e5r alle muffinsene er pyntet setter du dem sammen til et flagg som p\u00e5 bildet.<\/li><\/ol>\n\n\n\n<p class=\"has-text-align-left\"><em> <\/em><\/p>\n\n\n<div class=\"mills-block-infobox wp-block-mills-block-infobox\"><div class=\"mills-block-infobox-icon\"><i class=\"icon-IconRecepie-Difficulty\"><\/i><\/div><div class=\"mills-block-infobox-content\">\n\n<h3 class=\"has-neutral-1000-color has-text-color wp-block-heading\">Tips!<\/h3>\n\n\n\n<p class=\"has-neutral-1000-color has-text-color\">\u00d8nsker du \u00e5 lage en mindre muffinskake, kan du lage minimuffins i stedet.<\/p>\n\n<\/div><\/div><\/div>\n<\/div><\/div>\n\n\n\n<div class=\"wp-block-media-text alignwide is-stacked-on-mobile is-image-fill has-neutral-1000-color has-neutral-0-background-color has-text-color has-background\"><figure class=\"wp-block-media-text__media\" style=\"background-image:url(https:\/\/mills.no\/content\/uploads\/sites\/3\/2022\/01\/Ostekake-med-gelC3A9.jpg);background-position:50% 50%\"><img loading=\"lazy\" decoding=\"async\" width=\"1600\" height=\"1020\" src=\"https:\/\/mills.no\/content\/uploads\/sites\/3\/2022\/01\/Ostekake-med-gelC3A9.jpg\" alt=\"\" class=\"wp-image-1775 size-full\" srcset=\"https:\/\/mills.no\/content\/uploads\/sites\/3\/2022\/01\/Ostekake-med-gelC3A9.jpg 1600w, https:\/\/mills.no\/content\/uploads\/sites\/3\/2022\/01\/Ostekake-med-gelC3A9-300x191.jpg 300w, https:\/\/mills.no\/content\/uploads\/sites\/3\/2022\/01\/Ostekake-med-gelC3A9-1024x653.jpg 1024w, https:\/\/mills.no\/content\/uploads\/sites\/3\/2022\/01\/Ostekake-med-gelC3A9-768x490.jpg 768w, https:\/\/mills.no\/content\/uploads\/sites\/3\/2022\/01\/Ostekake-med-gelC3A9-1536x979.jpg 1536w, https:\/\/mills.no\/content\/uploads\/sites\/3\/2022\/01\/Ostekake-med-gelC3A9-80x51.jpg 80w\" sizes=\"auto, (max-width: 1600px) 100vw, 1600px\" \/><\/figure><div class=\"wp-block-media-text__content\">\n<div class=\"wp-block-group is-layout-flow wp-block-group-is-layout-flow\">\n<h2 class=\"wp-block-heading\" id=\"h-ostekake-i-rodt-hvitt-og-blatt\">Ostekake i r\u00f8dt, hvitt og bl\u00e5tt<\/h2>\n\n\n\n<p class=\"has-text-align-left\">En lett og frisk ostekake er en klassiker p\u00e5 kakebordet og manges favoritt. Med r\u00f8dt gelelokk og pynt i r\u00f8dt, hvitt og bl\u00e5tt blir den enkelt festklar til 17. mai. V\u00e6r obs p\u00e5 at en ostekake m\u00e5 v\u00e6re laget med gelatin for \u00e5 klare \u00e5 holde oppe et gel\u00e9lokk. <a href=\"https:\/\/mills.no\/oppskrift\/melange\/ostekake-med-gelelokk\/\">Fullstendig oppskrift p\u00e5 en nydelig ostekake med g\u00e9lelokk finner du her.<\/a><\/p>\n\n\n\n<p class=\"has-text-align-left\"><strong>Du trenger:<\/strong><\/p>\n\n\n\n<ul class=\"wp-block-list\"><li>1 stk <a href=\"https:\/\/mills.no\/oppskrift\/melange\/ostekake-med-gelelokk\/\">ostekake<\/a><\/li><li>2,5 dl vann<\/li><li>1 pk jordb\u00e6rgel\u00e9<\/li><li>125 g bl\u00e5b\u00e6r<\/li><li>100 g jordb\u00e6r<\/li><li>50 g bringeb\u00e6r<\/li><li>6 stk hvite marengstopper<\/li><\/ul>\n<\/div>\n<\/div><\/div>\n\n\n\n<div class=\"wp-block-media-text alignwide has-media-on-the-right is-stacked-on-mobile is-image-fill has-neutral-1000-color has-neutral-0-background-color has-text-color has-background\"><figure class=\"wp-block-media-text__media\" style=\"background-image:url(https:\/\/mills.no\/content\/uploads\/sites\/3\/2022\/01\/Ostekake-med-gelelokk-kakestykke.jpg);background-position:50% 50%\"><img loading=\"lazy\" decoding=\"async\" width=\"1600\" height=\"1139\" src=\"https:\/\/mills.no\/content\/uploads\/sites\/3\/2022\/01\/Ostekake-med-gelelokk-kakestykke.jpg\" alt=\"\" class=\"wp-image-1776 size-full\" srcset=\"https:\/\/mills.no\/content\/uploads\/sites\/3\/2022\/01\/Ostekake-med-gelelokk-kakestykke.jpg 1600w, https:\/\/mills.no\/content\/uploads\/sites\/3\/2022\/01\/Ostekake-med-gelelokk-kakestykke-300x214.jpg 300w, https:\/\/mills.no\/content\/uploads\/sites\/3\/2022\/01\/Ostekake-med-gelelokk-kakestykke-1024x729.jpg 1024w, https:\/\/mills.no\/content\/uploads\/sites\/3\/2022\/01\/Ostekake-med-gelelokk-kakestykke-768x547.jpg 768w, https:\/\/mills.no\/content\/uploads\/sites\/3\/2022\/01\/Ostekake-med-gelelokk-kakestykke-1536x1093.jpg 1536w, https:\/\/mills.no\/content\/uploads\/sites\/3\/2022\/01\/Ostekake-med-gelelokk-kakestykke-80x57.jpg 80w\" sizes=\"auto, (max-width: 1600px) 100vw, 1600px\" \/><\/figure><div class=\"wp-block-media-text__content\">\n<div class=\"wp-block-group is-layout-flow wp-block-group-is-layout-flow\">\n<p class=\"has-text-align-left\"><strong>Slik gj\u00f8r du:<\/strong><\/p>\n\n\n\n<ol class=\"wp-block-list\"><li>Kok opp vann og r\u00f8r inn jordb\u00e6rgel\u00e9pulveret til det er oppl\u00f8st.<\/li><li>Avkj\u00f8l gel\u00e9en til den er romtemperert, men fremdeles flytende.<\/li><li>Hold en spiseskje over en ferdig stivnet ostekake mens du heller jordb\u00e6rgel\u00e9en forsiktig over p\u00e5 skjeen. Da blir ikke str\u00e5len s\u00e5 sterk og det minsker sjansen for at du f\u00e5r merker i ostekremen.<\/li><li>Dekk til kakeformen og sett den i kj\u00f8leskapet i minimum 2 timer, til gel\u00e9lokket har stivnet.<\/li><li>Pynt den ferdige kaken med friske b\u00e6r og hvite marengstopper rett f\u00f8r servering.<\/li><\/ol>\n<\/div>\n<\/div><\/div>\n\n\n\n\t\t<div class=\"has-background has-neutral-50-background-color is-style-vertical-spacing is-style-horizontal-spacing alignwide wp-block-mills-section has-background has-neutral-50-background-color\">\n\t\t\t<div class=\"wp-block-mills-section__inner alignwide\">\n\t\t\t\t\n\n<h2 class=\"has-text-align-center aligncenter wp-block-heading\" id=\"h-relatert-innhold\">Relatert innhold<\/h2>\n\n\n<div class=\"t2-featured-content-layout alignwide alignwide wp-block-t2-featured-content-layout\" role=\"list\">\n<div class=\"t2-featured-single-post t2-featured-content is-post-type-page wp-block-t2-featured-single-post\" role=\"listitem\"><a class=\"t2-post-link wp-block-t2-post-link\" href=\"https:\/\/mills.no\/melange\/kaker\/enkle-langpannekaker\/\">\n<figure style=\"--t2-focal-point: 50% 50%;\" class=\"t2-post-featured-image has-image-ratio-16-9 wp-block-t2-post-featured-image\"><img loading=\"lazy\" decoding=\"async\" width=\"1600\" height=\"1067\" src=\"https:\/\/mills.no\/content\/uploads\/sites\/3\/2018\/04\/Melkefri-sjokoladekake-langpanne.jpg\" class=\"attachment-medium-large size-medium-large wp-post-image\" alt=\"Melkefri sjokoladekake i langpanne\" srcset=\"https:\/\/mills.no\/content\/uploads\/sites\/3\/2018\/04\/Melkefri-sjokoladekake-langpanne.jpg 1600w, https:\/\/mills.no\/content\/uploads\/sites\/3\/2018\/04\/Melkefri-sjokoladekake-langpanne-300x200.jpg 300w, https:\/\/mills.no\/content\/uploads\/sites\/3\/2018\/04\/Melkefri-sjokoladekake-langpanne-1024x683.jpg 1024w, https:\/\/mills.no\/content\/uploads\/sites\/3\/2018\/04\/Melkefri-sjokoladekake-langpanne-768x512.jpg 768w, https:\/\/mills.no\/content\/uploads\/sites\/3\/2018\/04\/Melkefri-sjokoladekake-langpanne-1536x1024.jpg 1536w, https:\/\/mills.no\/content\/uploads\/sites\/3\/2018\/04\/Melkefri-sjokoladekake-langpanne-80x53.jpg 80w\" sizes=\"auto, (max-width: 1600px) 100vw, 1600px\" \/><\/figure>\n\n<div class=\"wp-block-group alignfull is-layout-flow wp-block-group-is-layout-flow\">\n\t<h2 class=\"t2-post-title wp-block-t2-post-title\">Enkle langpannekaker<\/h2>\n\t<div class=\"t2-post-excerpt wp-block-t2-post-excerpt\"><p>Langpannekaker er enkle \u00e5 lage og praktiske fordi de rekker til mange kakeglade gjester &#8211; enten det er til middagsselskapet,&hellip;<\/p><\/div>\n\t\n\t<p class=\"wp-block-buttons is-content-justification-center\"><span class=\"wp-block-button is-style-arrow-right\"><span class=\"wp-block-button__link\">Mer om<\/span><\/span><\/p>\n\t\n<\/div>\n\n<\/a>\n<\/div>\n\n<div class=\"t2-featured-single-post t2-featured-content is-post-type-page wp-block-t2-featured-single-post\" role=\"listitem\"><a class=\"t2-post-link wp-block-t2-post-link\" href=\"https:\/\/mills.no\/melange\/kaker\/festkaker\/\">\n<figure style=\"--t2-focal-point: 50% 50%;\" class=\"t2-post-featured-image has-image-ratio-16-9 wp-block-t2-post-featured-image\"><img loading=\"lazy\" decoding=\"async\" width=\"1920\" height=\"1000\" src=\"https:\/\/mills.no\/content\/uploads\/sites\/3\/2017\/04\/Popcornkake-med-karamell.jpg\" class=\"attachment-medium-large size-medium-large wp-post-image\" alt=\"Popcornkake med karamellsaus. Foto.\" srcset=\"https:\/\/mills.no\/content\/uploads\/sites\/3\/2017\/04\/Popcornkake-med-karamell.jpg 1920w, https:\/\/mills.no\/content\/uploads\/sites\/3\/2017\/04\/Popcornkake-med-karamell-300x156.jpg 300w, https:\/\/mills.no\/content\/uploads\/sites\/3\/2017\/04\/Popcornkake-med-karamell-1024x533.jpg 1024w, https:\/\/mills.no\/content\/uploads\/sites\/3\/2017\/04\/Popcornkake-med-karamell-768x400.jpg 768w, https:\/\/mills.no\/content\/uploads\/sites\/3\/2017\/04\/Popcornkake-med-karamell-1536x800.jpg 1536w, https:\/\/mills.no\/content\/uploads\/sites\/3\/2017\/04\/Popcornkake-med-karamell-80x42.jpg 80w\" sizes=\"auto, (max-width: 1920px) 100vw, 1920px\" \/><\/figure>\n\n<div class=\"wp-block-group alignfull is-layout-flow wp-block-group-is-layout-flow\">\n\t<h2 class=\"t2-post-title wp-block-t2-post-title\">Festkaker<\/h2>\n\t<div class=\"t2-post-excerpt wp-block-t2-post-excerpt\"><p>Enten du skal bake til konfirmasjoner, d\u00e5p eller sommerfester, s\u00e5 finnes det en kake som passer! Her har vi samlet&hellip;<\/p><\/div>\n\t\n\t<p class=\"wp-block-buttons is-content-justification-center\"><span class=\"wp-block-button is-style-arrow-right\"><span class=\"wp-block-button__link\">Mer om<\/span><\/span><\/p>\n\t\n<\/div>\n\n<\/a>\n<\/div>\n\n<div class=\"t2-featured-single-post t2-featured-content is-post-type-page wp-block-t2-featured-single-post\" role=\"listitem\"><a class=\"t2-post-link wp-block-t2-post-link\" href=\"https:\/\/mills.no\/melange\/kaker\/kaker-til-17-mai\/\">\n<figure style=\"--t2-focal-point: 50% 50%;\" class=\"t2-post-featured-image has-image-ratio-16-9 wp-block-t2-post-featured-image\"><img loading=\"lazy\" decoding=\"async\" width=\"1920\" height=\"1280\" src=\"https:\/\/mills.no\/content\/uploads\/sites\/3\/2022\/05\/Gulrotkake-med-flagg-kakestykke.jpg\" class=\"attachment-medium-large size-medium-large wp-post-image\" alt=\"Flaggkake\" srcset=\"https:\/\/mills.no\/content\/uploads\/sites\/3\/2022\/05\/Gulrotkake-med-flagg-kakestykke.jpg 1920w, https:\/\/mills.no\/content\/uploads\/sites\/3\/2022\/05\/Gulrotkake-med-flagg-kakestykke-300x200.jpg 300w, https:\/\/mills.no\/content\/uploads\/sites\/3\/2022\/05\/Gulrotkake-med-flagg-kakestykke-1024x683.jpg 1024w, https:\/\/mills.no\/content\/uploads\/sites\/3\/2022\/05\/Gulrotkake-med-flagg-kakestykke-768x512.jpg 768w, https:\/\/mills.no\/content\/uploads\/sites\/3\/2022\/05\/Gulrotkake-med-flagg-kakestykke-1536x1024.jpg 1536w, https:\/\/mills.no\/content\/uploads\/sites\/3\/2022\/05\/Gulrotkake-med-flagg-kakestykke-80x53.jpg 80w\" sizes=\"auto, (max-width: 1920px) 100vw, 1920px\" \/><\/figure>\n\n<div class=\"wp-block-group alignfull is-layout-flow wp-block-group-is-layout-flow\">\n\t<h2 class=\"t2-post-title wp-block-t2-post-title\">Kaker til 17. mai<\/h2>\n\t<div class=\"t2-post-excerpt wp-block-t2-post-excerpt\"><p>P\u00e5 selveste nasjonaldagen er det g\u00f8y \u00e5 lage noe ekstra godt og staselig, som gjerne f\u00f8lger fargepaletten til flagg og&hellip;<\/p><\/div>\n\t\n\t<p class=\"wp-block-buttons is-content-justification-center\"><span class=\"wp-block-button is-style-arrow-right\"><span class=\"wp-block-button__link\">Mer om<\/span><\/span><\/p>\n\t\n<\/div>\n\n<\/a>\n<\/div>\n\n<div class=\"t2-featured-single-post t2-featured-content is-post-type-post category-allergivennlig category-baketips category-melange wp-block-t2-featured-single-post\" role=\"listitem\"><a class=\"t2-post-link wp-block-t2-post-link\" href=\"https:\/\/mills.no\/melange\/5-lekre-og-glutenfrie-festkaker\/\">\n<figure style=\"--t2-focal-point: 50% 50%;\" class=\"t2-post-featured-image has-image-ratio-16-9 wp-block-t2-post-featured-image\"><img loading=\"lazy\" decoding=\"async\" width=\"1600\" height=\"1025\" src=\"https:\/\/mills.no\/content\/uploads\/sites\/3\/2018\/05\/Glutenfrie-kaker1.jpg\" class=\"attachment-medium-large size-medium-large wp-post-image\" alt=\"Glutenfrie festkaker\" srcset=\"https:\/\/mills.no\/content\/uploads\/sites\/3\/2018\/05\/Glutenfrie-kaker1.jpg 1600w, https:\/\/mills.no\/content\/uploads\/sites\/3\/2018\/05\/Glutenfrie-kaker1-300x192.jpg 300w, https:\/\/mills.no\/content\/uploads\/sites\/3\/2018\/05\/Glutenfrie-kaker1-1024x656.jpg 1024w, https:\/\/mills.no\/content\/uploads\/sites\/3\/2018\/05\/Glutenfrie-kaker1-768x492.jpg 768w, https:\/\/mills.no\/content\/uploads\/sites\/3\/2018\/05\/Glutenfrie-kaker1-1536x984.jpg 1536w, https:\/\/mills.no\/content\/uploads\/sites\/3\/2018\/05\/Glutenfrie-kaker1-80x51.jpg 80w\" sizes=\"auto, (max-width: 1600px) 100vw, 1600px\" \/><\/figure>\n\n<div class=\"wp-block-group alignfull is-layout-flow wp-block-group-is-layout-flow\">\n\t<h2 class=\"t2-post-title wp-block-t2-post-title\">5 lekre og glutenfrie festkaker<\/h2>\n\t<div class=\"t2-post-excerpt wp-block-t2-post-excerpt\"><p>Glutenallergi trenger ikke \u00e5 sette en stopper for den store festdagen, det er disse flotte festkakene et godt bevis p\u00e5.&hellip;<\/p><\/div>\n\t\n\t<p class=\"wp-block-buttons is-content-justification-center\"><span class=\"wp-block-button is-style-arrow-right\"><span class=\"wp-block-button__link\">Mer om<\/span><\/span><\/p>\n\t\n<\/div>\n\n<\/a>\n<\/div>\n\n<div class=\"t2-featured-single-post t2-featured-content is-post-type-post category-baketips category-kaketips category-melange wp-block-t2-featured-single-post\" role=\"listitem\"><a class=\"t2-post-link wp-block-t2-post-link\" href=\"https:\/\/mills.no\/melange\/tre-enkle-og-smakfulle-sjokoladekaker\/\">\n<figure style=\"--t2-focal-point: 50% 50%;\" class=\"t2-post-featured-image has-image-ratio-16-9 wp-block-t2-post-featured-image\"><img loading=\"lazy\" decoding=\"async\" width=\"1600\" height=\"1055\" src=\"https:\/\/mills.no\/content\/uploads\/sites\/3\/2018\/06\/Tre-sjokoladekaker.jpg\" class=\"attachment-medium-large size-medium-large wp-post-image\" alt=\"Tre sjokoladekaker\" srcset=\"https:\/\/mills.no\/content\/uploads\/sites\/3\/2018\/06\/Tre-sjokoladekaker.jpg 1600w, https:\/\/mills.no\/content\/uploads\/sites\/3\/2018\/06\/Tre-sjokoladekaker-300x198.jpg 300w, https:\/\/mills.no\/content\/uploads\/sites\/3\/2018\/06\/Tre-sjokoladekaker-1024x675.jpg 1024w, https:\/\/mills.no\/content\/uploads\/sites\/3\/2018\/06\/Tre-sjokoladekaker-768x506.jpg 768w, https:\/\/mills.no\/content\/uploads\/sites\/3\/2018\/06\/Tre-sjokoladekaker-1536x1013.jpg 1536w, https:\/\/mills.no\/content\/uploads\/sites\/3\/2018\/06\/Tre-sjokoladekaker-80x53.jpg 80w\" sizes=\"auto, (max-width: 1600px) 100vw, 1600px\" \/><\/figure>\n\n<div class=\"wp-block-group alignfull is-layout-flow wp-block-group-is-layout-flow\">\n\t<h2 class=\"t2-post-title wp-block-t2-post-title\">Tre enkle og smakfulle sjokoladekaker<\/h2>\n\t<div class=\"t2-post-excerpt wp-block-t2-post-excerpt\"><p>Disse sjokoladekakene ser kanskje imponerende ut, men er faktisk overraskende enkle \u00e5 lage. Fylt med herlig sjokolade og toppet med&hellip;<\/p><\/div>\n\t\n\t<p class=\"wp-block-buttons is-content-justification-center\"><span class=\"wp-block-button is-style-arrow-right\"><span class=\"wp-block-button__link\">Mer om<\/span><\/span><\/p>\n\t\n<\/div>\n\n<\/a>\n<\/div>\n\n<div class=\"t2-featured-single-post t2-featured-content is-post-type-post category-baketips category-kaketips category-melange wp-block-t2-featured-single-post\" role=\"listitem\"><a class=\"t2-post-link wp-block-t2-post-link\" href=\"https:\/\/mills.no\/melange\/bakerens-beste-baketips-til-kaker\/\">\n<figure style=\"--t2-focal-point: 50% 50%;\" class=\"t2-post-featured-image has-image-ratio-16-9 wp-block-t2-post-featured-image\"><img loading=\"lazy\" decoding=\"async\" width=\"1600\" height=\"1067\" src=\"https:\/\/mills.no\/content\/uploads\/sites\/3\/2017\/10\/Banankake-i-langpanne.jpg\" class=\"attachment-medium-large size-medium-large wp-post-image\" alt=\"Banankake i langpanne\" srcset=\"https:\/\/mills.no\/content\/uploads\/sites\/3\/2017\/10\/Banankake-i-langpanne.jpg 1600w, https:\/\/mills.no\/content\/uploads\/sites\/3\/2017\/10\/Banankake-i-langpanne-300x200.jpg 300w, https:\/\/mills.no\/content\/uploads\/sites\/3\/2017\/10\/Banankake-i-langpanne-1024x683.jpg 1024w, https:\/\/mills.no\/content\/uploads\/sites\/3\/2017\/10\/Banankake-i-langpanne-768x512.jpg 768w, https:\/\/mills.no\/content\/uploads\/sites\/3\/2017\/10\/Banankake-i-langpanne-1536x1024.jpg 1536w, https:\/\/mills.no\/content\/uploads\/sites\/3\/2017\/10\/Banankake-i-langpanne-80x53.jpg 80w\" sizes=\"auto, (max-width: 1600px) 100vw, 1600px\" \/><\/figure>\n\n<div class=\"wp-block-group alignfull is-layout-flow wp-block-group-is-layout-flow\">\n\t<h2 class=\"t2-post-title wp-block-t2-post-title\">Bakerens beste baketips til luftige og saftige kaker<\/h2>\n\t<div class=\"t2-post-excerpt wp-block-t2-post-excerpt\"><p>Det er mange utfordringer som dukker opp underveis n\u00e5r man skal bake kaker. Kakene kan falle ned i midten, sitte&hellip;<\/p><\/div>\n\t\n\t<p class=\"wp-block-buttons is-content-justification-center\"><span class=\"wp-block-button is-style-arrow-right\"><span class=\"wp-block-button__link\">Mer om<\/span><\/span><\/p>\n\t\n<\/div>\n\n<\/a>\n<\/div>\n<\/div>\n\n\t\t\t<\/div>\n\t\t<\/div>","protected":false},"excerpt":{"rendered":"<p>En lekker kake i r\u00f8dt, hvitt og bl\u00e5tt pynter opp kakebordet p\u00e5 nasjonaldagen. Her har du tre forslag til hvordan&hellip;<\/p>\n","protected":false},"author":3,"featured_media":1325,"comment_status":"closed","ping_status":"closed","sticky":false,"template":"","format":"standard","meta":{"_searchwp_excluded":"","footnotes":""},"categories":[90,99,89],"tags":[],"class_list":["post-1324","post","type-post","status-publish","format-standard","has-post-thumbnail","hentry","category-baketips","category-kaketips","category-melange"],"yoast_head":"<!-- This site is optimized with the Yoast SEO Premium plugin v26.9 (Yoast SEO v26.9) - https:\/\/yoast.com\/product\/yoast-seo-premium-wordpress\/ -->\n<title>Tre flotte 17. mai-kaker du enkelt kan pynte selv - Melange<\/title>\n<meta name=\"description\" content=\"Her finner du tre forslag til hvordan du enkelt kan gj\u00f8re en vanlig kake om til en skikkelig festfin kake pyntet til 17. mai.\" \/>\n<meta name=\"robots\" content=\"index, follow, max-snippet:-1, max-image-preview:large, max-video-preview:-1\" \/>\n<link rel=\"canonical\" href=\"https:\/\/mills.no\/melange\/tre-flotte-17-mai-kaker-du-enkelt-kan-pynte-selv\/\" \/>\n<meta property=\"og:locale\" content=\"nb_NO\" \/>\n<meta property=\"og:type\" content=\"article\" \/>\n<meta property=\"og:title\" content=\"Slik pynter du kakene til 17. mai\" \/>\n<meta property=\"og:description\" content=\"Se de enkle pyntetipsene her!\" \/>\n<meta property=\"og:url\" content=\"https:\/\/mills.no\/melange\/tre-flotte-17-mai-kaker-du-enkelt-kan-pynte-selv\/\" \/>\n<meta property=\"og:site_name\" content=\"Melange\" \/>\n<meta property=\"article:published_time\" content=\"2019-05-08T09:12:28+00:00\" \/>\n<meta property=\"article:modified_time\" content=\"2024-02-07T08:15:48+00:00\" \/>\n<meta property=\"og:image\" content=\"https:\/\/mills.no\/content\/uploads\/sites\/3\/2019\/05\/17.maikaker.jpg\" \/>\n\t<meta property=\"og:image:width\" content=\"1600\" \/>\n\t<meta property=\"og:image:height\" content=\"968\" \/>\n\t<meta property=\"og:image:type\" content=\"image\/jpeg\" \/>\n<meta name=\"author\" content=\"Line\" \/>\n<meta name=\"twitter:card\" content=\"summary_large_image\" \/>\n<meta name=\"twitter:title\" content=\"Tre flotte 17. mai-kaker du enkelt kan pynte selv\" \/>\n<meta name=\"twitter:label1\" content=\"Skrevet av\" \/>\n\t<meta name=\"twitter:data1\" content=\"Line\" \/>\n\t<meta name=\"twitter:label2\" content=\"Ansl. lesetid\" \/>\n\t<meta name=\"twitter:data2\" content=\"5 minutter\" \/>\n<script type=\"application\/ld+json\" class=\"yoast-schema-graph\">{\"@context\":\"https:\/\/schema.org\",\"@graph\":[{\"@type\":\"Article\",\"@id\":\"https:\/\/mills.no\/melange\/tre-flotte-17-mai-kaker-du-enkelt-kan-pynte-selv\/#article\",\"isPartOf\":{\"@id\":\"https:\/\/mills.no\/melange\/tre-flotte-17-mai-kaker-du-enkelt-kan-pynte-selv\/\"},\"author\":{\"name\":\"Line\",\"@id\":\"https:\/\/mills.no\/melange\/#\/schema\/person\/573554727374459b23d558036d1751e8\"},\"headline\":\"Tre flotte 17. mai-kaker du enkelt kan pynte selv\",\"datePublished\":\"2019-05-08T09:12:28+00:00\",\"dateModified\":\"2024-02-07T08:15:48+00:00\",\"mainEntityOfPage\":{\"@id\":\"https:\/\/mills.no\/melange\/tre-flotte-17-mai-kaker-du-enkelt-kan-pynte-selv\/\"},\"wordCount\":724,\"publisher\":{\"@id\":\"https:\/\/mills.no\/melange\/#organization\"},\"image\":{\"@id\":\"https:\/\/mills.no\/melange\/tre-flotte-17-mai-kaker-du-enkelt-kan-pynte-selv\/#primaryimage\"},\"thumbnailUrl\":\"https:\/\/mills.no\/content\/uploads\/sites\/3\/2019\/05\/17.maikaker.jpg\",\"articleSection\":[\"Baketips\",\"Kaker\",\"Melange\"],\"inLanguage\":\"nb-NO\"},{\"@type\":\"WebPage\",\"@id\":\"https:\/\/mills.no\/melange\/tre-flotte-17-mai-kaker-du-enkelt-kan-pynte-selv\/\",\"url\":\"https:\/\/mills.no\/melange\/tre-flotte-17-mai-kaker-du-enkelt-kan-pynte-selv\/\",\"name\":\"Tre flotte 17. mai-kaker du enkelt kan pynte selv - Melange\",\"isPartOf\":{\"@id\":\"https:\/\/mills.no\/melange\/#website\"},\"primaryImageOfPage\":{\"@id\":\"https:\/\/mills.no\/melange\/tre-flotte-17-mai-kaker-du-enkelt-kan-pynte-selv\/#primaryimage\"},\"image\":{\"@id\":\"https:\/\/mills.no\/melange\/tre-flotte-17-mai-kaker-du-enkelt-kan-pynte-selv\/#primaryimage\"},\"thumbnailUrl\":\"https:\/\/mills.no\/content\/uploads\/sites\/3\/2019\/05\/17.maikaker.jpg\",\"datePublished\":\"2019-05-08T09:12:28+00:00\",\"dateModified\":\"2024-02-07T08:15:48+00:00\",\"description\":\"Her finner du tre forslag til hvordan du enkelt kan gj\u00f8re en vanlig kake om til en skikkelig festfin kake pyntet til 17. mai.\",\"breadcrumb\":{\"@id\":\"https:\/\/mills.no\/melange\/tre-flotte-17-mai-kaker-du-enkelt-kan-pynte-selv\/#breadcrumb\"},\"inLanguage\":\"nb-NO\",\"potentialAction\":[{\"@type\":\"ReadAction\",\"target\":[\"https:\/\/mills.no\/melange\/tre-flotte-17-mai-kaker-du-enkelt-kan-pynte-selv\/\"]}]},{\"@type\":\"ImageObject\",\"inLanguage\":\"nb-NO\",\"@id\":\"https:\/\/mills.no\/melange\/tre-flotte-17-mai-kaker-du-enkelt-kan-pynte-selv\/#primaryimage\",\"url\":\"https:\/\/mills.no\/content\/uploads\/sites\/3\/2019\/05\/17.maikaker.jpg\",\"contentUrl\":\"https:\/\/mills.no\/content\/uploads\/sites\/3\/2019\/05\/17.maikaker.jpg\",\"width\":1600,\"height\":968,\"caption\":\"17. mai-kaker\"},{\"@type\":\"BreadcrumbList\",\"@id\":\"https:\/\/mills.no\/melange\/tre-flotte-17-mai-kaker-du-enkelt-kan-pynte-selv\/#breadcrumb\",\"itemListElement\":[{\"@type\":\"ListItem\",\"position\":1,\"name\":\"Home\",\"item\":\"https:\/\/mills.no\/melange\/\"},{\"@type\":\"ListItem\",\"position\":2,\"name\":\"Tre flotte 17. mai-kaker du enkelt kan pynte selv\"}]},{\"@type\":\"WebSite\",\"@id\":\"https:\/\/mills.no\/melange\/#website\",\"url\":\"https:\/\/mills.no\/melange\/\",\"name\":\"Melange\",\"description\":\"Litt lettere \u00e5 lykkes\",\"publisher\":{\"@id\":\"https:\/\/mills.no\/melange\/#organization\"},\"potentialAction\":[{\"@type\":\"SearchAction\",\"target\":{\"@type\":\"EntryPoint\",\"urlTemplate\":\"https:\/\/mills.no\/melange\/?s={search_term_string}\"},\"query-input\":{\"@type\":\"PropertyValueSpecification\",\"valueRequired\":true,\"valueName\":\"search_term_string\"}}],\"inLanguage\":\"nb-NO\"},{\"@type\":\"Organization\",\"@id\":\"https:\/\/mills.no\/melange\/#organization\",\"name\":\"Melange\",\"url\":\"https:\/\/mills.no\/melange\/\",\"logo\":{\"@type\":\"ImageObject\",\"inLanguage\":\"nb-NO\",\"@id\":\"https:\/\/mills.no\/melange\/#\/schema\/logo\/image\/\",\"url\":\"https:\/\/mills.no\/content\/uploads\/sites\/3\/2021\/11\/logo-melange.svg\",\"contentUrl\":\"https:\/\/mills.no\/content\/uploads\/sites\/3\/2021\/11\/logo-melange.svg\",\"caption\":\"Melange\"},\"image\":{\"@id\":\"https:\/\/mills.no\/melange\/#\/schema\/logo\/image\/\"}},{\"@type\":\"Person\",\"@id\":\"https:\/\/mills.no\/melange\/#\/schema\/person\/573554727374459b23d558036d1751e8\",\"name\":\"Line\",\"image\":{\"@type\":\"ImageObject\",\"inLanguage\":\"nb-NO\",\"@id\":\"https:\/\/mills.no\/melange\/#\/schema\/person\/image\/\",\"url\":\"https:\/\/secure.gravatar.com\/avatar\/9976bfd118d0d0c1e79280cd2365d14469e090625210412f4df6ade6a4b31835?s=96&d=mm&r=g\",\"contentUrl\":\"https:\/\/secure.gravatar.com\/avatar\/9976bfd118d0d0c1e79280cd2365d14469e090625210412f4df6ade6a4b31835?s=96&d=mm&r=g\",\"caption\":\"Line\"},\"url\":\"https:\/\/mills.no\/melange\/author\/line\/\"}]}<\/script>\n<!-- \/ Yoast SEO Premium plugin. -->","yoast_head_json":{"title":"Tre flotte 17. mai-kaker du enkelt kan pynte selv - Melange","description":"Her finner du tre forslag til hvordan du enkelt kan gj\u00f8re en vanlig kake om til en skikkelig festfin kake pyntet til 17. mai.","robots":{"index":"index","follow":"follow","max-snippet":"max-snippet:-1","max-image-preview":"max-image-preview:large","max-video-preview":"max-video-preview:-1"},"canonical":"https:\/\/mills.no\/melange\/tre-flotte-17-mai-kaker-du-enkelt-kan-pynte-selv\/","og_locale":"nb_NO","og_type":"article","og_title":"Slik pynter du kakene til 17. mai","og_description":"Se de enkle pyntetipsene her!","og_url":"https:\/\/mills.no\/melange\/tre-flotte-17-mai-kaker-du-enkelt-kan-pynte-selv\/","og_site_name":"Melange","article_published_time":"2019-05-08T09:12:28+00:00","article_modified_time":"2024-02-07T08:15:48+00:00","og_image":[{"width":1600,"height":968,"url":"https:\/\/mills.no\/content\/uploads\/sites\/3\/2019\/05\/17.maikaker.jpg","type":"image\/jpeg"}],"author":"Line","twitter_card":"summary_large_image","twitter_title":"Tre flotte 17. mai-kaker du enkelt kan pynte selv","twitter_misc":{"Skrevet av":"Line","Ansl. lesetid":"5 minutter"},"schema":{"@context":"https:\/\/schema.org","@graph":[{"@type":"Article","@id":"https:\/\/mills.no\/melange\/tre-flotte-17-mai-kaker-du-enkelt-kan-pynte-selv\/#article","isPartOf":{"@id":"https:\/\/mills.no\/melange\/tre-flotte-17-mai-kaker-du-enkelt-kan-pynte-selv\/"},"author":{"name":"Line","@id":"https:\/\/mills.no\/melange\/#\/schema\/person\/573554727374459b23d558036d1751e8"},"headline":"Tre flotte 17. mai-kaker du enkelt kan pynte selv","datePublished":"2019-05-08T09:12:28+00:00","dateModified":"2024-02-07T08:15:48+00:00","mainEntityOfPage":{"@id":"https:\/\/mills.no\/melange\/tre-flotte-17-mai-kaker-du-enkelt-kan-pynte-selv\/"},"wordCount":724,"publisher":{"@id":"https:\/\/mills.no\/melange\/#organization"},"image":{"@id":"https:\/\/mills.no\/melange\/tre-flotte-17-mai-kaker-du-enkelt-kan-pynte-selv\/#primaryimage"},"thumbnailUrl":"https:\/\/mills.no\/content\/uploads\/sites\/3\/2019\/05\/17.maikaker.jpg","articleSection":["Baketips","Kaker","Melange"],"inLanguage":"nb-NO"},{"@type":"WebPage","@id":"https:\/\/mills.no\/melange\/tre-flotte-17-mai-kaker-du-enkelt-kan-pynte-selv\/","url":"https:\/\/mills.no\/melange\/tre-flotte-17-mai-kaker-du-enkelt-kan-pynte-selv\/","name":"Tre flotte 17. mai-kaker du enkelt kan pynte selv - Melange","isPartOf":{"@id":"https:\/\/mills.no\/melange\/#website"},"primaryImageOfPage":{"@id":"https:\/\/mills.no\/melange\/tre-flotte-17-mai-kaker-du-enkelt-kan-pynte-selv\/#primaryimage"},"image":{"@id":"https:\/\/mills.no\/melange\/tre-flotte-17-mai-kaker-du-enkelt-kan-pynte-selv\/#primaryimage"},"thumbnailUrl":"https:\/\/mills.no\/content\/uploads\/sites\/3\/2019\/05\/17.maikaker.jpg","datePublished":"2019-05-08T09:12:28+00:00","dateModified":"2024-02-07T08:15:48+00:00","description":"Her finner du tre forslag til hvordan du enkelt kan gj\u00f8re en vanlig kake om til en skikkelig festfin kake pyntet til 17. mai.","breadcrumb":{"@id":"https:\/\/mills.no\/melange\/tre-flotte-17-mai-kaker-du-enkelt-kan-pynte-selv\/#breadcrumb"},"inLanguage":"nb-NO","potentialAction":[{"@type":"ReadAction","target":["https:\/\/mills.no\/melange\/tre-flotte-17-mai-kaker-du-enkelt-kan-pynte-selv\/"]}]},{"@type":"ImageObject","inLanguage":"nb-NO","@id":"https:\/\/mills.no\/melange\/tre-flotte-17-mai-kaker-du-enkelt-kan-pynte-selv\/#primaryimage","url":"https:\/\/mills.no\/content\/uploads\/sites\/3\/2019\/05\/17.maikaker.jpg","contentUrl":"https:\/\/mills.no\/content\/uploads\/sites\/3\/2019\/05\/17.maikaker.jpg","width":1600,"height":968,"caption":"17. mai-kaker"},{"@type":"BreadcrumbList","@id":"https:\/\/mills.no\/melange\/tre-flotte-17-mai-kaker-du-enkelt-kan-pynte-selv\/#breadcrumb","itemListElement":[{"@type":"ListItem","position":1,"name":"Home","item":"https:\/\/mills.no\/melange\/"},{"@type":"ListItem","position":2,"name":"Tre flotte 17. mai-kaker du enkelt kan pynte selv"}]},{"@type":"WebSite","@id":"https:\/\/mills.no\/melange\/#website","url":"https:\/\/mills.no\/melange\/","name":"Melange","description":"Litt lettere \u00e5 lykkes","publisher":{"@id":"https:\/\/mills.no\/melange\/#organization"},"potentialAction":[{"@type":"SearchAction","target":{"@type":"EntryPoint","urlTemplate":"https:\/\/mills.no\/melange\/?s={search_term_string}"},"query-input":{"@type":"PropertyValueSpecification","valueRequired":true,"valueName":"search_term_string"}}],"inLanguage":"nb-NO"},{"@type":"Organization","@id":"https:\/\/mills.no\/melange\/#organization","name":"Melange","url":"https:\/\/mills.no\/melange\/","logo":{"@type":"ImageObject","inLanguage":"nb-NO","@id":"https:\/\/mills.no\/melange\/#\/schema\/logo\/image\/","url":"https:\/\/mills.no\/content\/uploads\/sites\/3\/2021\/11\/logo-melange.svg","contentUrl":"https:\/\/mills.no\/content\/uploads\/sites\/3\/2021\/11\/logo-melange.svg","caption":"Melange"},"image":{"@id":"https:\/\/mills.no\/melange\/#\/schema\/logo\/image\/"}},{"@type":"Person","@id":"https:\/\/mills.no\/melange\/#\/schema\/person\/573554727374459b23d558036d1751e8","name":"Line","image":{"@type":"ImageObject","inLanguage":"nb-NO","@id":"https:\/\/mills.no\/melange\/#\/schema\/person\/image\/","url":"https:\/\/secure.gravatar.com\/avatar\/9976bfd118d0d0c1e79280cd2365d14469e090625210412f4df6ade6a4b31835?s=96&d=mm&r=g","contentUrl":"https:\/\/secure.gravatar.com\/avatar\/9976bfd118d0d0c1e79280cd2365d14469e090625210412f4df6ade6a4b31835?s=96&d=mm&r=g","caption":"Line"},"url":"https:\/\/mills.no\/melange\/author\/line\/"}]}},"_links":{"self":[{"href":"https:\/\/mills.no\/melange\/wp-json\/wp\/v2\/posts\/1324","targetHints":{"allow":["GET"]}}],"collection":[{"href":"https:\/\/mills.no\/melange\/wp-json\/wp\/v2\/posts"}],"about":[{"href":"https:\/\/mills.no\/melange\/wp-json\/wp\/v2\/types\/post"}],"author":[{"embeddable":true,"href":"https:\/\/mills.no\/melange\/wp-json\/wp\/v2\/users\/3"}],"replies":[{"embeddable":true,"href":"https:\/\/mills.no\/melange\/wp-json\/wp\/v2\/comments?post=1324"}],"version-history":[{"count":12,"href":"https:\/\/mills.no\/melange\/wp-json\/wp\/v2\/posts\/1324\/revisions"}],"predecessor-version":[{"id":4272,"href":"https:\/\/mills.no\/melange\/wp-json\/wp\/v2\/posts\/1324\/revisions\/4272"}],"wp:featuredmedia":[{"embeddable":true,"href":"https:\/\/mills.no\/melange\/wp-json\/wp\/v2\/media\/1325"}],"wp:attachment":[{"href":"https:\/\/mills.no\/melange\/wp-json\/wp\/v2\/media?parent=1324"}],"wp:term":[{"taxonomy":"category","embeddable":true,"href":"https:\/\/mills.no\/melange\/wp-json\/wp\/v2\/categories?post=1324"},{"taxonomy":"post_tag","embeddable":true,"href":"https:\/\/mills.no\/melange\/wp-json\/wp\/v2\/tags?post=1324"}],"curies":[{"name":"wp","href":"https:\/\/api.w.org\/{rel}","templated":true}]}}