{"id":1422,"date":"2017-11-21T17:20:50","date_gmt":"2017-11-21T16:20:50","guid":{"rendered":"https:\/\/mills.no\/melange\/allergivennlige-julekaker\/"},"modified":"2024-02-07T09:15:50","modified_gmt":"2024-02-07T08:15:50","slug":"allergivennlige-julekaker","status":"publish","type":"post","link":"https:\/\/mills.no\/melange\/allergivennlige-julekaker\/","title":{"rendered":"Allergivennlige julekaker"},"content":{"rendered":"<div class=\"mills-block-featured alignwide alignwide wp-block-mills-block-featured\"><img loading=\"lazy\" decoding=\"async\" width=\"1600\" height=\"1067\" style=\"width:100%;height:100%;object-fit:cover\" src=\"https:\/\/mills.no\/content\/uploads\/sites\/3\/2017\/11\/Sarah-Bernhard-bit.jpg\" class=\"wp-block-cover__image-background\" alt=\"Sarah Bernhard. Foto.\" srcset=\"https:\/\/mills.no\/content\/uploads\/sites\/3\/2017\/11\/Sarah-Bernhard-bit.jpg 1600w, https:\/\/mills.no\/content\/uploads\/sites\/3\/2017\/11\/Sarah-Bernhard-bit-300x200.jpg 300w, https:\/\/mills.no\/content\/uploads\/sites\/3\/2017\/11\/Sarah-Bernhard-bit-1024x683.jpg 1024w, https:\/\/mills.no\/content\/uploads\/sites\/3\/2017\/11\/Sarah-Bernhard-bit-768x512.jpg 768w, https:\/\/mills.no\/content\/uploads\/sites\/3\/2017\/11\/Sarah-Bernhard-bit-1536x1024.jpg 1536w, https:\/\/mills.no\/content\/uploads\/sites\/3\/2017\/11\/Sarah-Bernhard-bit-80x53.jpg 80w\" sizes=\"auto, (max-width: 1600px) 100vw, 1600px\" \/><div class=\"wp-block-cover__inner-container\">\n<h1 class=\"has-text-align-center wp-block-post-title has-text-color has-neutral-1000-color\">Allergivennlige julekaker<\/h1>\n\n<p class=\"t2-ingress has-text-align-center align wp-block-t2-ingress\">Baking h\u00f8rer julen til og er en hyggelig aktivitet man kan gj\u00f8re i f\u00f8rjulstiden med venner og familie. Her finner du oppskrifter p\u00e5 glutenfrie og eggefrie julekaker som passer om du har allergi, eller bare har lyst p\u00e5 noe godt.\n<\/p>\n<\/div><\/div>\n\n\n<div class=\"wp-block-media-text alignwide is-stacked-on-mobile is-image-fill has-neutral-1000-color has-neutral-0-background-color has-text-color has-background\"><figure class=\"wp-block-media-text__media\" style=\"background-image:url(https:\/\/mills.no\/content\/uploads\/sites\/3\/2017\/12\/Glutenfrie-havrekjeks.jpg);background-position:50% 50%\"><img loading=\"lazy\" decoding=\"async\" width=\"1600\" height=\"1048\" src=\"https:\/\/mills.no\/content\/uploads\/sites\/3\/2017\/12\/Glutenfrie-havrekjeks.jpg\" alt=\"\" class=\"wp-image-1401 size-full\" srcset=\"https:\/\/mills.no\/content\/uploads\/sites\/3\/2017\/12\/Glutenfrie-havrekjeks.jpg 1600w, https:\/\/mills.no\/content\/uploads\/sites\/3\/2017\/12\/Glutenfrie-havrekjeks-300x197.jpg 300w, https:\/\/mills.no\/content\/uploads\/sites\/3\/2017\/12\/Glutenfrie-havrekjeks-1024x671.jpg 1024w, https:\/\/mills.no\/content\/uploads\/sites\/3\/2017\/12\/Glutenfrie-havrekjeks-768x503.jpg 768w, https:\/\/mills.no\/content\/uploads\/sites\/3\/2017\/12\/Glutenfrie-havrekjeks-1536x1006.jpg 1536w, https:\/\/mills.no\/content\/uploads\/sites\/3\/2017\/12\/Glutenfrie-havrekjeks-80x52.jpg 80w\" sizes=\"auto, (max-width: 1600px) 100vw, 1600px\" \/><\/figure><div class=\"wp-block-media-text__content\">\n<div class=\"wp-block-group is-layout-flow wp-block-group-is-layout-flow\">\n<h2 class=\"wp-block-heading\" id=\"h-syv-glutenfrie-julekaker\">Syv glutenfrie julekaker<\/h2>\n\n\n\n<p class=\"has-text-align-left\">Baking h\u00f8rer julen til og er en hyggelig aktivitet man kan gj\u00f8re i f\u00f8rjulstiden med venner og familie. Her finner du oppskrifter p\u00e5 syv glutenfrie julekaker som passer om du har glutenallergi, eller om du bare har lyst p\u00e5 noe godt.<\/p>\n\n\n\n<div class=\"wp-block-button\"><a class=\"wp-block-button__link\" href=\"https:\/\/mills.no\/melange\/?post_type=post&amp;p=1438\">Se de syv oppskriftene her<\/a><\/div>\n<\/div>\n<\/div><\/div>\n\n\n\n<div class=\"wp-block-media-text alignwide has-media-on-the-right is-stacked-on-mobile is-image-fill has-neutral-1000-color has-neutral-0-background-color has-text-color has-background\"><figure class=\"wp-block-media-text__media\" style=\"background-image:url(https:\/\/mills.no\/content\/uploads\/sites\/3\/2017\/11\/Sjakkruter.jpg);background-position:50% 50%\"><img loading=\"lazy\" decoding=\"async\" width=\"1600\" height=\"1067\" src=\"https:\/\/mills.no\/content\/uploads\/sites\/3\/2017\/11\/Sjakkruter.jpg\" alt=\"\" class=\"wp-image-1425 size-full\" srcset=\"https:\/\/mills.no\/content\/uploads\/sites\/3\/2017\/11\/Sjakkruter.jpg 1600w, https:\/\/mills.no\/content\/uploads\/sites\/3\/2017\/11\/Sjakkruter-300x200.jpg 300w, https:\/\/mills.no\/content\/uploads\/sites\/3\/2017\/11\/Sjakkruter-1024x683.jpg 1024w, https:\/\/mills.no\/content\/uploads\/sites\/3\/2017\/11\/Sjakkruter-768x512.jpg 768w, https:\/\/mills.no\/content\/uploads\/sites\/3\/2017\/11\/Sjakkruter-1536x1024.jpg 1536w, https:\/\/mills.no\/content\/uploads\/sites\/3\/2017\/11\/Sjakkruter-80x53.jpg 80w\" sizes=\"auto, (max-width: 1600px) 100vw, 1600px\" \/><\/figure><div class=\"wp-block-media-text__content\">\n<div class=\"wp-block-group is-layout-flow wp-block-group-is-layout-flow\">\n<h2 class=\"wp-block-heading\" id=\"h-julekaker-du-kan-bake-uten-egg\">Julekaker du kan bake uten egg<\/h2>\n\n\n\n<p class=\"has-text-align-left\">Allergier trenger heldigvis ikke \u00e5 st\u00e5 i veien for gode smaksopplevelser i julen. Det finnes nemlig en rekke julekaker som kan bakes uten egg. Her f\u00e5r du en komplett oversikt over eggefrie julekaker som kan nytes av alle.<\/p>\n\n\n\n<div class=\"wp-block-button\"><a class=\"wp-block-button__link\" href=\"https:\/\/mills.no\/melange\/?post_type=post&amp;p=1424\">Se alle oppskriftene<\/a><\/div>\n<\/div>\n<\/div><\/div>\n\n\n\n\t\t<div class=\"has-background has-neutral-50-background-color is-style-vertical-spacing is-style-horizontal-spacing alignwide wp-block-mills-section has-background has-neutral-50-background-color\">\n\t\t\t<div class=\"wp-block-mills-section__inner alignwide\">\n\t\t\t\t\n\n<h2 class=\"has-text-align-center aligncenter wp-block-heading\" id=\"h-relatert-innhold\">Relatert innhold<\/h2>\n\n\n<div class=\"t2-featured-content-layout alignwide alignwide wp-block-t2-featured-content-layout\" role=\"list\">\n<div class=\"t2-featured-single-post t2-featured-content is-post-type-post category-jul category-melange wp-block-t2-featured-single-post\" role=\"listitem\"><a class=\"t2-post-link wp-block-t2-post-link\" href=\"https:\/\/mills.no\/melange\/spiselige-julegaver\/\">\n<figure style=\"--t2-focal-point: 50% 50%;\" class=\"t2-post-featured-image has-image-ratio-16-9 wp-block-t2-post-featured-image\"><img loading=\"lazy\" decoding=\"async\" width=\"1600\" height=\"1067\" src=\"https:\/\/mills.no\/content\/uploads\/sites\/3\/2017\/11\/Julekonfekten.jpg\" class=\"attachment-medium-large size-medium-large wp-post-image\" alt=\"Julekonfekten - spiselige julegaver. Foto.\" srcset=\"https:\/\/mills.no\/content\/uploads\/sites\/3\/2017\/11\/Julekonfekten.jpg 1600w, https:\/\/mills.no\/content\/uploads\/sites\/3\/2017\/11\/Julekonfekten-300x200.jpg 300w, https:\/\/mills.no\/content\/uploads\/sites\/3\/2017\/11\/Julekonfekten-1024x683.jpg 1024w, https:\/\/mills.no\/content\/uploads\/sites\/3\/2017\/11\/Julekonfekten-768x512.jpg 768w, https:\/\/mills.no\/content\/uploads\/sites\/3\/2017\/11\/Julekonfekten-1536x1024.jpg 1536w, https:\/\/mills.no\/content\/uploads\/sites\/3\/2017\/11\/Julekonfekten-80x53.jpg 80w\" sizes=\"auto, (max-width: 1600px) 100vw, 1600px\" \/><\/figure>\n\n<div class=\"wp-block-group alignfull is-layout-flow wp-block-group-is-layout-flow\">\n\t<h2 class=\"t2-post-title wp-block-t2-post-title\">Spiselige julegaver<\/h2>\n\t<div class=\"t2-post-excerpt wp-block-t2-post-excerpt\"><p>Spiselige julegaver er morsomt og koselig \u00e5 b\u00e5de lage og \u00e5 f\u00e5. Det finnes mange ulike gaver og vanskelighetsniv\u00e5er man&hellip;<\/p><\/div>\n\t\n\t<p class=\"wp-block-buttons is-content-justification-center\"><span class=\"wp-block-button is-style-arrow-right\"><span class=\"wp-block-button__link\">Mer om<\/span><\/span><\/p>\n\t\n<\/div>\n\n<\/a>\n<\/div>\n\n<div class=\"t2-featured-single-post t2-featured-content is-post-type-page wp-block-t2-featured-single-post\" role=\"listitem\"><a class=\"t2-post-link wp-block-t2-post-link\" href=\"https:\/\/mills.no\/melange\/jul\/\">\n<figure style=\"--t2-focal-point: 50% 50%;\" class=\"t2-post-featured-image has-image-ratio-16-9 wp-block-t2-post-featured-image\"><img loading=\"lazy\" decoding=\"async\" width=\"1600\" height=\"1067\" src=\"https:\/\/mills.no\/content\/uploads\/sites\/3\/2017\/11\/Pepperkaker_pack.jpg\" class=\"attachment-medium-large size-medium-large wp-post-image\" alt=\"Pepperkakestjerner og Melange\" srcset=\"https:\/\/mills.no\/content\/uploads\/sites\/3\/2017\/11\/Pepperkaker_pack.jpg 1600w, https:\/\/mills.no\/content\/uploads\/sites\/3\/2017\/11\/Pepperkaker_pack-300x200.jpg 300w, https:\/\/mills.no\/content\/uploads\/sites\/3\/2017\/11\/Pepperkaker_pack-1024x683.jpg 1024w, https:\/\/mills.no\/content\/uploads\/sites\/3\/2017\/11\/Pepperkaker_pack-768x512.jpg 768w, https:\/\/mills.no\/content\/uploads\/sites\/3\/2017\/11\/Pepperkaker_pack-1536x1024.jpg 1536w, https:\/\/mills.no\/content\/uploads\/sites\/3\/2017\/11\/Pepperkaker_pack-80x53.jpg 80w\" sizes=\"auto, (max-width: 1600px) 100vw, 1600px\" \/><\/figure>\n\n<div class=\"wp-block-group alignfull is-layout-flow wp-block-group-is-layout-flow\">\n\t<h2 class=\"t2-post-title wp-block-t2-post-title\">Oppskrifter og tips til jul<\/h2>\n\t<div class=\"t2-post-excerpt wp-block-t2-post-excerpt\"><p>Forventningspresset i jula kan v\u00e6re h\u00f8yt, og det er lett \u00e5 miste den gode julef\u00f8lelsen i alle forberedelsene. Med litt&hellip;<\/p><\/div>\n\t\n\t<p class=\"wp-block-buttons is-content-justification-center\"><span class=\"wp-block-button is-style-arrow-right\"><span class=\"wp-block-button__link\">Mer om<\/span><\/span><\/p>\n\t\n<\/div>\n\n<\/a>\n<\/div>\n\n<div class=\"t2-featured-single-post t2-featured-content is-post-type-page wp-block-t2-featured-single-post\" role=\"listitem\"><a class=\"t2-post-link wp-block-t2-post-link\" href=\"https:\/\/mills.no\/melange\/julekaker\/\">\n<figure style=\"--t2-focal-point: 50% 50%;\" class=\"t2-post-featured-image has-image-ratio-16-9 wp-block-t2-post-featured-image\"><img loading=\"lazy\" decoding=\"async\" width=\"1600\" height=\"785\" src=\"https:\/\/mills.no\/content\/uploads\/sites\/3\/2016\/11\/Julekaker.jpg\" class=\"attachment-medium-large size-medium-large wp-post-image\" alt=\"Samlebilde med forskjellige julekaker.\" srcset=\"https:\/\/mills.no\/content\/uploads\/sites\/3\/2016\/11\/Julekaker.jpg 1600w, https:\/\/mills.no\/content\/uploads\/sites\/3\/2016\/11\/Julekaker-300x147.jpg 300w, https:\/\/mills.no\/content\/uploads\/sites\/3\/2016\/11\/Julekaker-1024x502.jpg 1024w, https:\/\/mills.no\/content\/uploads\/sites\/3\/2016\/11\/Julekaker-768x377.jpg 768w, https:\/\/mills.no\/content\/uploads\/sites\/3\/2016\/11\/Julekaker-1536x754.jpg 1536w, https:\/\/mills.no\/content\/uploads\/sites\/3\/2016\/11\/Julekaker-80x39.jpg 80w\" sizes=\"auto, (max-width: 1600px) 100vw, 1600px\" \/><\/figure>\n\n<div class=\"wp-block-group alignfull is-layout-flow wp-block-group-is-layout-flow\">\n\t<h2 class=\"t2-post-title wp-block-t2-post-title\">Julekaker<\/h2>\n\t<div class=\"t2-post-excerpt wp-block-t2-post-excerpt\"><p>Her har vi samlet over 90 oppskrifter p\u00e5 klassikere og nye julekaker som gir deg smaken av jul. Vi h\u00e5per&hellip;<\/p><\/div>\n\t\n\t<p class=\"wp-block-buttons is-content-justification-center\"><span class=\"wp-block-button is-style-arrow-right\"><span class=\"wp-block-button__link\">Mer om<\/span><\/span><\/p>\n\t\n<\/div>\n\n<\/a>\n<\/div>\n<\/div>\n\n\t\t\t<\/div>\n\t\t<\/div>","protected":false},"excerpt":{"rendered":"<p>Baking h\u00f8rer julen til og er en hyggelig aktivitet man kan gj\u00f8re i f\u00f8rjulstiden med venner og familie. Her finner&hellip;<\/p>\n","protected":false},"author":3,"featured_media":1423,"comment_status":"closed","ping_status":"closed","sticky":false,"template":"","format":"standard","meta":{"_searchwp_excluded":"","footnotes":""},"categories":[91,89],"tags":[],"class_list":["post-1422","post","type-post","status-publish","format-standard","has-post-thumbnail","hentry","category-jul","category-melange"],"yoast_head":"<!-- This site is optimized with the Yoast SEO Premium plugin v26.9 (Yoast SEO v26.9) - https:\/\/yoast.com\/product\/yoast-seo-premium-wordpress\/ -->\n<title>Allergivennlige julekaker | Julekaker fra Melange<\/title>\n<meta name=\"description\" content=\"Her finner du oppskrifter p\u00e5 glutenfrie og eggefrie julekaker som passer om du har allergi, eller bare har lyst p\u00e5 noe godt.\" \/>\n<meta name=\"robots\" content=\"index, follow, max-snippet:-1, max-image-preview:large, max-video-preview:-1\" \/>\n<link rel=\"canonical\" href=\"https:\/\/mills.no\/melange\/allergivennlige-julekaker\/\" \/>\n<meta property=\"og:locale\" content=\"nb_NO\" \/>\n<meta property=\"og:type\" content=\"article\" \/>\n<meta property=\"og:title\" content=\"Allergivennlige julekaker\" \/>\n<meta property=\"og:description\" content=\"Her finner du oppskrifter p\u00e5 glutenfrie og eggefrie julekaker som passer om du har allergi, eller bare har lyst p\u00e5 noe godt.\" \/>\n<meta property=\"og:url\" content=\"https:\/\/mills.no\/melange\/allergivennlige-julekaker\/\" \/>\n<meta property=\"og:site_name\" content=\"Melange\" \/>\n<meta property=\"article:published_time\" content=\"2017-11-21T16:20:50+00:00\" \/>\n<meta property=\"article:modified_time\" content=\"2024-02-07T08:15:50+00:00\" \/>\n<meta property=\"og:image\" content=\"https:\/\/mills.no\/content\/uploads\/sites\/3\/2017\/11\/Sarah-Bernhard-bit.jpg\" \/>\n\t<meta property=\"og:image:width\" content=\"1600\" \/>\n\t<meta property=\"og:image:height\" content=\"1067\" \/>\n\t<meta property=\"og:image:type\" content=\"image\/jpeg\" \/>\n<meta name=\"author\" content=\"Line\" \/>\n<meta name=\"twitter:card\" content=\"summary_large_image\" \/>\n<meta name=\"twitter:label1\" content=\"Skrevet av\" \/>\n\t<meta name=\"twitter:data1\" content=\"Line\" \/>\n\t<meta name=\"twitter:label2\" content=\"Ansl. lesetid\" \/>\n\t<meta name=\"twitter:data2\" content=\"1 minutt\" \/>\n<script type=\"application\/ld+json\" class=\"yoast-schema-graph\">{\"@context\":\"https:\/\/schema.org\",\"@graph\":[{\"@type\":\"Article\",\"@id\":\"https:\/\/mills.no\/melange\/allergivennlige-julekaker\/#article\",\"isPartOf\":{\"@id\":\"https:\/\/mills.no\/melange\/allergivennlige-julekaker\/\"},\"author\":{\"name\":\"Line\",\"@id\":\"https:\/\/mills.no\/melange\/#\/schema\/person\/573554727374459b23d558036d1751e8\"},\"headline\":\"Allergivennlige julekaker\",\"datePublished\":\"2017-11-21T16:20:50+00:00\",\"dateModified\":\"2024-02-07T08:15:50+00:00\",\"mainEntityOfPage\":{\"@id\":\"https:\/\/mills.no\/melange\/allergivennlige-julekaker\/\"},\"wordCount\":103,\"publisher\":{\"@id\":\"https:\/\/mills.no\/melange\/#organization\"},\"image\":{\"@id\":\"https:\/\/mills.no\/melange\/allergivennlige-julekaker\/#primaryimage\"},\"thumbnailUrl\":\"https:\/\/mills.no\/content\/uploads\/sites\/3\/2017\/11\/Sarah-Bernhard-bit.jpg\",\"articleSection\":[\"Jul\",\"Melange\"],\"inLanguage\":\"nb-NO\"},{\"@type\":\"WebPage\",\"@id\":\"https:\/\/mills.no\/melange\/allergivennlige-julekaker\/\",\"url\":\"https:\/\/mills.no\/melange\/allergivennlige-julekaker\/\",\"name\":\"Allergivennlige julekaker | Julekaker fra Melange\",\"isPartOf\":{\"@id\":\"https:\/\/mills.no\/melange\/#website\"},\"primaryImageOfPage\":{\"@id\":\"https:\/\/mills.no\/melange\/allergivennlige-julekaker\/#primaryimage\"},\"image\":{\"@id\":\"https:\/\/mills.no\/melange\/allergivennlige-julekaker\/#primaryimage\"},\"thumbnailUrl\":\"https:\/\/mills.no\/content\/uploads\/sites\/3\/2017\/11\/Sarah-Bernhard-bit.jpg\",\"datePublished\":\"2017-11-21T16:20:50+00:00\",\"dateModified\":\"2024-02-07T08:15:50+00:00\",\"description\":\"Her finner du oppskrifter p\u00e5 glutenfrie og eggefrie julekaker som passer om du har allergi, eller bare har lyst p\u00e5 noe godt.\",\"breadcrumb\":{\"@id\":\"https:\/\/mills.no\/melange\/allergivennlige-julekaker\/#breadcrumb\"},\"inLanguage\":\"nb-NO\",\"potentialAction\":[{\"@type\":\"ReadAction\",\"target\":[\"https:\/\/mills.no\/melange\/allergivennlige-julekaker\/\"]}]},{\"@type\":\"ImageObject\",\"inLanguage\":\"nb-NO\",\"@id\":\"https:\/\/mills.no\/melange\/allergivennlige-julekaker\/#primaryimage\",\"url\":\"https:\/\/mills.no\/content\/uploads\/sites\/3\/2017\/11\/Sarah-Bernhard-bit.jpg\",\"contentUrl\":\"https:\/\/mills.no\/content\/uploads\/sites\/3\/2017\/11\/Sarah-Bernhard-bit.jpg\",\"width\":1600,\"height\":1067,\"caption\":\"Sarah Bernhard. Foto.\"},{\"@type\":\"BreadcrumbList\",\"@id\":\"https:\/\/mills.no\/melange\/allergivennlige-julekaker\/#breadcrumb\",\"itemListElement\":[{\"@type\":\"ListItem\",\"position\":1,\"name\":\"Home\",\"item\":\"https:\/\/mills.no\/melange\/\"},{\"@type\":\"ListItem\",\"position\":2,\"name\":\"Allergivennlige julekaker\"}]},{\"@type\":\"WebSite\",\"@id\":\"https:\/\/mills.no\/melange\/#website\",\"url\":\"https:\/\/mills.no\/melange\/\",\"name\":\"Melange\",\"description\":\"Litt lettere \u00e5 lykkes\",\"publisher\":{\"@id\":\"https:\/\/mills.no\/melange\/#organization\"},\"potentialAction\":[{\"@type\":\"SearchAction\",\"target\":{\"@type\":\"EntryPoint\",\"urlTemplate\":\"https:\/\/mills.no\/melange\/?s={search_term_string}\"},\"query-input\":{\"@type\":\"PropertyValueSpecification\",\"valueRequired\":true,\"valueName\":\"search_term_string\"}}],\"inLanguage\":\"nb-NO\"},{\"@type\":\"Organization\",\"@id\":\"https:\/\/mills.no\/melange\/#organization\",\"name\":\"Melange\",\"url\":\"https:\/\/mills.no\/melange\/\",\"logo\":{\"@type\":\"ImageObject\",\"inLanguage\":\"nb-NO\",\"@id\":\"https:\/\/mills.no\/melange\/#\/schema\/logo\/image\/\",\"url\":\"https:\/\/mills.no\/content\/uploads\/sites\/3\/2021\/11\/logo-melange.svg\",\"contentUrl\":\"https:\/\/mills.no\/content\/uploads\/sites\/3\/2021\/11\/logo-melange.svg\",\"caption\":\"Melange\"},\"image\":{\"@id\":\"https:\/\/mills.no\/melange\/#\/schema\/logo\/image\/\"}},{\"@type\":\"Person\",\"@id\":\"https:\/\/mills.no\/melange\/#\/schema\/person\/573554727374459b23d558036d1751e8\",\"name\":\"Line\",\"image\":{\"@type\":\"ImageObject\",\"inLanguage\":\"nb-NO\",\"@id\":\"https:\/\/mills.no\/melange\/#\/schema\/person\/image\/\",\"url\":\"https:\/\/secure.gravatar.com\/avatar\/9976bfd118d0d0c1e79280cd2365d14469e090625210412f4df6ade6a4b31835?s=96&d=mm&r=g\",\"contentUrl\":\"https:\/\/secure.gravatar.com\/avatar\/9976bfd118d0d0c1e79280cd2365d14469e090625210412f4df6ade6a4b31835?s=96&d=mm&r=g\",\"caption\":\"Line\"},\"url\":\"https:\/\/mills.no\/melange\/author\/line\/\"}]}<\/script>\n<!-- \/ Yoast SEO Premium plugin. -->","yoast_head_json":{"title":"Allergivennlige julekaker | Julekaker fra Melange","description":"Her finner du oppskrifter p\u00e5 glutenfrie og eggefrie julekaker som passer om du har allergi, eller bare har lyst p\u00e5 noe godt.","robots":{"index":"index","follow":"follow","max-snippet":"max-snippet:-1","max-image-preview":"max-image-preview:large","max-video-preview":"max-video-preview:-1"},"canonical":"https:\/\/mills.no\/melange\/allergivennlige-julekaker\/","og_locale":"nb_NO","og_type":"article","og_title":"Allergivennlige julekaker","og_description":"Her finner du oppskrifter p\u00e5 glutenfrie og eggefrie julekaker som passer om du har allergi, eller bare har lyst p\u00e5 noe godt.","og_url":"https:\/\/mills.no\/melange\/allergivennlige-julekaker\/","og_site_name":"Melange","article_published_time":"2017-11-21T16:20:50+00:00","article_modified_time":"2024-02-07T08:15:50+00:00","og_image":[{"width":1600,"height":1067,"url":"https:\/\/mills.no\/content\/uploads\/sites\/3\/2017\/11\/Sarah-Bernhard-bit.jpg","type":"image\/jpeg"}],"author":"Line","twitter_card":"summary_large_image","twitter_misc":{"Skrevet av":"Line","Ansl. lesetid":"1 minutt"},"schema":{"@context":"https:\/\/schema.org","@graph":[{"@type":"Article","@id":"https:\/\/mills.no\/melange\/allergivennlige-julekaker\/#article","isPartOf":{"@id":"https:\/\/mills.no\/melange\/allergivennlige-julekaker\/"},"author":{"name":"Line","@id":"https:\/\/mills.no\/melange\/#\/schema\/person\/573554727374459b23d558036d1751e8"},"headline":"Allergivennlige julekaker","datePublished":"2017-11-21T16:20:50+00:00","dateModified":"2024-02-07T08:15:50+00:00","mainEntityOfPage":{"@id":"https:\/\/mills.no\/melange\/allergivennlige-julekaker\/"},"wordCount":103,"publisher":{"@id":"https:\/\/mills.no\/melange\/#organization"},"image":{"@id":"https:\/\/mills.no\/melange\/allergivennlige-julekaker\/#primaryimage"},"thumbnailUrl":"https:\/\/mills.no\/content\/uploads\/sites\/3\/2017\/11\/Sarah-Bernhard-bit.jpg","articleSection":["Jul","Melange"],"inLanguage":"nb-NO"},{"@type":"WebPage","@id":"https:\/\/mills.no\/melange\/allergivennlige-julekaker\/","url":"https:\/\/mills.no\/melange\/allergivennlige-julekaker\/","name":"Allergivennlige julekaker | Julekaker fra Melange","isPartOf":{"@id":"https:\/\/mills.no\/melange\/#website"},"primaryImageOfPage":{"@id":"https:\/\/mills.no\/melange\/allergivennlige-julekaker\/#primaryimage"},"image":{"@id":"https:\/\/mills.no\/melange\/allergivennlige-julekaker\/#primaryimage"},"thumbnailUrl":"https:\/\/mills.no\/content\/uploads\/sites\/3\/2017\/11\/Sarah-Bernhard-bit.jpg","datePublished":"2017-11-21T16:20:50+00:00","dateModified":"2024-02-07T08:15:50+00:00","description":"Her finner du oppskrifter p\u00e5 glutenfrie og eggefrie julekaker som passer om du har allergi, eller bare har lyst p\u00e5 noe godt.","breadcrumb":{"@id":"https:\/\/mills.no\/melange\/allergivennlige-julekaker\/#breadcrumb"},"inLanguage":"nb-NO","potentialAction":[{"@type":"ReadAction","target":["https:\/\/mills.no\/melange\/allergivennlige-julekaker\/"]}]},{"@type":"ImageObject","inLanguage":"nb-NO","@id":"https:\/\/mills.no\/melange\/allergivennlige-julekaker\/#primaryimage","url":"https:\/\/mills.no\/content\/uploads\/sites\/3\/2017\/11\/Sarah-Bernhard-bit.jpg","contentUrl":"https:\/\/mills.no\/content\/uploads\/sites\/3\/2017\/11\/Sarah-Bernhard-bit.jpg","width":1600,"height":1067,"caption":"Sarah Bernhard. Foto."},{"@type":"BreadcrumbList","@id":"https:\/\/mills.no\/melange\/allergivennlige-julekaker\/#breadcrumb","itemListElement":[{"@type":"ListItem","position":1,"name":"Home","item":"https:\/\/mills.no\/melange\/"},{"@type":"ListItem","position":2,"name":"Allergivennlige julekaker"}]},{"@type":"WebSite","@id":"https:\/\/mills.no\/melange\/#website","url":"https:\/\/mills.no\/melange\/","name":"Melange","description":"Litt lettere \u00e5 lykkes","publisher":{"@id":"https:\/\/mills.no\/melange\/#organization"},"potentialAction":[{"@type":"SearchAction","target":{"@type":"EntryPoint","urlTemplate":"https:\/\/mills.no\/melange\/?s={search_term_string}"},"query-input":{"@type":"PropertyValueSpecification","valueRequired":true,"valueName":"search_term_string"}}],"inLanguage":"nb-NO"},{"@type":"Organization","@id":"https:\/\/mills.no\/melange\/#organization","name":"Melange","url":"https:\/\/mills.no\/melange\/","logo":{"@type":"ImageObject","inLanguage":"nb-NO","@id":"https:\/\/mills.no\/melange\/#\/schema\/logo\/image\/","url":"https:\/\/mills.no\/content\/uploads\/sites\/3\/2021\/11\/logo-melange.svg","contentUrl":"https:\/\/mills.no\/content\/uploads\/sites\/3\/2021\/11\/logo-melange.svg","caption":"Melange"},"image":{"@id":"https:\/\/mills.no\/melange\/#\/schema\/logo\/image\/"}},{"@type":"Person","@id":"https:\/\/mills.no\/melange\/#\/schema\/person\/573554727374459b23d558036d1751e8","name":"Line","image":{"@type":"ImageObject","inLanguage":"nb-NO","@id":"https:\/\/mills.no\/melange\/#\/schema\/person\/image\/","url":"https:\/\/secure.gravatar.com\/avatar\/9976bfd118d0d0c1e79280cd2365d14469e090625210412f4df6ade6a4b31835?s=96&d=mm&r=g","contentUrl":"https:\/\/secure.gravatar.com\/avatar\/9976bfd118d0d0c1e79280cd2365d14469e090625210412f4df6ade6a4b31835?s=96&d=mm&r=g","caption":"Line"},"url":"https:\/\/mills.no\/melange\/author\/line\/"}]}},"_links":{"self":[{"href":"https:\/\/mills.no\/melange\/wp-json\/wp\/v2\/posts\/1422","targetHints":{"allow":["GET"]}}],"collection":[{"href":"https:\/\/mills.no\/melange\/wp-json\/wp\/v2\/posts"}],"about":[{"href":"https:\/\/mills.no\/melange\/wp-json\/wp\/v2\/types\/post"}],"author":[{"embeddable":true,"href":"https:\/\/mills.no\/melange\/wp-json\/wp\/v2\/users\/3"}],"replies":[{"embeddable":true,"href":"https:\/\/mills.no\/melange\/wp-json\/wp\/v2\/comments?post=1422"}],"version-history":[{"count":11,"href":"https:\/\/mills.no\/melange\/wp-json\/wp\/v2\/posts\/1422\/revisions"}],"predecessor-version":[{"id":4314,"href":"https:\/\/mills.no\/melange\/wp-json\/wp\/v2\/posts\/1422\/revisions\/4314"}],"wp:featuredmedia":[{"embeddable":true,"href":"https:\/\/mills.no\/melange\/wp-json\/wp\/v2\/media\/1423"}],"wp:attachment":[{"href":"https:\/\/mills.no\/melange\/wp-json\/wp\/v2\/media?parent=1422"}],"wp:term":[{"taxonomy":"category","embeddable":true,"href":"https:\/\/mills.no\/melange\/wp-json\/wp\/v2\/categories?post=1422"},{"taxonomy":"post_tag","embeddable":true,"href":"https:\/\/mills.no\/melange\/wp-json\/wp\/v2\/tags?post=1422"}],"curies":[{"name":"wp","href":"https:\/\/api.w.org\/{rel}","templated":true}]}}