{"id":528,"date":"2019-11-20T08:11:18","date_gmt":"2019-11-20T07:11:18","guid":{"rendered":"https:\/\/mills.no\/mills\/den-store-waldorfsalat-guiden\/"},"modified":"2024-02-07T09:15:31","modified_gmt":"2024-02-07T08:15:31","slug":"den-store-waldorfsalat-guiden","status":"publish","type":"post","link":"https:\/\/mills.no\/mills\/den-store-waldorfsalat-guiden\/","title":{"rendered":"Den store waldorfsalat-guiden"},"content":{"rendered":"<div class=\"mills-block-featured alignwide alignwide wp-block-mills-block-featured\"><img loading=\"lazy\" decoding=\"async\" width=\"1200\" height=\"628\" style=\"width:100%;height:100%;object-fit:cover\" src=\"https:\/\/mills.no\/content\/uploads\/sites\/2\/2019\/11\/Waldorf-FB.jpg\" class=\"wp-block-cover__image-background\" alt=\"Waldorfsalat\" srcset=\"https:\/\/mills.no\/content\/uploads\/sites\/2\/2019\/11\/Waldorf-FB.jpg 1200w, https:\/\/mills.no\/content\/uploads\/sites\/2\/2019\/11\/Waldorf-FB-300x157.jpg 300w, https:\/\/mills.no\/content\/uploads\/sites\/2\/2019\/11\/Waldorf-FB-1024x536.jpg 1024w, https:\/\/mills.no\/content\/uploads\/sites\/2\/2019\/11\/Waldorf-FB-768x402.jpg 768w, https:\/\/mills.no\/content\/uploads\/sites\/2\/2019\/11\/Waldorf-FB-80x42.jpg 80w\" sizes=\"auto, (max-width: 1200px) 100vw, 1200px\" \/><div class=\"wp-block-cover__inner-container\">\n<h1 class=\"has-text-align-center wp-block-post-title has-text-color has-neutral-1000-color\">Den store waldorfsalat-guiden<\/h1>\n\n<p class=\"t2-ingress has-text-align-center align wp-block-t2-ingress\">Det er liten tvil om at waldorfsalaten har blitt et fast tilbeh\u00f8r p\u00e5 mange norske koldtbord, s\u00e6rlig i tiden rundt jul og nytt\u00e5r. Varianten som de fleste nyter i dag er likevel et stykke unna originalen fra 1893. Det var da hovmester Oscar Tschirky p\u00e5 Waldorf Hotel i New York kom opp med ideen p\u00e5 en meget enkel og smakfull salat, som senere skulle bli kjent som waldorfsalat verden over. Her f\u00e5r du oppskrift p\u00e5 fem ulike varianter av den kjente og kj\u00e6re waldorfsalaten og tips til hva du kan bytte de enkelte ingrediensene med om du \u00f8nsker det. <\/p>\n\n<div class=\"has-text-align-center mills-published-date wp-block-post-date has-text-color has-neutral-1000-color\"><time datetime=\"2019-11-20T08:11:18+01:00\">20. november 2019<\/time><\/div>\n<\/div><\/div>\n\n\n<div class=\"wp-block-media-text alignwide has-media-on-the-right is-stacked-on-mobile is-image-fill has-neutral-1000-color has-neutral-0-background-color has-text-color has-background\"><figure class=\"wp-block-media-text__media\" style=\"background-image:url(https:\/\/mills.no\/content\/uploads\/sites\/2\/2022\/01\/Waldorfsalat1.jpg);background-position:50% 50%\"><img loading=\"lazy\" decoding=\"async\" width=\"1600\" height=\"1067\" src=\"https:\/\/mills.no\/content\/uploads\/sites\/2\/2022\/01\/Waldorfsalat1.jpg\" alt=\"\" class=\"wp-image-719 size-full\" srcset=\"https:\/\/mills.no\/content\/uploads\/sites\/2\/2022\/01\/Waldorfsalat1.jpg 1600w, https:\/\/mills.no\/content\/uploads\/sites\/2\/2022\/01\/Waldorfsalat1-300x200.jpg 300w, https:\/\/mills.no\/content\/uploads\/sites\/2\/2022\/01\/Waldorfsalat1-1024x683.jpg 1024w, https:\/\/mills.no\/content\/uploads\/sites\/2\/2022\/01\/Waldorfsalat1-768x512.jpg 768w, https:\/\/mills.no\/content\/uploads\/sites\/2\/2022\/01\/Waldorfsalat1-1536x1024.jpg 1536w, https:\/\/mills.no\/content\/uploads\/sites\/2\/2022\/01\/Waldorfsalat1-80x53.jpg 80w\" sizes=\"auto, (max-width: 1600px) 100vw, 1600px\" \/><\/figure><div class=\"wp-block-media-text__content\">\n<h2 class=\"wp-block-heading\" id=\"h-oppskrift-pa-klassisk-waldorfsalat\">Oppskrift p\u00e5 klassisk waldorfsalat<\/h2>\n\n\n\n<div class=\"wp-block-group is-layout-flow wp-block-group-is-layout-flow\">\n<p class=\"has-text-align-left\">Waldorfsalaten som oftest finnes p\u00e5 norske koldtbord best\u00e5r av epler, ananas, stangselleri, druer, valn\u00f8tter, kremfl\u00f8te og majones.<\/p>\n\n\n\n<p class=\"has-text-align-left\"><strong>Tid:<\/strong> 20 min<br> <strong>Porsjoner:<\/strong> 4<\/p>\n\n\n\n<div class=\"wp-block-button\"><a class=\"wp-block-button__link\" href=\"https:\/\/mills.no\/mills\/oppskrift\/hjemmelaget-waldorfsalat\/\">F\u00e5 oppskriften her <\/a><\/div>\n<\/div>\n<\/div><\/div>\n\n\n\n<div class=\"wp-block-media-text alignwide is-stacked-on-mobile is-image-fill has-neutral-1000-color has-neutral-0-background-color has-text-color has-background\"><figure class=\"wp-block-media-text__media\" style=\"background-image:url(https:\/\/mills.no\/content\/uploads\/sites\/2\/2022\/01\/Waldorfsalat.gif);background-position:50% 50%\"><img loading=\"lazy\" decoding=\"async\" width=\"1200\" height=\"800\" src=\"https:\/\/mills.no\/content\/uploads\/sites\/2\/2022\/01\/Waldorfsalat.gif\" alt=\"\" class=\"wp-image-720 size-full\"\/><\/figure><div class=\"wp-block-media-text__content\">\n<h2 class=\"wp-block-heading\" id=\"h-byttetips\">Byttetips<\/h2>\n\n\n\n<div class=\"wp-block-group is-layout-flow wp-block-group-is-layout-flow\">\n<p class=\"has-text-align-left\"><strong>Stangselleri: <\/strong>Kan for eksempel byttes med en annen aromatisk r\u00e5vare, som fennikel. \u00d8nsker du en mildere smak kan den ogs\u00e5 erstattes av finstrimlet hodek\u00e5l.<\/p>\n\n\n\n<p class=\"has-text-align-left\"><strong>Epler: <\/strong>Ved \u00e5 bytte ut eplene med p\u00e6rer f\u00e5r du en litt s\u00f8tere salat. Ved epleallergi kan man ogs\u00e5 sl\u00f8yfe eplene helt og for eksempel erstatte med hodek\u00e5l eller \u00f8ke mengden av de \u00f8vrige ingrediensene.<\/p>\n\n\n\n<p class=\"has-text-align-left\"><strong>Druer og ananas<\/strong>: har du mange klementiner p\u00e5 lur i f\u00f8rjulstiden, er det ypperlig \u00e5 erstatte druene med klementiner. Du kan ogs\u00e5 bytte ut ananasen med kiwi eller bare \u00f8ke mengden druer. Merk at de bl\u00e5 druene gjerne er litt s\u00f8tere enn de gr\u00f8nne. \u00d8nsker du en syrligere salat kan du gjerne velge gr\u00f8nne druer.<\/p>\n\n\n\n<p class=\"has-text-align-left\"><strong>Valn\u00f8tter<\/strong>: Valn\u00f8ttene kan du erstatte med mandler eller pekann\u00f8tter. Mange liker ikke den bitre smaken som ofte f\u00f8lger valn\u00f8ttene. Det meste av denne bitre smaken ligger i den tynne brune hinnen, s\u00e5 en annen mulighet er \u00e5 velge valn\u00f8ttkjerner der hinnen er fjernet.<\/p>\n<\/div>\n<\/div><\/div>\n\n\n\n<div class=\"wp-block-media-text alignwide has-media-on-the-right is-stacked-on-mobile is-image-fill has-neutral-1000-color has-neutral-0-background-color has-text-color has-background\"><figure class=\"wp-block-media-text__media\" style=\"background-image:url(https:\/\/mills.no\/content\/uploads\/sites\/2\/2022\/01\/Waldorfsalat-originalen_ny_.jpg);background-position:50% 50%\"><img loading=\"lazy\" decoding=\"async\" width=\"1600\" height=\"1067\" src=\"https:\/\/mills.no\/content\/uploads\/sites\/2\/2022\/01\/Waldorfsalat-originalen_ny_.jpg\" alt=\"\" class=\"wp-image-721 size-full\" srcset=\"https:\/\/mills.no\/content\/uploads\/sites\/2\/2022\/01\/Waldorfsalat-originalen_ny_.jpg 1600w, https:\/\/mills.no\/content\/uploads\/sites\/2\/2022\/01\/Waldorfsalat-originalen_ny_-300x200.jpg 300w, https:\/\/mills.no\/content\/uploads\/sites\/2\/2022\/01\/Waldorfsalat-originalen_ny_-1024x683.jpg 1024w, https:\/\/mills.no\/content\/uploads\/sites\/2\/2022\/01\/Waldorfsalat-originalen_ny_-768x512.jpg 768w, https:\/\/mills.no\/content\/uploads\/sites\/2\/2022\/01\/Waldorfsalat-originalen_ny_-1536x1024.jpg 1536w, https:\/\/mills.no\/content\/uploads\/sites\/2\/2022\/01\/Waldorfsalat-originalen_ny_-80x53.jpg 80w\" sizes=\"auto, (max-width: 1600px) 100vw, 1600px\" \/><\/figure><div class=\"wp-block-media-text__content\">\n<h2 class=\"wp-block-heading\" id=\"h-original-waldorfsalat-fra-waldorf-astoria\">Original waldorfsalat fra Waldorf Astoria<\/h2>\n\n\n\n<div class=\"wp-block-group is-layout-flow wp-block-group-is-layout-flow\">\n<p class=\"has-text-align-left\">Kun tre ingredienser utgjorde den originale waldorfsalaten som raskt ble en favoritt over hele verden: epler, stangselleri og majones. Salaten ble umiddelbart en stor suksess p\u00e5 hotellet til tross for sin enkelhet.<\/p>\n\n\n\n<p class=\"has-text-align-left\"><strong>Tid:<\/strong> 20 minutter<br> <strong>Porsjoner:<\/strong> 4<\/p>\n\n\n\n<div class=\"wp-block-button\"><a class=\"wp-block-button__link\" href=\"https:\/\/mills.no\/mills\/oppskrift\/original-waldorfsalat-fra-waldorf-astoria\/\">Slik lager du den<\/a><\/div>\n<\/div>\n<\/div><\/div>\n\n\n\n<div class=\"wp-block-media-text alignwide is-stacked-on-mobile is-image-fill has-neutral-1000-color has-neutral-0-background-color has-text-color has-background\"><figure class=\"wp-block-media-text__media\" style=\"background-image:url(https:\/\/mills.no\/content\/uploads\/sites\/2\/2022\/01\/Waldorfsalat-1.jpg);background-position:50% 50%\"><img loading=\"lazy\" decoding=\"async\" width=\"2000\" height=\"1334\" src=\"https:\/\/mills.no\/content\/uploads\/sites\/2\/2022\/01\/Waldorfsalat-1.jpg\" alt=\"\" class=\"wp-image-722 size-full\" srcset=\"https:\/\/mills.no\/content\/uploads\/sites\/2\/2022\/01\/Waldorfsalat-1.jpg 2000w, https:\/\/mills.no\/content\/uploads\/sites\/2\/2022\/01\/Waldorfsalat-1-300x200.jpg 300w, https:\/\/mills.no\/content\/uploads\/sites\/2\/2022\/01\/Waldorfsalat-1-1024x683.jpg 1024w, https:\/\/mills.no\/content\/uploads\/sites\/2\/2022\/01\/Waldorfsalat-1-768x512.jpg 768w, https:\/\/mills.no\/content\/uploads\/sites\/2\/2022\/01\/Waldorfsalat-1-1536x1025.jpg 1536w, https:\/\/mills.no\/content\/uploads\/sites\/2\/2022\/01\/Waldorfsalat-1-80x53.jpg 80w\" sizes=\"auto, (max-width: 2000px) 100vw, 2000px\" \/><\/figure><div class=\"wp-block-media-text__content\">\n<h2 class=\"wp-block-heading\" id=\"h-waldorfsalat-med-granateple\">Waldorfsalat med granateple<\/h2>\n\n\n\n<div class=\"wp-block-group is-layout-flow wp-block-group-is-layout-flow\">\n<p class=\"has-text-align-left\">Dette er waldorfvarianten for deg som vil gj\u00f8re litt ekstra ut av salaten. Den har mange av de kjente og kj\u00e6re ingrediensene som stangselleri, epler og druer, men toppes i tillegg med granateple og bladpersille.<\/p>\n\n\n\n<p class=\"has-text-align-left\"><strong>Tid:<\/strong> 30 minutter<br> <strong>Porsjoner:<\/strong> 6<\/p>\n\n\n\n<div class=\"wp-block-button\"><a class=\"wp-block-button__link\" href=\"https:\/\/mills.no\/mills\/oppskrift\/waldorfsalat-med-granateple\/\">Oppskrift p\u00e5 waldorfsalat med granateple <\/a><\/div>\n<\/div>\n<\/div><\/div>\n\n\n\n<div class=\"wp-block-media-text alignwide has-media-on-the-right is-stacked-on-mobile is-image-fill has-neutral-1000-color has-neutral-0-background-color has-text-color has-background\"><figure class=\"wp-block-media-text__media\" style=\"background-image:url(https:\/\/mills.no\/content\/uploads\/sites\/2\/2022\/01\/Waldorfsalat-med-kC3A5l_1920.jpg);background-position:50% 50%\"><img loading=\"lazy\" decoding=\"async\" width=\"1600\" height=\"1067\" src=\"https:\/\/mills.no\/content\/uploads\/sites\/2\/2022\/01\/Waldorfsalat-med-kC3A5l_1920.jpg\" alt=\"\" class=\"wp-image-723 size-full\" srcset=\"https:\/\/mills.no\/content\/uploads\/sites\/2\/2022\/01\/Waldorfsalat-med-kC3A5l_1920.jpg 1600w, https:\/\/mills.no\/content\/uploads\/sites\/2\/2022\/01\/Waldorfsalat-med-kC3A5l_1920-300x200.jpg 300w, https:\/\/mills.no\/content\/uploads\/sites\/2\/2022\/01\/Waldorfsalat-med-kC3A5l_1920-1024x683.jpg 1024w, https:\/\/mills.no\/content\/uploads\/sites\/2\/2022\/01\/Waldorfsalat-med-kC3A5l_1920-768x512.jpg 768w, https:\/\/mills.no\/content\/uploads\/sites\/2\/2022\/01\/Waldorfsalat-med-kC3A5l_1920-1536x1024.jpg 1536w, https:\/\/mills.no\/content\/uploads\/sites\/2\/2022\/01\/Waldorfsalat-med-kC3A5l_1920-80x53.jpg 80w\" sizes=\"auto, (max-width: 1600px) 100vw, 1600px\" \/><\/figure><div class=\"wp-block-media-text__content\">\n<h2 class=\"wp-block-heading\" id=\"h-waldorfsalat-med-kal-og-klementiner\">Waldorfsalat med k\u00e5l og klementiner<\/h2>\n\n\n\n<div class=\"wp-block-group is-layout-flow wp-block-group-is-layout-flow\">\n<p class=\"has-text-align-left\">Dette er en frisk og lett variant, som passer spesielt godt for deg som ikke er s\u00e5 glad i stangselleri. Her har den nemlig blitt erstattet av strimlet hodek\u00e5l. I tillegg inneholder den lettr\u00f8mme og klementiner, noe som gir en frisk og syrlig smak.<\/p>\n\n\n\n<p class=\"has-text-align-left\"><strong>Tid:<\/strong> 20 minutter<br><strong>Porsjoner:<\/strong> 8<\/p>\n\n\n\n<div class=\"wp-block-button\"><a class=\"wp-block-button__link\" href=\"https:\/\/mills.no\/mills\/oppskrift\/waldorfsalat-med-kal\/\">F\u00e5 oppskrift p\u00e5 waldorfsalat med k\u00e5l og klementiner her <\/a><\/div>\n<\/div>\n<\/div><\/div>\n\n\n\n<div class=\"wp-block-media-text alignwide is-stacked-on-mobile is-image-fill\"><figure class=\"wp-block-media-text__media\" style=\"background-image:url(https:\/\/mills.no\/content\/uploads\/sites\/2\/2019\/11\/Vegansk-waldorfsalat_1920x1300-1024x693.jpg);background-position:50% 50%\"><img loading=\"lazy\" decoding=\"async\" width=\"1024\" height=\"693\" src=\"https:\/\/mills.no\/content\/uploads\/sites\/2\/2019\/11\/Vegansk-waldorfsalat_1920x1300-1024x693.jpg\" alt=\"Vegansk waldorfsalat\" class=\"wp-image-1707 size-full\" srcset=\"https:\/\/mills.no\/content\/uploads\/sites\/2\/2019\/11\/Vegansk-waldorfsalat_1920x1300-1024x693.jpg 1024w, https:\/\/mills.no\/content\/uploads\/sites\/2\/2019\/11\/Vegansk-waldorfsalat_1920x1300-300x203.jpg 300w, https:\/\/mills.no\/content\/uploads\/sites\/2\/2019\/11\/Vegansk-waldorfsalat_1920x1300-768x520.jpg 768w, https:\/\/mills.no\/content\/uploads\/sites\/2\/2019\/11\/Vegansk-waldorfsalat_1920x1300-1536x1040.jpg 1536w, https:\/\/mills.no\/content\/uploads\/sites\/2\/2019\/11\/Vegansk-waldorfsalat_1920x1300-80x54.jpg 80w, https:\/\/mills.no\/content\/uploads\/sites\/2\/2019\/11\/Vegansk-waldorfsalat_1920x1300.jpg 1920w\" sizes=\"auto, (max-width: 1024px) 100vw, 1024px\" \/><\/figure><div class=\"wp-block-media-text__content\">\n<h2 class=\"wp-block-heading\" id=\"h-vegansk-waldorfsalat\">Vegansk waldorfsalat<\/h2>\n\n\n\n<p>Denne veganske varianten er laget med Mills Plantemajones. Salaten smaker nydelig sammen med julemat som vegisterkaker, n\u00f8ttestek og vegansk julep\u00f8lse.<\/p>\n\n\n\n<p><strong>Tid:<\/strong> 20 minutter<br><strong>Porsjoner:<\/strong> 4<\/p>\n\n\n\n<div class=\"wp-block-buttons is-layout-flex wp-block-buttons-is-layout-flex\">\n<div class=\"wp-block-button\"><a class=\"wp-block-button__link\">Oppskrift p\u00e5 vegansk waldorfsalat<\/a><\/div>\n<\/div>\n<\/div><\/div>\n\n\n\n\t\t<div class=\"has-background has-neutral-50-background-color is-style-vertical-spacing is-style-horizontal-spacing alignwide wp-block-mills-section has-background has-neutral-50-background-color\">\n\t\t\t<div class=\"wp-block-mills-section__inner alignwide\">\n\t\t\t\t\n\n<h2 class=\"has-text-align-center aligncenter wp-block-heading\" id=\"h-flere-gode-salatoppskrifter\">Flere gode salatoppskrifter <\/h2>\n\n\n<div class=\"t2-featured-content-layout alignwide alignwide wp-block-t2-featured-content-layout\" role=\"list\">\n<div class=\"t2-featured-single-post t2-featured-content is-post-type-recipe brand-mills recipe_category-jul recipe_category-snacks-og-tilbehor wp-block-t2-featured-single-post\" role=\"listitem\"><a class=\"t2-post-link wp-block-t2-post-link\" href=\"https:\/\/mills.no\/mills\/oppskrift\/kremet-rosenkalsalat-med-bacon\/\">\n<figure style=\"--t2-focal-point: 50% 50%;\" class=\"t2-post-featured-image has-image-ratio-16-9 wp-block-t2-post-featured-image\"><img loading=\"lazy\" decoding=\"async\" width=\"1600\" height=\"1067\" src=\"https:\/\/mills.no\/content\/uploads\/2018\/12\/RosenkC3A5lsalat-ribbe.jpg\" class=\"attachment-medium-large size-medium-large wp-post-image\" alt=\"Kremet rosenk\u00e5lsalat med bacon\" srcset=\"https:\/\/mills.no\/content\/uploads\/2018\/12\/RosenkC3A5lsalat-ribbe.jpg 1600w, https:\/\/mills.no\/content\/uploads\/2018\/12\/RosenkC3A5lsalat-ribbe-300x200.jpg 300w, https:\/\/mills.no\/content\/uploads\/2018\/12\/RosenkC3A5lsalat-ribbe-1024x683.jpg 1024w, https:\/\/mills.no\/content\/uploads\/2018\/12\/RosenkC3A5lsalat-ribbe-768x512.jpg 768w, https:\/\/mills.no\/content\/uploads\/2018\/12\/RosenkC3A5lsalat-ribbe-1536x1024.jpg 1536w, https:\/\/mills.no\/content\/uploads\/2018\/12\/RosenkC3A5lsalat-ribbe-80x53.jpg 80w\" sizes=\"auto, (max-width: 1600px) 100vw, 1600px\" \/><\/figure>\n\n<div class=\"wp-block-group alignfull is-layout-flow wp-block-group-is-layout-flow\">\n\t<h2 class=\"t2-post-title wp-block-t2-post-title\">Kremet rosenk\u00e5lsalat med bacon<\/h2>\n\t<div class=\"t2-post-excerpt wp-block-t2-post-excerpt\"><p>Denne kremede rosenk\u00e5lsalaten med bacon og chili er et spennende tilbeh\u00f8r til ribbe, s\u00e5 vel som kalkun og lutefisk. Salaten&hellip;<\/p><\/div>\n\t\n\t\t<div class=\"wp-block-mills-block-recipe-info\">\n\t\t\t<div class=\"mills-block-recipe-info-item mills-block-recipe-info-item--difficulty\">Enkel<\/div>\n\t\t\t<div class=\"mills-block-recipe-info-item mills-block-recipe-info-item--time\">15 min<\/div>\n\t\t<\/div>\n<\/div>\n\n<\/a>\n<\/div>\n\n<div class=\"t2-featured-single-post t2-featured-content is-post-type-recipe brand-mills recipe_category-jul recipe_category-maltider recipe_category-middag recipe_category-snacks-og-tilbehor recipe_category-vegetar recipe_topic-17-mai recipe_topic-grill recipe_topic-tapas-og-koldtbord wp-block-t2-featured-single-post\" role=\"listitem\"><a class=\"t2-post-link wp-block-t2-post-link\" href=\"https:\/\/mills.no\/mills\/oppskrift\/hjemmelaget-potetsalat\/\">\n<figure style=\"--t2-focal-point: 50% 50%;\" class=\"t2-post-featured-image has-image-ratio-16-9 wp-block-t2-post-featured-image\"><img loading=\"lazy\" decoding=\"async\" width=\"1600\" height=\"1067\" src=\"https:\/\/mills.no\/content\/uploads\/2019\/11\/Potetsalat-toppbilde_1920.jpg\" class=\"attachment-medium-large size-medium-large wp-post-image\" alt=\"ferdig hjemmelaget potetsalat\" srcset=\"https:\/\/mills.no\/content\/uploads\/2019\/11\/Potetsalat-toppbilde_1920.jpg 1600w, https:\/\/mills.no\/content\/uploads\/2019\/11\/Potetsalat-toppbilde_1920-300x200.jpg 300w, https:\/\/mills.no\/content\/uploads\/2019\/11\/Potetsalat-toppbilde_1920-1024x683.jpg 1024w, https:\/\/mills.no\/content\/uploads\/2019\/11\/Potetsalat-toppbilde_1920-768x512.jpg 768w, https:\/\/mills.no\/content\/uploads\/2019\/11\/Potetsalat-toppbilde_1920-1536x1024.jpg 1536w, https:\/\/mills.no\/content\/uploads\/2019\/11\/Potetsalat-toppbilde_1920-80x53.jpg 80w\" sizes=\"auto, (max-width: 1600px) 100vw, 1600px\" \/><\/figure>\n\n<div class=\"wp-block-group alignfull is-layout-flow wp-block-group-is-layout-flow\">\n\t<h2 class=\"t2-post-title wp-block-t2-post-title\">Slik lager du hjemmelaget potetsalat<\/h2>\n\t<div class=\"t2-post-excerpt wp-block-t2-post-excerpt\"><p>Hjemmelaget potetsalat er en allsidig og klassisk tilbeh\u00f8rssalat og et kjent innslag n\u00e5r man serverer alt fra spekemat og grillmat&hellip;<\/p><\/div>\n\t\n\t\t<div class=\"wp-block-mills-block-recipe-info\">\n\t\t\t<div class=\"mills-block-recipe-info-item mills-block-recipe-info-item--difficulty\">Enkel<\/div>\n\t\t\t<div class=\"mills-block-recipe-info-item mills-block-recipe-info-item--time\">45 min<\/div>\n\t\t<\/div>\n<\/div>\n\n<\/a>\n<\/div>\n\n<div class=\"t2-featured-single-post t2-featured-content is-post-type-recipe brand-mills recipe_category-frokost-og-lunsj recipe_category-snacks-og-tilbehor recipe_topic-salat wp-block-t2-featured-single-post\" role=\"listitem\"><a class=\"t2-post-link wp-block-t2-post-link\" href=\"https:\/\/mills.no\/mills\/oppskrift\/hjemmelaget-skagenrore\/\">\n<figure style=\"--t2-focal-point: 50% 50%;\" class=\"t2-post-featured-image has-image-ratio-16-9 wp-block-t2-post-featured-image\"><img loading=\"lazy\" decoding=\"async\" width=\"1600\" height=\"1067\" src=\"https:\/\/mills.no\/content\/uploads\/2018\/05\/SkagenrC3B8re-brodskive.jpg\" class=\"attachment-medium-large size-medium-large wp-post-image\" alt=\"Skagenr\u00f8re p\u00e5 br\u00f8dskive\" srcset=\"https:\/\/mills.no\/content\/uploads\/2018\/05\/SkagenrC3B8re-brodskive.jpg 1600w, https:\/\/mills.no\/content\/uploads\/2018\/05\/SkagenrC3B8re-brodskive-300x200.jpg 300w, https:\/\/mills.no\/content\/uploads\/2018\/05\/SkagenrC3B8re-brodskive-1024x683.jpg 1024w, https:\/\/mills.no\/content\/uploads\/2018\/05\/SkagenrC3B8re-brodskive-768x512.jpg 768w, https:\/\/mills.no\/content\/uploads\/2018\/05\/SkagenrC3B8re-brodskive-1536x1024.jpg 1536w, https:\/\/mills.no\/content\/uploads\/2018\/05\/SkagenrC3B8re-brodskive-80x53.jpg 80w\" sizes=\"auto, (max-width: 1600px) 100vw, 1600px\" \/><\/figure>\n\n<div class=\"wp-block-group alignfull is-layout-flow wp-block-group-is-layout-flow\">\n\t<h2 class=\"t2-post-title wp-block-t2-post-title\">Hjemmelaget skagenr\u00f8re<\/h2>\n\t<div class=\"t2-post-excerpt wp-block-t2-post-excerpt\"><p>Skagenr\u00f8re er en klassisk skalldyrsalat som egner seg godt p\u00e5 br\u00f8dskiven, til koldtbordet, eller servert til forrett med litt salat,&hellip;<\/p><\/div>\n\t\n\t\t<div class=\"wp-block-mills-block-recipe-info\">\n\t\t\t<div class=\"mills-block-recipe-info-item mills-block-recipe-info-item--difficulty\">Enkel<\/div>\n\t\t\t<div class=\"mills-block-recipe-info-item mills-block-recipe-info-item--time\">20 min<\/div>\n\t\t<\/div>\n<\/div>\n\n<\/a>\n<\/div>\n\n<div class=\"t2-featured-single-post t2-featured-content is-post-type-recipe brand-mills recipe_category-jul recipe_category-snacks-og-tilbehor wp-block-t2-featured-single-post\" role=\"listitem\"><a class=\"t2-post-link wp-block-t2-post-link\" href=\"https:\/\/mills.no\/mills\/oppskrift\/syrlig-eplesalat-sylteagurk\/\">\n<figure style=\"--t2-focal-point: 50% 50%;\" class=\"t2-post-featured-image has-image-ratio-16-9 wp-block-t2-post-featured-image\"><img loading=\"lazy\" decoding=\"async\" width=\"1600\" height=\"1041\" src=\"https:\/\/mills.no\/content\/uploads\/2017\/12\/Syrlig-eplesalat.jpg\" class=\"attachment-medium-large size-medium-large wp-post-image\" alt=\"Syrlig eplesalat med sylteagurk.\" srcset=\"https:\/\/mills.no\/content\/uploads\/2017\/12\/Syrlig-eplesalat.jpg 1600w, https:\/\/mills.no\/content\/uploads\/2017\/12\/Syrlig-eplesalat-300x195.jpg 300w, https:\/\/mills.no\/content\/uploads\/2017\/12\/Syrlig-eplesalat-1024x666.jpg 1024w, https:\/\/mills.no\/content\/uploads\/2017\/12\/Syrlig-eplesalat-768x500.jpg 768w, https:\/\/mills.no\/content\/uploads\/2017\/12\/Syrlig-eplesalat-1536x999.jpg 1536w, https:\/\/mills.no\/content\/uploads\/2017\/12\/Syrlig-eplesalat-80x52.jpg 80w\" sizes=\"auto, (max-width: 1600px) 100vw, 1600px\" \/><\/figure>\n\n<div class=\"wp-block-group alignfull is-layout-flow wp-block-group-is-layout-flow\">\n\t<h2 class=\"t2-post-title wp-block-t2-post-title\">Syrlig eplesalat med sylteagurk<\/h2>\n\t<div class=\"t2-post-excerpt wp-block-t2-post-excerpt\"><p>Denne eplesalaten er b\u00e5de s\u00f8t, frisk og syrlig p\u00e5 en og samme gang, og er utmerket tilbeh\u00f8r til r\u00f8kt juleskinke.&hellip;<\/p><\/div>\n\t\n\t\t<div class=\"wp-block-mills-block-recipe-info\">\n\t\t\t<div class=\"mills-block-recipe-info-item mills-block-recipe-info-item--difficulty\">Enkel<\/div>\n\t\t\t<div class=\"mills-block-recipe-info-item mills-block-recipe-info-item--time\">20 min<\/div>\n\t\t<\/div>\n<\/div>\n\n<\/a>\n<\/div>\n\n<div class=\"t2-featured-single-post t2-featured-content is-post-type-recipe brand-mills recipe_category-frokost-og-lunsj recipe_topic-tapas-og-koldtbord wp-block-t2-featured-single-post\" role=\"listitem\"><a class=\"t2-post-link wp-block-t2-post-link\" href=\"https:\/\/mills.no\/mills\/oppskrift\/kremet-kalkunsalat-med-granateple\/\">\n<figure style=\"--t2-focal-point: 50% 50%;\" class=\"t2-post-featured-image has-image-ratio-16-9 wp-block-t2-post-featured-image\"><img loading=\"lazy\" decoding=\"async\" width=\"1600\" height=\"1067\" src=\"https:\/\/mills.no\/content\/uploads\/2017\/11\/Kalkunsalat.jpg\" class=\"attachment-medium-large size-medium-large wp-post-image\" alt=\"Kremet kalkunsalat med v\u00e5rl\u00f8k og granateple. Foto.\" srcset=\"https:\/\/mills.no\/content\/uploads\/2017\/11\/Kalkunsalat.jpg 1600w, https:\/\/mills.no\/content\/uploads\/2017\/11\/Kalkunsalat-300x200.jpg 300w, https:\/\/mills.no\/content\/uploads\/2017\/11\/Kalkunsalat-1024x683.jpg 1024w, https:\/\/mills.no\/content\/uploads\/2017\/11\/Kalkunsalat-768x512.jpg 768w, https:\/\/mills.no\/content\/uploads\/2017\/11\/Kalkunsalat-1536x1024.jpg 1536w, https:\/\/mills.no\/content\/uploads\/2017\/11\/Kalkunsalat-80x53.jpg 80w\" sizes=\"auto, (max-width: 1600px) 100vw, 1600px\" \/><\/figure>\n\n<div class=\"wp-block-group alignfull is-layout-flow wp-block-group-is-layout-flow\">\n\t<h2 class=\"t2-post-title wp-block-t2-post-title\">Kremet kalkunsalat med v\u00e5rl\u00f8k og granateple<\/h2>\n\t<div class=\"t2-post-excerpt wp-block-t2-post-excerpt\"><p>Kalkun egner seg like godt som festmat p\u00e5 nytt\u00e5rsaften, som deilig p\u00e5legg til lunsjen. Denne p\u00e5leggssalaten er laget med saftig&hellip;<\/p><\/div>\n\t\n\t\t<div class=\"wp-block-mills-block-recipe-info\">\n\t\t\t<div class=\"mills-block-recipe-info-item mills-block-recipe-info-item--difficulty\">Enkel<\/div>\n\t\t\t<div class=\"mills-block-recipe-info-item mills-block-recipe-info-item--time\">20 min<\/div>\n\t\t<\/div>\n<\/div>\n\n<\/a>\n<\/div>\n\n<div class=\"t2-featured-single-post t2-featured-content is-post-type-recipe brand-mills recipe_category-frokost-og-lunsj recipe_topic-kylling wp-block-t2-featured-single-post\" role=\"listitem\"><a class=\"t2-post-link wp-block-t2-post-link\" href=\"https:\/\/mills.no\/mills\/oppskrift\/kremet-kyllingsalat-med-eple\/\">\n<figure style=\"--t2-focal-point: 50% 50%;\" class=\"t2-post-featured-image has-image-ratio-16-9 wp-block-t2-post-featured-image\"><img loading=\"lazy\" decoding=\"async\" width=\"1920\" height=\"1280\" src=\"https:\/\/mills.no\/content\/uploads\/2017\/09\/Kremet-kyllingsalat-med-eple.jpg\" class=\"attachment-medium-large size-medium-large wp-post-image\" alt=\"Kremet kyllingsalat med eple. Foto.\" srcset=\"https:\/\/mills.no\/content\/uploads\/2017\/09\/Kremet-kyllingsalat-med-eple.jpg 1920w, https:\/\/mills.no\/content\/uploads\/2017\/09\/Kremet-kyllingsalat-med-eple-300x200.jpg 300w, https:\/\/mills.no\/content\/uploads\/2017\/09\/Kremet-kyllingsalat-med-eple-1024x683.jpg 1024w, https:\/\/mills.no\/content\/uploads\/2017\/09\/Kremet-kyllingsalat-med-eple-768x512.jpg 768w, https:\/\/mills.no\/content\/uploads\/2017\/09\/Kremet-kyllingsalat-med-eple-1536x1024.jpg 1536w, https:\/\/mills.no\/content\/uploads\/2017\/09\/Kremet-kyllingsalat-med-eple-80x53.jpg 80w\" sizes=\"auto, (max-width: 1920px) 100vw, 1920px\" \/><\/figure>\n\n<div class=\"wp-block-group alignfull is-layout-flow wp-block-group-is-layout-flow\">\n\t<h2 class=\"t2-post-title wp-block-t2-post-title\">Kremet kyllingsalat med eple<\/h2>\n\t<div class=\"t2-post-excerpt wp-block-t2-post-excerpt\"><p>Kremet kyllingsalat er en popul\u00e6r p\u00e5leggssalat som passer ypperlig p\u00e5 rundstykkene til helgefrokosten, p\u00e5 br\u00f8dskiva i matpakka, eller som en&hellip;<\/p><\/div>\n\t\n\t\t<div class=\"wp-block-mills-block-recipe-info\">\n\t\t\t<div class=\"mills-block-recipe-info-item mills-block-recipe-info-item--difficulty\">Enkel<\/div>\n\t\t\t<div class=\"mills-block-recipe-info-item mills-block-recipe-info-item--time\">30 min<\/div>\n\t\t<\/div>\n<\/div>\n\n<\/a>\n<\/div>\n\n<div class=\"t2-featured-single-post t2-featured-content is-post-type-recipe brand-mills recipe_category-middag recipe_category-snacks-og-tilbehor wp-block-t2-featured-single-post\" role=\"listitem\"><a class=\"t2-post-link wp-block-t2-post-link\" href=\"https:\/\/mills.no\/mills\/oppskrift\/frisk-potetsalat-med-eple\/\">\n<figure style=\"--t2-focal-point: 50% 50%;\" class=\"t2-post-featured-image has-image-ratio-16-9 wp-block-t2-post-featured-image\"><img loading=\"lazy\" decoding=\"async\" width=\"1920\" height=\"1280\" src=\"https:\/\/mills.no\/content\/uploads\/2017\/06\/Potetsalat-av-nypotet-og-eple.jpg\" class=\"attachment-medium-large size-medium-large wp-post-image\" alt=\"Frisk potetsalat av nypotet med eple. Foto.\" srcset=\"https:\/\/mills.no\/content\/uploads\/2017\/06\/Potetsalat-av-nypotet-og-eple.jpg 1920w, https:\/\/mills.no\/content\/uploads\/2017\/06\/Potetsalat-av-nypotet-og-eple-300x200.jpg 300w, https:\/\/mills.no\/content\/uploads\/2017\/06\/Potetsalat-av-nypotet-og-eple-1024x683.jpg 1024w, https:\/\/mills.no\/content\/uploads\/2017\/06\/Potetsalat-av-nypotet-og-eple-768x512.jpg 768w, https:\/\/mills.no\/content\/uploads\/2017\/06\/Potetsalat-av-nypotet-og-eple-1536x1024.jpg 1536w, https:\/\/mills.no\/content\/uploads\/2017\/06\/Potetsalat-av-nypotet-og-eple-80x53.jpg 80w\" sizes=\"auto, (max-width: 1920px) 100vw, 1920px\" \/><\/figure>\n\n<div class=\"wp-block-group alignfull is-layout-flow wp-block-group-is-layout-flow\">\n\t<h2 class=\"t2-post-title wp-block-t2-post-title\">Frisk potetsalat av nypotet med eple<\/h2>\n\t<div class=\"t2-post-excerpt wp-block-t2-post-excerpt\"><p>Potetsalat er det klassiske tilbeh\u00f8ret som h\u00f8rer hjemme p\u00e5 enhver grillfest. Denne potetsalaten er laget med \u00e5rets nypoteter og syrlig&hellip;<\/p><\/div>\n\t\n\t\t<div class=\"wp-block-mills-block-recipe-info\">\n\t\t\t<div class=\"mills-block-recipe-info-item mills-block-recipe-info-item--difficulty\">Enkel<\/div>\n\t\t\t<div class=\"mills-block-recipe-info-item mills-block-recipe-info-item--time\">40 min<\/div>\n\t\t<\/div>\n<\/div>\n\n<\/a>\n<\/div>\n\n<div class=\"t2-featured-single-post t2-featured-content is-post-type-recipe brand-mills recipe_category-middag recipe_topic-salat wp-block-t2-featured-single-post\" role=\"listitem\"><a class=\"t2-post-link wp-block-t2-post-link\" href=\"https:\/\/mills.no\/mills\/oppskrift\/brokkolisalat-med-eple-og-bacon\/\">\n<figure style=\"--t2-focal-point: 50% 50%;\" class=\"t2-post-featured-image has-image-ratio-16-9 wp-block-t2-post-featured-image\"><img loading=\"lazy\" decoding=\"async\" width=\"1920\" height=\"1280\" src=\"https:\/\/mills.no\/content\/uploads\/2017\/03\/Brokkolisalat-1920.jpg\" class=\"attachment-medium-large size-medium-large wp-post-image\" alt=\"Brokkolisalat med eple og bacon. Foto.\" srcset=\"https:\/\/mills.no\/content\/uploads\/2017\/03\/Brokkolisalat-1920.jpg 1920w, https:\/\/mills.no\/content\/uploads\/2017\/03\/Brokkolisalat-1920-300x200.jpg 300w, https:\/\/mills.no\/content\/uploads\/2017\/03\/Brokkolisalat-1920-1024x683.jpg 1024w, https:\/\/mills.no\/content\/uploads\/2017\/03\/Brokkolisalat-1920-768x512.jpg 768w, https:\/\/mills.no\/content\/uploads\/2017\/03\/Brokkolisalat-1920-1536x1024.jpg 1536w, https:\/\/mills.no\/content\/uploads\/2017\/03\/Brokkolisalat-1920-80x53.jpg 80w\" sizes=\"auto, (max-width: 1920px) 100vw, 1920px\" \/><\/figure>\n\n<div class=\"wp-block-group alignfull is-layout-flow wp-block-group-is-layout-flow\">\n\t<h2 class=\"t2-post-title wp-block-t2-post-title\">Brokkolisalat med eple og bacon<\/h2>\n\t<div class=\"t2-post-excerpt wp-block-t2-post-excerpt\"><p>En god brokkolisalat har en perfekt balanse av s\u00f8tt, salt og syrlig. I denne varianten har vi tilsatt bacon, eple,&hellip;<\/p><\/div>\n\t\n\t\t<div class=\"wp-block-mills-block-recipe-info\">\n\t\t\t<div class=\"mills-block-recipe-info-item mills-block-recipe-info-item--difficulty\">Enkel<\/div>\n\t\t\t<div class=\"mills-block-recipe-info-item mills-block-recipe-info-item--time\">20 min<\/div>\n\t\t<\/div>\n<\/div>\n\n<\/a>\n<\/div>\n\n<div class=\"t2-featured-single-post t2-featured-content is-post-type-recipe brand-mills recipe_category-frokost-og-lunsj wp-block-t2-featured-single-post\" role=\"listitem\"><a class=\"t2-post-link wp-block-t2-post-link\" href=\"https:\/\/mills.no\/mills\/oppskrift\/enkel-tunfisksalat\/\">\n<figure style=\"--t2-focal-point: 50% 50%;\" class=\"t2-post-featured-image has-image-ratio-16-9 wp-block-t2-post-featured-image\"><img loading=\"lazy\" decoding=\"async\" width=\"1920\" height=\"1280\" src=\"https:\/\/mills.no\/content\/uploads\/2017\/02\/Tunfisksalat_1920.jpg\" class=\"attachment-medium-large size-medium-large wp-post-image\" alt=\"Enkel tunfisksalat\" srcset=\"https:\/\/mills.no\/content\/uploads\/2017\/02\/Tunfisksalat_1920.jpg 1920w, https:\/\/mills.no\/content\/uploads\/2017\/02\/Tunfisksalat_1920-300x200.jpg 300w, https:\/\/mills.no\/content\/uploads\/2017\/02\/Tunfisksalat_1920-1024x683.jpg 1024w, https:\/\/mills.no\/content\/uploads\/2017\/02\/Tunfisksalat_1920-768x512.jpg 768w, https:\/\/mills.no\/content\/uploads\/2017\/02\/Tunfisksalat_1920-1536x1024.jpg 1536w, https:\/\/mills.no\/content\/uploads\/2017\/02\/Tunfisksalat_1920-80x53.jpg 80w\" sizes=\"auto, (max-width: 1920px) 100vw, 1920px\" \/><\/figure>\n\n<div class=\"wp-block-group alignfull is-layout-flow wp-block-group-is-layout-flow\">\n\t<h2 class=\"t2-post-title wp-block-t2-post-title\">Enkel tunfisksalat med majones og kapers<\/h2>\n\t<div class=\"t2-post-excerpt wp-block-t2-post-excerpt\"><p>Har du tunfisk p\u00e5 boks i skapet har du et godt utgangspunkt for \u00e5 lage et ekstra godt p\u00e5legg til&hellip;<\/p><\/div>\n\t\n\t\t<div class=\"wp-block-mills-block-recipe-info\">\n\t\t\t<div class=\"mills-block-recipe-info-item mills-block-recipe-info-item--difficulty\">Enkel<\/div>\n\t\t\t<div class=\"mills-block-recipe-info-item mills-block-recipe-info-item--time\">15 min<\/div>\n\t\t<\/div>\n<\/div>\n\n<\/a>\n<\/div>\n\n<div class=\"t2-featured-single-post t2-featured-content is-post-type-recipe brand-mills recipe_category-jul recipe_category-snacks-og-tilbehor wp-block-t2-featured-single-post\" role=\"listitem\"><a class=\"t2-post-link wp-block-t2-post-link\" href=\"https:\/\/mills.no\/mills\/oppskrift\/rodbetsalat\/\">\n<figure style=\"--t2-focal-point: 50% 50%;\" class=\"t2-post-featured-image has-image-ratio-16-9 wp-block-t2-post-featured-image\"><img loading=\"lazy\" decoding=\"async\" width=\"2000\" height=\"1334\" src=\"https:\/\/mills.no\/content\/uploads\/2016\/12\/RC3B8dbetesalat.jpg\" class=\"attachment-medium-large size-medium-large wp-post-image\" alt=\"Hjemmelaget r\u00f8dbetsalat\" srcset=\"https:\/\/mills.no\/content\/uploads\/2016\/12\/RC3B8dbetesalat.jpg 2000w, https:\/\/mills.no\/content\/uploads\/2016\/12\/RC3B8dbetesalat-300x200.jpg 300w, https:\/\/mills.no\/content\/uploads\/2016\/12\/RC3B8dbetesalat-1024x683.jpg 1024w, https:\/\/mills.no\/content\/uploads\/2016\/12\/RC3B8dbetesalat-768x512.jpg 768w, https:\/\/mills.no\/content\/uploads\/2016\/12\/RC3B8dbetesalat-1536x1025.jpg 1536w, https:\/\/mills.no\/content\/uploads\/2016\/12\/RC3B8dbetesalat-80x53.jpg 80w\" sizes=\"auto, (max-width: 2000px) 100vw, 2000px\" \/><\/figure>\n\n<div class=\"wp-block-group alignfull is-layout-flow wp-block-group-is-layout-flow\">\n\t<h2 class=\"t2-post-title wp-block-t2-post-title\">Frisk og fyldig r\u00f8dbetsalat<\/h2>\n\t<div class=\"t2-post-excerpt wp-block-t2-post-excerpt\"><p>R\u00f8dbetsalat er nydelig tilbeh\u00f8r til julens leverpostei. Pr\u00f8v denne friske varianten med eple og pepperrot \u2013 \u00e5 lage den selv&hellip;<\/p><\/div>\n\t\n\t\t<div class=\"wp-block-mills-block-recipe-info\">\n\t\t\t<div class=\"mills-block-recipe-info-item mills-block-recipe-info-item--difficulty\">Enkel<\/div>\n\t\t\t<div class=\"mills-block-recipe-info-item mills-block-recipe-info-item--time\">10 min<\/div>\n\t\t<\/div>\n<\/div>\n\n<\/a>\n<\/div>\n\n<div class=\"t2-featured-single-post t2-featured-content is-post-type-recipe brand-mills recipe_category-frokost-og-lunsj recipe_category-maltider wp-block-t2-featured-single-post\" role=\"listitem\"><a class=\"t2-post-link wp-block-t2-post-link\" href=\"https:\/\/mills.no\/mills\/oppskrift\/hjemmelaget-eggesalat\/\">\n<figure style=\"--t2-focal-point: 50% 50%;\" class=\"t2-post-featured-image has-image-ratio-16-9 wp-block-t2-post-featured-image\"><img loading=\"lazy\" decoding=\"async\" width=\"1920\" height=\"1200\" src=\"https:\/\/mills.no\/content\/uploads\/2017\/04\/Hjemmelaget-eggesalat.jpg\" class=\"attachment-medium-large size-medium-large wp-post-image\" alt=\"Hjemmelaget eggesalat og br\u00f8d. Foto.\" srcset=\"https:\/\/mills.no\/content\/uploads\/2017\/04\/Hjemmelaget-eggesalat.jpg 1920w, https:\/\/mills.no\/content\/uploads\/2017\/04\/Hjemmelaget-eggesalat-300x188.jpg 300w, https:\/\/mills.no\/content\/uploads\/2017\/04\/Hjemmelaget-eggesalat-1024x640.jpg 1024w, https:\/\/mills.no\/content\/uploads\/2017\/04\/Hjemmelaget-eggesalat-768x480.jpg 768w, https:\/\/mills.no\/content\/uploads\/2017\/04\/Hjemmelaget-eggesalat-1536x960.jpg 1536w, https:\/\/mills.no\/content\/uploads\/2017\/04\/Hjemmelaget-eggesalat-80x50.jpg 80w\" sizes=\"auto, (max-width: 1920px) 100vw, 1920px\" \/><\/figure>\n\n<div class=\"wp-block-group alignfull is-layout-flow wp-block-group-is-layout-flow\">\n\t<h2 class=\"t2-post-title wp-block-t2-post-title\">Hjemmelaget eggesalat<\/h2>\n\t<div class=\"t2-post-excerpt wp-block-t2-post-excerpt\"><p>Eggesalat er en klassiker som passer b\u00e5de til br\u00f8dskiven, koldtbordet og spekematbordet. Vi har tilsatt sennep og v\u00e5rl\u00f8k i eggesalaten&hellip;<\/p><\/div>\n\t\n\t\t<div class=\"wp-block-mills-block-recipe-info\">\n\t\t\t<div class=\"mills-block-recipe-info-item mills-block-recipe-info-item--difficulty\">Enkel<\/div>\n\t\t\t<div class=\"mills-block-recipe-info-item mills-block-recipe-info-item--time\">20 min<\/div>\n\t\t<\/div>\n<\/div>\n\n<\/a>\n<\/div>\n<\/div>\n\n\t\t\t<\/div>\n\t\t<\/div>","protected":false},"excerpt":{"rendered":"<p>Det er liten tvil om at waldorfsalaten har blitt et fast tilbeh\u00f8r p\u00e5 mange norske koldtbord, s\u00e6rlig i tiden rundt&hellip;<\/p>\n","protected":false},"author":2,"featured_media":529,"comment_status":"closed","ping_status":"closed","sticky":false,"template":"","format":"standard","meta":{"_searchwp_excluded":"","footnotes":""},"categories":[82,83],"tags":[],"class_list":["post-528","post","type-post","status-publish","format-standard","has-post-thumbnail","hentry","category-mills","category-tips-og-inspirasjon"],"yoast_head":"<!-- This site is optimized with the Yoast SEO Premium plugin v26.9 (Yoast SEO v26.9) - https:\/\/yoast.com\/product\/yoast-seo-premium-wordpress\/ -->\n<title>Den store waldorfsalat-guiden | 4 oppskrifter | Mills majones<\/title>\n<meta name=\"description\" content=\"F\u00e5 historien bak klassisk waldorfsalat, tips til hva du kan bytte ut stangselleri med og fire ulike oppskrifter p\u00e5 waldorfsalat til ulike anledninger.\" \/>\n<meta name=\"robots\" content=\"index, follow, max-snippet:-1, max-image-preview:large, max-video-preview:-1\" \/>\n<link rel=\"canonical\" href=\"https:\/\/mills.no\/mills\/den-store-waldorfsalat-guiden\/\" \/>\n<meta property=\"og:locale\" content=\"nb_NO\" \/>\n<meta property=\"og:type\" content=\"article\" \/>\n<meta property=\"og:title\" content=\"Den store waldorfsalat-guiden\" \/>\n<meta property=\"og:description\" content=\"Her f\u00e5r du oppskrift p\u00e5 fire ulike varianter av den kjente og kj\u00e6re waldorfsalaten og tips til hva du kan bytte de enkelte ingrediensene med om du \u00f8nsker det!\" \/>\n<meta property=\"og:url\" content=\"https:\/\/mills.no\/mills\/den-store-waldorfsalat-guiden\/\" \/>\n<meta property=\"og:site_name\" content=\"Mills\" \/>\n<meta property=\"article:published_time\" content=\"2019-11-20T07:11:18+00:00\" \/>\n<meta property=\"article:modified_time\" content=\"2024-02-07T08:15:31+00:00\" \/>\n<meta name=\"author\" content=\"Grete\" \/>\n<meta name=\"twitter:card\" content=\"summary_large_image\" \/>\n<meta name=\"twitter:title\" content=\"Den store waldorfsalat-guiden\" \/>\n<meta name=\"twitter:image\" content=\"https:\/\/mills.no\/content\/uploads\/sites\/2\/2019\/11\/Waldorf-FB.jpg\" \/>\n<meta name=\"twitter:label1\" content=\"Skrevet av\" \/>\n\t<meta name=\"twitter:data1\" content=\"Grete\" \/>\n\t<meta name=\"twitter:label2\" content=\"Ansl. lesetid\" \/>\n\t<meta name=\"twitter:data2\" content=\"4 minutter\" \/>\n<script type=\"application\/ld+json\" class=\"yoast-schema-graph\">{\"@context\":\"https:\/\/schema.org\",\"@graph\":[{\"@type\":\"Article\",\"@id\":\"https:\/\/mills.no\/mills\/den-store-waldorfsalat-guiden\/#article\",\"isPartOf\":{\"@id\":\"https:\/\/mills.no\/mills\/den-store-waldorfsalat-guiden\/\"},\"author\":{\"name\":\"Grete\",\"@id\":\"https:\/\/mills.no\/mills\/#\/schema\/person\/ab5a3a4aa78c6d908a509ddc011ef4fa\"},\"headline\":\"Den store waldorfsalat-guiden\",\"datePublished\":\"2019-11-20T07:11:18+00:00\",\"dateModified\":\"2024-02-07T08:15:31+00:00\",\"mainEntityOfPage\":{\"@id\":\"https:\/\/mills.no\/mills\/den-store-waldorfsalat-guiden\/\"},\"wordCount\":396,\"publisher\":{\"@id\":\"https:\/\/mills.no\/mills\/#organization\"},\"image\":{\"@id\":\"https:\/\/mills.no\/mills\/den-store-waldorfsalat-guiden\/#primaryimage\"},\"thumbnailUrl\":\"https:\/\/mills.no\/content\/uploads\/sites\/2\/2019\/11\/Waldorf-FB.jpg\",\"articleSection\":[\"Mills\",\"Tips og inspirasjon\"],\"inLanguage\":\"nb-NO\"},{\"@type\":\"WebPage\",\"@id\":\"https:\/\/mills.no\/mills\/den-store-waldorfsalat-guiden\/\",\"url\":\"https:\/\/mills.no\/mills\/den-store-waldorfsalat-guiden\/\",\"name\":\"Den store waldorfsalat-guiden | 4 oppskrifter | Mills majones\",\"isPartOf\":{\"@id\":\"https:\/\/mills.no\/mills\/#website\"},\"primaryImageOfPage\":{\"@id\":\"https:\/\/mills.no\/mills\/den-store-waldorfsalat-guiden\/#primaryimage\"},\"image\":{\"@id\":\"https:\/\/mills.no\/mills\/den-store-waldorfsalat-guiden\/#primaryimage\"},\"thumbnailUrl\":\"https:\/\/mills.no\/content\/uploads\/sites\/2\/2019\/11\/Waldorf-FB.jpg\",\"datePublished\":\"2019-11-20T07:11:18+00:00\",\"dateModified\":\"2024-02-07T08:15:31+00:00\",\"description\":\"F\u00e5 historien bak klassisk waldorfsalat, tips til hva du kan bytte ut stangselleri med og fire ulike oppskrifter p\u00e5 waldorfsalat til ulike anledninger.\",\"breadcrumb\":{\"@id\":\"https:\/\/mills.no\/mills\/den-store-waldorfsalat-guiden\/#breadcrumb\"},\"inLanguage\":\"nb-NO\",\"potentialAction\":[{\"@type\":\"ReadAction\",\"target\":[\"https:\/\/mills.no\/mills\/den-store-waldorfsalat-guiden\/\"]}]},{\"@type\":\"ImageObject\",\"inLanguage\":\"nb-NO\",\"@id\":\"https:\/\/mills.no\/mills\/den-store-waldorfsalat-guiden\/#primaryimage\",\"url\":\"https:\/\/mills.no\/content\/uploads\/sites\/2\/2019\/11\/Waldorf-FB.jpg\",\"contentUrl\":\"https:\/\/mills.no\/content\/uploads\/sites\/2\/2019\/11\/Waldorf-FB.jpg\",\"width\":1200,\"height\":628,\"caption\":\"Waldorfsalat\"},{\"@type\":\"BreadcrumbList\",\"@id\":\"https:\/\/mills.no\/mills\/den-store-waldorfsalat-guiden\/#breadcrumb\",\"itemListElement\":[{\"@type\":\"ListItem\",\"position\":1,\"name\":\"Home\",\"item\":\"https:\/\/mills.no\/mills\/\"},{\"@type\":\"ListItem\",\"position\":2,\"name\":\"Den store waldorfsalat-guiden\"}]},{\"@type\":\"WebSite\",\"@id\":\"https:\/\/mills.no\/mills\/#website\",\"url\":\"https:\/\/mills.no\/mills\/\",\"name\":\"Mills\",\"description\":\"Smaken p\u00e5 det gode liv siden 1951\",\"publisher\":{\"@id\":\"https:\/\/mills.no\/mills\/#organization\"},\"potentialAction\":[{\"@type\":\"SearchAction\",\"target\":{\"@type\":\"EntryPoint\",\"urlTemplate\":\"https:\/\/mills.no\/mills\/?s={search_term_string}\"},\"query-input\":{\"@type\":\"PropertyValueSpecification\",\"valueRequired\":true,\"valueName\":\"search_term_string\"}}],\"inLanguage\":\"nb-NO\"},{\"@type\":\"Organization\",\"@id\":\"https:\/\/mills.no\/mills\/#organization\",\"name\":\"Mills\",\"url\":\"https:\/\/mills.no\/mills\/\",\"logo\":{\"@type\":\"ImageObject\",\"inLanguage\":\"nb-NO\",\"@id\":\"https:\/\/mills.no\/mills\/#\/schema\/logo\/image\/\",\"url\":\"https:\/\/mills.no\/content\/uploads\/sites\/2\/2022\/06\/Mills-logo-farger.svg\",\"contentUrl\":\"https:\/\/mills.no\/content\/uploads\/sites\/2\/2022\/06\/Mills-logo-farger.svg\",\"caption\":\"Mills\"},\"image\":{\"@id\":\"https:\/\/mills.no\/mills\/#\/schema\/logo\/image\/\"}},{\"@type\":\"Person\",\"@id\":\"https:\/\/mills.no\/mills\/#\/schema\/person\/ab5a3a4aa78c6d908a509ddc011ef4fa\",\"name\":\"Grete\",\"image\":{\"@type\":\"ImageObject\",\"inLanguage\":\"nb-NO\",\"@id\":\"https:\/\/mills.no\/mills\/#\/schema\/person\/image\/\",\"url\":\"https:\/\/secure.gravatar.com\/avatar\/c9c9df84ea86f0401d58f1d454d71c9a8f39cde9bdde7229c93c6491defdd741?s=96&d=mm&r=g\",\"contentUrl\":\"https:\/\/secure.gravatar.com\/avatar\/c9c9df84ea86f0401d58f1d454d71c9a8f39cde9bdde7229c93c6491defdd741?s=96&d=mm&r=g\",\"caption\":\"Grete\"},\"url\":\"https:\/\/mills.no\/mills\/author\/mills\/\"}]}<\/script>\n<!-- \/ Yoast SEO Premium plugin. -->","yoast_head_json":{"title":"Den store waldorfsalat-guiden | 4 oppskrifter | Mills majones","description":"F\u00e5 historien bak klassisk waldorfsalat, tips til hva du kan bytte ut stangselleri med og fire ulike oppskrifter p\u00e5 waldorfsalat til ulike anledninger.","robots":{"index":"index","follow":"follow","max-snippet":"max-snippet:-1","max-image-preview":"max-image-preview:large","max-video-preview":"max-video-preview:-1"},"canonical":"https:\/\/mills.no\/mills\/den-store-waldorfsalat-guiden\/","og_locale":"nb_NO","og_type":"article","og_title":"Den store waldorfsalat-guiden","og_description":"Her f\u00e5r du oppskrift p\u00e5 fire ulike varianter av den kjente og kj\u00e6re waldorfsalaten og tips til hva du kan bytte de enkelte ingrediensene med om du \u00f8nsker det!","og_url":"https:\/\/mills.no\/mills\/den-store-waldorfsalat-guiden\/","og_site_name":"Mills","article_published_time":"2019-11-20T07:11:18+00:00","article_modified_time":"2024-02-07T08:15:31+00:00","author":"Grete","twitter_card":"summary_large_image","twitter_title":"Den store waldorfsalat-guiden","twitter_image":"https:\/\/mills.no\/content\/uploads\/sites\/2\/2019\/11\/Waldorf-FB.jpg","twitter_misc":{"Skrevet av":"Grete","Ansl. lesetid":"4 minutter"},"schema":{"@context":"https:\/\/schema.org","@graph":[{"@type":"Article","@id":"https:\/\/mills.no\/mills\/den-store-waldorfsalat-guiden\/#article","isPartOf":{"@id":"https:\/\/mills.no\/mills\/den-store-waldorfsalat-guiden\/"},"author":{"name":"Grete","@id":"https:\/\/mills.no\/mills\/#\/schema\/person\/ab5a3a4aa78c6d908a509ddc011ef4fa"},"headline":"Den store waldorfsalat-guiden","datePublished":"2019-11-20T07:11:18+00:00","dateModified":"2024-02-07T08:15:31+00:00","mainEntityOfPage":{"@id":"https:\/\/mills.no\/mills\/den-store-waldorfsalat-guiden\/"},"wordCount":396,"publisher":{"@id":"https:\/\/mills.no\/mills\/#organization"},"image":{"@id":"https:\/\/mills.no\/mills\/den-store-waldorfsalat-guiden\/#primaryimage"},"thumbnailUrl":"https:\/\/mills.no\/content\/uploads\/sites\/2\/2019\/11\/Waldorf-FB.jpg","articleSection":["Mills","Tips og inspirasjon"],"inLanguage":"nb-NO"},{"@type":"WebPage","@id":"https:\/\/mills.no\/mills\/den-store-waldorfsalat-guiden\/","url":"https:\/\/mills.no\/mills\/den-store-waldorfsalat-guiden\/","name":"Den store waldorfsalat-guiden | 4 oppskrifter | Mills majones","isPartOf":{"@id":"https:\/\/mills.no\/mills\/#website"},"primaryImageOfPage":{"@id":"https:\/\/mills.no\/mills\/den-store-waldorfsalat-guiden\/#primaryimage"},"image":{"@id":"https:\/\/mills.no\/mills\/den-store-waldorfsalat-guiden\/#primaryimage"},"thumbnailUrl":"https:\/\/mills.no\/content\/uploads\/sites\/2\/2019\/11\/Waldorf-FB.jpg","datePublished":"2019-11-20T07:11:18+00:00","dateModified":"2024-02-07T08:15:31+00:00","description":"F\u00e5 historien bak klassisk waldorfsalat, tips til hva du kan bytte ut stangselleri med og fire ulike oppskrifter p\u00e5 waldorfsalat til ulike anledninger.","breadcrumb":{"@id":"https:\/\/mills.no\/mills\/den-store-waldorfsalat-guiden\/#breadcrumb"},"inLanguage":"nb-NO","potentialAction":[{"@type":"ReadAction","target":["https:\/\/mills.no\/mills\/den-store-waldorfsalat-guiden\/"]}]},{"@type":"ImageObject","inLanguage":"nb-NO","@id":"https:\/\/mills.no\/mills\/den-store-waldorfsalat-guiden\/#primaryimage","url":"https:\/\/mills.no\/content\/uploads\/sites\/2\/2019\/11\/Waldorf-FB.jpg","contentUrl":"https:\/\/mills.no\/content\/uploads\/sites\/2\/2019\/11\/Waldorf-FB.jpg","width":1200,"height":628,"caption":"Waldorfsalat"},{"@type":"BreadcrumbList","@id":"https:\/\/mills.no\/mills\/den-store-waldorfsalat-guiden\/#breadcrumb","itemListElement":[{"@type":"ListItem","position":1,"name":"Home","item":"https:\/\/mills.no\/mills\/"},{"@type":"ListItem","position":2,"name":"Den store waldorfsalat-guiden"}]},{"@type":"WebSite","@id":"https:\/\/mills.no\/mills\/#website","url":"https:\/\/mills.no\/mills\/","name":"Mills","description":"Smaken p\u00e5 det gode liv siden 1951","publisher":{"@id":"https:\/\/mills.no\/mills\/#organization"},"potentialAction":[{"@type":"SearchAction","target":{"@type":"EntryPoint","urlTemplate":"https:\/\/mills.no\/mills\/?s={search_term_string}"},"query-input":{"@type":"PropertyValueSpecification","valueRequired":true,"valueName":"search_term_string"}}],"inLanguage":"nb-NO"},{"@type":"Organization","@id":"https:\/\/mills.no\/mills\/#organization","name":"Mills","url":"https:\/\/mills.no\/mills\/","logo":{"@type":"ImageObject","inLanguage":"nb-NO","@id":"https:\/\/mills.no\/mills\/#\/schema\/logo\/image\/","url":"https:\/\/mills.no\/content\/uploads\/sites\/2\/2022\/06\/Mills-logo-farger.svg","contentUrl":"https:\/\/mills.no\/content\/uploads\/sites\/2\/2022\/06\/Mills-logo-farger.svg","caption":"Mills"},"image":{"@id":"https:\/\/mills.no\/mills\/#\/schema\/logo\/image\/"}},{"@type":"Person","@id":"https:\/\/mills.no\/mills\/#\/schema\/person\/ab5a3a4aa78c6d908a509ddc011ef4fa","name":"Grete","image":{"@type":"ImageObject","inLanguage":"nb-NO","@id":"https:\/\/mills.no\/mills\/#\/schema\/person\/image\/","url":"https:\/\/secure.gravatar.com\/avatar\/c9c9df84ea86f0401d58f1d454d71c9a8f39cde9bdde7229c93c6491defdd741?s=96&d=mm&r=g","contentUrl":"https:\/\/secure.gravatar.com\/avatar\/c9c9df84ea86f0401d58f1d454d71c9a8f39cde9bdde7229c93c6491defdd741?s=96&d=mm&r=g","caption":"Grete"},"url":"https:\/\/mills.no\/mills\/author\/mills\/"}]}},"_links":{"self":[{"href":"https:\/\/mills.no\/mills\/wp-json\/wp\/v2\/posts\/528","targetHints":{"allow":["GET"]}}],"collection":[{"href":"https:\/\/mills.no\/mills\/wp-json\/wp\/v2\/posts"}],"about":[{"href":"https:\/\/mills.no\/mills\/wp-json\/wp\/v2\/types\/post"}],"author":[{"embeddable":true,"href":"https:\/\/mills.no\/mills\/wp-json\/wp\/v2\/users\/2"}],"replies":[{"embeddable":true,"href":"https:\/\/mills.no\/mills\/wp-json\/wp\/v2\/comments?post=528"}],"version-history":[{"count":13,"href":"https:\/\/mills.no\/mills\/wp-json\/wp\/v2\/posts\/528\/revisions"}],"predecessor-version":[{"id":2113,"href":"https:\/\/mills.no\/mills\/wp-json\/wp\/v2\/posts\/528\/revisions\/2113"}],"wp:featuredmedia":[{"embeddable":true,"href":"https:\/\/mills.no\/mills\/wp-json\/wp\/v2\/media\/529"}],"wp:attachment":[{"href":"https:\/\/mills.no\/mills\/wp-json\/wp\/v2\/media?parent=528"}],"wp:term":[{"taxonomy":"category","embeddable":true,"href":"https:\/\/mills.no\/mills\/wp-json\/wp\/v2\/categories?post=528"},{"taxonomy":"post_tag","embeddable":true,"href":"https:\/\/mills.no\/mills\/wp-json\/wp\/v2\/tags?post=528"}],"curies":[{"name":"wp","href":"https:\/\/api.w.org\/{rel}","templated":true}]}}