{"id":368,"date":"2018-09-07T08:22:56","date_gmt":"2018-09-07T06:22:56","guid":{"rendered":"https:\/\/mills.no\/soft-flora\/oppskrifter-med-blabaer\/"},"modified":"2024-02-07T09:16:21","modified_gmt":"2024-02-07T08:16:21","slug":"oppskrifter-med-blabaer","status":"publish","type":"post","link":"https:\/\/mills.no\/soft-flora\/oppskrifter-med-blabaer\/","title":{"rendered":"Oppskrifter med bl\u00e5b\u00e6r"},"content":{"rendered":"<div class=\"mills-block-featured alignwide alignwide wp-block-mills-block-featured\"><img loading=\"lazy\" decoding=\"async\" width=\"1920\" height=\"1280\" style=\"width:100%;height:100%;object-fit:cover\" src=\"https:\/\/mills.no\/content\/uploads\/sites\/6\/2018\/09\/BlC3A5bC3A6rbrC3B8d_1920.jpg\" class=\"wp-block-cover__image-background\" alt=\"Bl\u00e5b\u00e6rbr\u00f8d\" srcset=\"https:\/\/mills.no\/content\/uploads\/sites\/6\/2018\/09\/BlC3A5bC3A6rbrC3B8d_1920.jpg 1920w, https:\/\/mills.no\/content\/uploads\/sites\/6\/2018\/09\/BlC3A5bC3A6rbrC3B8d_1920-300x200.jpg 300w, https:\/\/mills.no\/content\/uploads\/sites\/6\/2018\/09\/BlC3A5bC3A6rbrC3B8d_1920-1024x683.jpg 1024w, https:\/\/mills.no\/content\/uploads\/sites\/6\/2018\/09\/BlC3A5bC3A6rbrC3B8d_1920-768x512.jpg 768w, https:\/\/mills.no\/content\/uploads\/sites\/6\/2018\/09\/BlC3A5bC3A6rbrC3B8d_1920-1536x1024.jpg 1536w, https:\/\/mills.no\/content\/uploads\/sites\/6\/2018\/09\/BlC3A5bC3A6rbrC3B8d_1920-80x53.jpg 80w\" sizes=\"auto, (max-width: 1920px) 100vw, 1920px\" \/><div class=\"wp-block-cover__inner-container\">\n<h1 class=\"has-text-align-center wp-block-post-title has-text-color has-neutral-1000-color\">Oppskrifter med bl\u00e5b\u00e6r<\/h1>\n\n<p class=\"t2-ingress has-text-align-center align wp-block-t2-ingress\">Bl\u00e5b\u00e6r gir en herlig smak til baksten. Her har vi samlet v\u00e5re oppskrifter med bl\u00e5b\u00e6r. Pr\u00f8v for eksempel oppskriften p\u00e5 saftig bl\u00e5b\u00e6rbr\u00f8d eller bl\u00e5b\u00e6rmuffins laget med havre og banan. \n<\/p>\n\n<div class=\"has-text-align-center mills-published-date wp-block-post-date has-text-color has-neutral-1000-color\"><time datetime=\"2018-09-07T08:22:56+02:00\">07. september 2018<\/time><\/div>\n<\/div><\/div>\n\n\n<div class=\"wp-block-media-text alignwide is-stacked-on-mobile is-image-fill has-neutral-1000-color has-neutral-0-background-color has-text-color has-background\"><figure class=\"wp-block-media-text__media\" style=\"background-image:url(https:\/\/mills.no\/content\/uploads\/sites\/6\/2018\/08\/blC3A5bC3A6rmuffins2_1920.jpg);background-position:50% 50%\"><img loading=\"lazy\" decoding=\"async\" width=\"1920\" height=\"930\" src=\"https:\/\/mills.no\/content\/uploads\/sites\/6\/2018\/08\/blC3A5bC3A6rmuffins2_1920.jpg\" alt=\"\" class=\"wp-image-375 size-full\" srcset=\"https:\/\/mills.no\/content\/uploads\/sites\/6\/2018\/08\/blC3A5bC3A6rmuffins2_1920.jpg 1920w, https:\/\/mills.no\/content\/uploads\/sites\/6\/2018\/08\/blC3A5bC3A6rmuffins2_1920-300x145.jpg 300w, https:\/\/mills.no\/content\/uploads\/sites\/6\/2018\/08\/blC3A5bC3A6rmuffins2_1920-1024x496.jpg 1024w, https:\/\/mills.no\/content\/uploads\/sites\/6\/2018\/08\/blC3A5bC3A6rmuffins2_1920-768x372.jpg 768w, https:\/\/mills.no\/content\/uploads\/sites\/6\/2018\/08\/blC3A5bC3A6rmuffins2_1920-1536x744.jpg 1536w, https:\/\/mills.no\/content\/uploads\/sites\/6\/2018\/08\/blC3A5bC3A6rmuffins2_1920-80x39.jpg 80w\" sizes=\"auto, (max-width: 1920px) 100vw, 1920px\" \/><\/figure><div class=\"wp-block-media-text__content\">\n<div class=\"wp-block-group is-layout-flow wp-block-group-is-layout-flow\">\n<h2 class=\"has-text-align-center wp-block-heading\" id=\"h-sunne-og-saftige-blabaermuffins\">Sunne og saftige bl\u00e5b\u00e6rmuffins<\/h2>\n\n\n\n<p class=\"has-text-align-left\">Hvem elsker ikke muffins? S\u00e6rlig n\u00e5r du kan f\u00e5 dem b\u00e5de sunne og gode! Lager du dem kvelden i forveien har du en rask, sunn og supergod frokost, som gir energi b\u00e5de til skole og jobb.Oppskriften gir 8-10 bl\u00e5b\u00e6rmuffins.<\/p>\n\n\n\n<p class=\"has-text-align-left\"><strong>Tid:<\/strong> 40 minutter<\/p>\n\n\n\n<p class=\"has-text-align-left\"><strong>Niv\u00e5:<\/strong> Enkelt<\/p>\n\n\n\n<p class=\"has-text-align-left\">&nbsp;<\/p>\n\n\n\n<div class=\"wp-block-button\"><a class=\"wp-block-button__link\" href=\"https:\/\/mills.no\/soft-flora\/oppskrift\/blabaermuffins\/\">F\u00e5 oppskriften her<\/a><\/div>\n\n\n\n<p><\/p>\n<\/div>\n<\/div><\/div>\n\n\n\n<div class=\"wp-block-media-text alignwide is-stacked-on-mobile is-image-fill has-neutral-1000-color has-neutral-0-background-color has-text-color has-background\"><figure class=\"wp-block-media-text__media\" style=\"background-image:url(https:\/\/mills.no\/content\/uploads\/sites\/6\/2022\/01\/Pannekakebiter_1920.jpg);background-position:50% 50%\"><img loading=\"lazy\" decoding=\"async\" width=\"1920\" height=\"1280\" src=\"https:\/\/mills.no\/content\/uploads\/sites\/6\/2022\/01\/Pannekakebiter_1920.jpg\" alt=\"\" class=\"wp-image-465 size-full\" srcset=\"https:\/\/mills.no\/content\/uploads\/sites\/6\/2022\/01\/Pannekakebiter_1920.jpg 1920w, https:\/\/mills.no\/content\/uploads\/sites\/6\/2022\/01\/Pannekakebiter_1920-300x200.jpg 300w, https:\/\/mills.no\/content\/uploads\/sites\/6\/2022\/01\/Pannekakebiter_1920-1024x683.jpg 1024w, https:\/\/mills.no\/content\/uploads\/sites\/6\/2022\/01\/Pannekakebiter_1920-768x512.jpg 768w, https:\/\/mills.no\/content\/uploads\/sites\/6\/2022\/01\/Pannekakebiter_1920-1536x1024.jpg 1536w, https:\/\/mills.no\/content\/uploads\/sites\/6\/2022\/01\/Pannekakebiter_1920-80x53.jpg 80w\" sizes=\"auto, (max-width: 1920px) 100vw, 1920px\" \/><\/figure><div class=\"wp-block-media-text__content\">\n<div class=\"wp-block-group is-layout-flow wp-block-group-is-layout-flow\">\n<h2 class=\"has-text-align-center wp-block-heading\" id=\"h-sma-pannekaker-med-blabaer\">Sm\u00e5 pannekaker med bl\u00e5b\u00e6r<\/h2>\n\n\n\n<p class=\"has-text-align-left\">Elsker du smaken av pannekaker og vil nyte den oftere enn til pannekakemiddagen? Med disse sm\u00e5 pannekakebitene f\u00e5r du en herlig munnfull med smak av pannekaker og bl\u00e5b\u00e6r. Pannekakebitene inneholder grovt mel og lite s\u00f8tning, og passer derfor like godt til matpakken som n\u00e5r det kommer gjester p\u00e5 bes\u00f8k. Frys de ned, s\u00e5 har du alltid litt pannekaker p\u00e5 lur. Oppskriften gir 24 sm\u00e5 pannekaker.<\/p>\n\n\n\n<p class=\"has-text-align-left\"><strong>Tid:<\/strong> 25 min<\/p>\n\n\n\n<p class=\"has-text-align-left\"><strong>Niv\u00e5:<\/strong> Enkelt<\/p>\n\n\n\n<div class=\"wp-block-button\"><a class=\"wp-block-button__link\" href=\"https:\/\/mills.no\/soft-flora\/oppskrift\/sma-pannekaker-med-blabaer\/\">Slik lager du dem<\/a><\/div>\n<\/div>\n<\/div><\/div>\n\n\n\n<div class=\"wp-block-media-text alignwide is-stacked-on-mobile is-image-fill has-neutral-1000-color has-neutral-0-background-color has-text-color has-background\"><figure class=\"wp-block-media-text__media\" style=\"background-image:url(https:\/\/mills.no\/content\/uploads\/sites\/6\/2018\/09\/BlC3A5bC3A6rbrC3B8d_1920.jpg);background-position:50% 50%\"><img loading=\"lazy\" decoding=\"async\" width=\"1920\" height=\"1280\" src=\"https:\/\/mills.no\/content\/uploads\/sites\/6\/2018\/09\/BlC3A5bC3A6rbrC3B8d_1920.jpg\" alt=\"\" class=\"wp-image-369 size-full\" srcset=\"https:\/\/mills.no\/content\/uploads\/sites\/6\/2018\/09\/BlC3A5bC3A6rbrC3B8d_1920.jpg 1920w, https:\/\/mills.no\/content\/uploads\/sites\/6\/2018\/09\/BlC3A5bC3A6rbrC3B8d_1920-300x200.jpg 300w, https:\/\/mills.no\/content\/uploads\/sites\/6\/2018\/09\/BlC3A5bC3A6rbrC3B8d_1920-1024x683.jpg 1024w, https:\/\/mills.no\/content\/uploads\/sites\/6\/2018\/09\/BlC3A5bC3A6rbrC3B8d_1920-768x512.jpg 768w, https:\/\/mills.no\/content\/uploads\/sites\/6\/2018\/09\/BlC3A5bC3A6rbrC3B8d_1920-1536x1024.jpg 1536w, https:\/\/mills.no\/content\/uploads\/sites\/6\/2018\/09\/BlC3A5bC3A6rbrC3B8d_1920-80x53.jpg 80w\" sizes=\"auto, (max-width: 1920px) 100vw, 1920px\" \/><\/figure><div class=\"wp-block-media-text__content\">\n<div class=\"wp-block-group is-layout-flow wp-block-group-is-layout-flow\">\n<h2 class=\"has-text-align-center wp-block-heading\" id=\"h-saftig-blabaerbrod\">Saftig bl\u00e5b\u00e6rbr\u00f8d<\/h2>\n\n\n\n<p class=\"has-text-align-left\">Dette saftige br\u00f8det er fylt med h\u00f8stens bl\u00e5b\u00e6r og bakt med grovt mel som metter godt. Det smaker nydelig b\u00e5de som en br\u00f8dskive med salt eller s\u00f8tt p\u00e5legg, eller som tilbeh\u00f8r til kaffen eller teen.<\/p>\n\n\n\n<p class=\"has-text-align-left\"><strong>Tid:<\/strong> 60 min<\/p>\n\n\n\n<p class=\"has-text-align-left\"><strong>Niv\u00e5:<\/strong> Enkelt<\/p>\n\n\n\n<div class=\"wp-block-button\"><a class=\"wp-block-button__link\" href=\"https:\/\/mills.no\/soft-flora\/oppskrift\/saftig-blabaerbrod\/\">Se oppskriften her<\/a><\/div>\n<\/div>\n<\/div><\/div>\n\n\n\n<div class=\"wp-block-media-text alignwide is-stacked-on-mobile is-image-fill has-neutral-1000-color has-neutral-0-background-color has-text-color has-background\"><figure class=\"wp-block-media-text__media\" style=\"background-image:url(https:\/\/mills.no\/content\/uploads\/sites\/6\/2022\/01\/BlC3A5bC3A6rvafler_1920.jpg);background-position:50% 50%\"><img loading=\"lazy\" decoding=\"async\" width=\"1920\" height=\"1280\" src=\"https:\/\/mills.no\/content\/uploads\/sites\/6\/2022\/01\/BlC3A5bC3A6rvafler_1920.jpg\" alt=\"\" class=\"wp-image-466 size-full\" srcset=\"https:\/\/mills.no\/content\/uploads\/sites\/6\/2022\/01\/BlC3A5bC3A6rvafler_1920.jpg 1920w, https:\/\/mills.no\/content\/uploads\/sites\/6\/2022\/01\/BlC3A5bC3A6rvafler_1920-300x200.jpg 300w, https:\/\/mills.no\/content\/uploads\/sites\/6\/2022\/01\/BlC3A5bC3A6rvafler_1920-1024x683.jpg 1024w, https:\/\/mills.no\/content\/uploads\/sites\/6\/2022\/01\/BlC3A5bC3A6rvafler_1920-768x512.jpg 768w, https:\/\/mills.no\/content\/uploads\/sites\/6\/2022\/01\/BlC3A5bC3A6rvafler_1920-1536x1024.jpg 1536w, https:\/\/mills.no\/content\/uploads\/sites\/6\/2022\/01\/BlC3A5bC3A6rvafler_1920-80x53.jpg 80w\" sizes=\"auto, (max-width: 1920px) 100vw, 1920px\" \/><\/figure><div class=\"wp-block-media-text__content\">\n<div class=\"wp-block-group is-layout-flow wp-block-group-is-layout-flow\">\n<h2 class=\"has-text-align-center wp-block-heading\" id=\"h-grove-blabaervafler\">Grove bl\u00e5b\u00e6rvafler<\/h2>\n\n\n\n<p class=\"has-text-align-left\">Med disse bl\u00e5b\u00e6rvaflene kan du droppe bl\u00e5b\u00e6rsyltet\u00f8yet og heller nyte smaken av varme bl\u00e5b\u00e6r i vaflene. Vaflene inneholder grovt mel og metter derfor godt, mens kanelen gir s\u00f8dme uten \u00e5 m\u00e5tte bruke for mye sukker. Bl\u00e5b\u00e6rvaflene passer derfor like godt til matpakken som til dessert. Oppskriften gir cirka 8 vaffelplater.<\/p>\n\n\n\n<div class=\"wp-block-button\"><a class=\"wp-block-button__link\" href=\"https:\/\/mills.no\/soft-flora\/oppskrift\/blabaervafler\/\">Slik gj\u00f8r du<\/a><\/div>\n<\/div>\n<\/div><\/div>\n\n\n\n\t\t<div class=\"has-background has-neutral-50-background-color is-style-vertical-spacing is-style-horizontal-spacing alignwide wp-block-mills-section has-background has-neutral-50-background-color\">\n\t\t\t<div class=\"wp-block-mills-section__inner alignwide\">\n\t\t\t\t\n\n<h2 class=\"has-text-align-center aligncenter wp-block-heading\" id=\"h-flere-gode-oppskrifter\">Flere gode oppskrifter:<\/h2>\n\n\n<div class=\"t2-featured-content-layout alignwide alignwide wp-block-t2-featured-content-layout\" role=\"list\">\n<div class=\"t2-featured-single-post t2-featured-content is-post-type-recipe brand-soft-flora recipe_category-frokost-og-lunsj wp-block-t2-featured-single-post\" role=\"listitem\"><a class=\"t2-post-link wp-block-t2-post-link\" href=\"https:\/\/mills.no\/soft-flora\/oppskrift\/havrelapper\/\">\n<figure style=\"--t2-focal-point: 50% 50%;\" class=\"t2-post-featured-image has-image-ratio-16-9 wp-block-t2-post-featured-image\"><img loading=\"lazy\" decoding=\"async\" width=\"1920\" height=\"1280\" src=\"https:\/\/mills.no\/content\/uploads\/2018\/05\/Havrelapper_1920.jpg\" class=\"attachment-medium-large size-medium-large wp-post-image\" alt=\"havrelapper med r\u00f8mme og r\u00f8rte b\u00e6r\" srcset=\"https:\/\/mills.no\/content\/uploads\/2018\/05\/Havrelapper_1920.jpg 1920w, https:\/\/mills.no\/content\/uploads\/2018\/05\/Havrelapper_1920-300x200.jpg 300w, https:\/\/mills.no\/content\/uploads\/2018\/05\/Havrelapper_1920-1024x683.jpg 1024w, https:\/\/mills.no\/content\/uploads\/2018\/05\/Havrelapper_1920-768x512.jpg 768w, https:\/\/mills.no\/content\/uploads\/2018\/05\/Havrelapper_1920-1536x1024.jpg 1536w, https:\/\/mills.no\/content\/uploads\/2018\/05\/Havrelapper_1920-80x53.jpg 80w\" sizes=\"auto, (max-width: 1920px) 100vw, 1920px\" \/><\/figure>\n\n<div class=\"wp-block-group alignfull is-layout-flow wp-block-group-is-layout-flow\">\n\t<h2 class=\"t2-post-title wp-block-t2-post-title\">Havrelapper<\/h2>\n\t<div class=\"t2-post-excerpt wp-block-t2-post-excerpt\"><p>Disse havrelappene er b\u00e5de smakfulle, saftige og metter godt. De egner seg godt til b\u00e5de frokost, lunsj og kvelds, og&hellip;<\/p><\/div>\n\t\n\t\t<div class=\"wp-block-mills-block-recipe-info\">\n\t\t\t<div class=\"mills-block-recipe-info-item mills-block-recipe-info-item--difficulty\">Enkel<\/div>\n\t\t\t<div class=\"mills-block-recipe-info-item mills-block-recipe-info-item--time\">45 min<\/div>\n\t\t<\/div>\n<\/div>\n\n<\/a>\n<\/div>\n\n<div class=\"t2-featured-single-post t2-featured-content is-post-type-recipe brand-soft-flora recipe_category-allergivennlig recipe_category-frokost-og-lunsj recipe_category-kaker-kos wp-block-t2-featured-single-post\" role=\"listitem\"><a class=\"t2-post-link wp-block-t2-post-link\" href=\"https:\/\/mills.no\/soft-flora\/oppskrift\/grove-glutenfrie-vafler\/\">\n<figure style=\"--t2-focal-point: 50% 50%;\" class=\"t2-post-featured-image has-image-ratio-16-9 wp-block-t2-post-featured-image\"><img loading=\"lazy\" decoding=\"async\" width=\"1600\" height=\"1067\" src=\"https:\/\/mills.no\/content\/uploads\/2017\/12\/Grove-glutenfrie-vafler-uten-melk-3_1920.jpg\" class=\"attachment-medium-large size-medium-large wp-post-image\" alt=\"grove glutenfrie vafler\" srcset=\"https:\/\/mills.no\/content\/uploads\/2017\/12\/Grove-glutenfrie-vafler-uten-melk-3_1920.jpg 1600w, https:\/\/mills.no\/content\/uploads\/2017\/12\/Grove-glutenfrie-vafler-uten-melk-3_1920-300x200.jpg 300w, https:\/\/mills.no\/content\/uploads\/2017\/12\/Grove-glutenfrie-vafler-uten-melk-3_1920-1024x683.jpg 1024w, https:\/\/mills.no\/content\/uploads\/2017\/12\/Grove-glutenfrie-vafler-uten-melk-3_1920-768x512.jpg 768w, https:\/\/mills.no\/content\/uploads\/2017\/12\/Grove-glutenfrie-vafler-uten-melk-3_1920-1536x1024.jpg 1536w, https:\/\/mills.no\/content\/uploads\/2017\/12\/Grove-glutenfrie-vafler-uten-melk-3_1920-80x53.jpg 80w\" sizes=\"auto, (max-width: 1600px) 100vw, 1600px\" \/><\/figure>\n\n<div class=\"wp-block-group alignfull is-layout-flow wp-block-group-is-layout-flow\">\n\t<h2 class=\"t2-post-title wp-block-t2-post-title\">Grove, glutenfrie vafler uten melk<\/h2>\n\t<div class=\"t2-post-excerpt wp-block-t2-post-excerpt\"><p>Disse nydelige vaflene smaker fantastisk og er helt frie for b\u00e5de melk og gluten. Perfekt n\u00e5r det er allergier \u00e5&hellip;<\/p><\/div>\n\t\n\t\t<div class=\"wp-block-mills-block-recipe-info\">\n\t\t\t<div class=\"mills-block-recipe-info-item mills-block-recipe-info-item--difficulty\">Enkel<\/div>\n\t\t\t<div class=\"mills-block-recipe-info-item mills-block-recipe-info-item--time\">40 min<\/div>\n\t\t<\/div>\n<\/div>\n\n<\/a>\n<\/div>\n\n<div class=\"t2-featured-single-post t2-featured-content is-post-type-recipe brand-soft-flora recipe_category-kaker-kos recipe_topic-paske wp-block-t2-featured-single-post\" role=\"listitem\"><a class=\"t2-post-link wp-block-t2-post-link\" href=\"https:\/\/mills.no\/soft-flora\/oppskrift\/appelsinmuffins-med-kvikk-lunsj\/\">\n<figure style=\"--t2-focal-point: 50% 50%;\" class=\"t2-post-featured-image has-image-ratio-16-9 wp-block-t2-post-featured-image\"><img loading=\"lazy\" decoding=\"async\" width=\"1920\" height=\"1280\" src=\"https:\/\/mills.no\/content\/uploads\/2017\/12\/Appelsinmuffins_1920.jpg\" class=\"attachment-medium-large size-medium-large wp-post-image\" alt=\"Appelsinmuffins\" srcset=\"https:\/\/mills.no\/content\/uploads\/2017\/12\/Appelsinmuffins_1920.jpg 1920w, https:\/\/mills.no\/content\/uploads\/2017\/12\/Appelsinmuffins_1920-300x200.jpg 300w, https:\/\/mills.no\/content\/uploads\/2017\/12\/Appelsinmuffins_1920-1024x683.jpg 1024w, https:\/\/mills.no\/content\/uploads\/2017\/12\/Appelsinmuffins_1920-768x512.jpg 768w, https:\/\/mills.no\/content\/uploads\/2017\/12\/Appelsinmuffins_1920-1536x1024.jpg 1536w, https:\/\/mills.no\/content\/uploads\/2017\/12\/Appelsinmuffins_1920-80x53.jpg 80w\" sizes=\"auto, (max-width: 1920px) 100vw, 1920px\" \/><\/figure>\n\n<div class=\"wp-block-group alignfull is-layout-flow wp-block-group-is-layout-flow\">\n\t<h2 class=\"t2-post-title wp-block-t2-post-title\">Appelsinmuffins med kvikk lunsj<\/h2>\n\t<div class=\"t2-post-excerpt wp-block-t2-post-excerpt\"><p>Appelsin og kvikk lunsj p\u00e5 turen er n\u00e6rmest obligatorisk. I denne deilige muffinsoppskriften har vi kombinert disse to, s\u00e5 kan&hellip;<\/p><\/div>\n\t\n\t\t<div class=\"wp-block-mills-block-recipe-info\">\n\t\t\t<div class=\"mills-block-recipe-info-item mills-block-recipe-info-item--difficulty\">Enkel<\/div>\n\t\t\t<div class=\"mills-block-recipe-info-item mills-block-recipe-info-item--time\">45 min<\/div>\n\t\t<\/div>\n<\/div>\n\n<\/a>\n<\/div>\n\n<div class=\"t2-featured-single-post t2-featured-content is-post-type-recipe brand-soft-flora recipe_category-frokost-og-lunsj recipe_category-kaker-kos recipe_category-30-minutter recipe_topic-host wp-block-t2-featured-single-post\" role=\"listitem\"><a class=\"t2-post-link wp-block-t2-post-link\" href=\"https:\/\/mills.no\/soft-flora\/oppskrift\/rislapper\/\">\n<figure style=\"--t2-focal-point: 50% 50%;\" class=\"t2-post-featured-image has-image-ratio-16-9 wp-block-t2-post-featured-image\"><img loading=\"lazy\" decoding=\"async\" width=\"1600\" height=\"775\" src=\"https:\/\/mills.no\/content\/uploads\/2017\/12\/Rislapper-melisdryss_1920.jpg\" class=\"attachment-medium-large size-medium-large wp-post-image\" alt=\"Rislapper av risgr\u00f8t\" srcset=\"https:\/\/mills.no\/content\/uploads\/2017\/12\/Rislapper-melisdryss_1920.jpg 1600w, https:\/\/mills.no\/content\/uploads\/2017\/12\/Rislapper-melisdryss_1920-300x145.jpg 300w, https:\/\/mills.no\/content\/uploads\/2017\/12\/Rislapper-melisdryss_1920-1024x496.jpg 1024w, https:\/\/mills.no\/content\/uploads\/2017\/12\/Rislapper-melisdryss_1920-768x372.jpg 768w, https:\/\/mills.no\/content\/uploads\/2017\/12\/Rislapper-melisdryss_1920-1536x744.jpg 1536w, https:\/\/mills.no\/content\/uploads\/2017\/12\/Rislapper-melisdryss_1920-80x39.jpg 80w\" sizes=\"auto, (max-width: 1600px) 100vw, 1600px\" \/><\/figure>\n\n<div class=\"wp-block-group alignfull is-layout-flow wp-block-group-is-layout-flow\">\n\t<h2 class=\"t2-post-title wp-block-t2-post-title\">Rislapper av risgr\u00f8t<\/h2>\n\t<div class=\"t2-post-excerpt wp-block-t2-post-excerpt\"><p>Det er ingen grunn til \u00e5 kaste restene av risgr\u00f8ten, for de kan nemlig forvandles til disse nydelige rislappene. Lag&hellip;<\/p><\/div>\n\t\n\t\t<div class=\"wp-block-mills-block-recipe-info\">\n\t\t\t<div class=\"mills-block-recipe-info-item mills-block-recipe-info-item--difficulty\">Enkel<\/div>\n\t\t\t<div class=\"mills-block-recipe-info-item mills-block-recipe-info-item--time\">15 min<\/div>\n\t\t<\/div>\n<\/div>\n\n<\/a>\n<\/div>\n\n<div class=\"t2-featured-single-post t2-featured-content is-post-type-recipe brand-soft-flora recipe_category-frokost-og-lunsj wp-block-t2-featured-single-post\" role=\"listitem\"><a class=\"t2-post-link wp-block-t2-post-link\" href=\"https:\/\/mills.no\/soft-flora\/oppskrift\/speltlapper\/\">\n<figure style=\"--t2-focal-point: 50% 50%;\" class=\"t2-post-featured-image has-image-ratio-16-9 wp-block-t2-post-featured-image\"><img loading=\"lazy\" decoding=\"async\" width=\"1600\" height=\"1067\" src=\"https:\/\/mills.no\/content\/uploads\/2017\/11\/Speltlapper.jpg\" class=\"attachment-medium-large size-medium-large wp-post-image\" alt=\"speltlapper\" srcset=\"https:\/\/mills.no\/content\/uploads\/2017\/11\/Speltlapper.jpg 1600w, https:\/\/mills.no\/content\/uploads\/2017\/11\/Speltlapper-300x200.jpg 300w, https:\/\/mills.no\/content\/uploads\/2017\/11\/Speltlapper-1024x683.jpg 1024w, https:\/\/mills.no\/content\/uploads\/2017\/11\/Speltlapper-768x512.jpg 768w, https:\/\/mills.no\/content\/uploads\/2017\/11\/Speltlapper-1536x1024.jpg 1536w, https:\/\/mills.no\/content\/uploads\/2017\/11\/Speltlapper-80x53.jpg 80w\" sizes=\"auto, (max-width: 1600px) 100vw, 1600px\" \/><\/figure>\n\n<div class=\"wp-block-group alignfull is-layout-flow wp-block-group-is-layout-flow\">\n\t<h2 class=\"t2-post-title wp-block-t2-post-title\">Saftige, luftige speltlapper<\/h2>\n\t<div class=\"t2-post-excerpt wp-block-t2-post-excerpt\"><p>Disse luftige og saftige speltlappene passer perfekt til helgefrokosten. Har du litt lapper til overs, egner de seg dessuten godt&hellip;<\/p><\/div>\n\t\n\t\t<div class=\"wp-block-mills-block-recipe-info\">\n\t\t\t<div class=\"mills-block-recipe-info-item mills-block-recipe-info-item--difficulty\">Enkel<\/div>\n\t\t\t<div class=\"mills-block-recipe-info-item mills-block-recipe-info-item--time\">25 min<\/div>\n\t\t<\/div>\n<\/div>\n\n<\/a>\n<\/div>\n\n<div class=\"t2-featured-single-post t2-featured-content is-post-type-recipe brand-soft-flora recipe_category-bakst-og-brod recipe_category-frokost-og-lunsj recipe_category-kaker-kos recipe_topic-host wp-block-t2-featured-single-post\" role=\"listitem\"><a class=\"t2-post-link wp-block-t2-post-link\" href=\"https:\/\/mills.no\/soft-flora\/oppskrift\/grove-eplemuffins-havregryn\/\">\n<figure style=\"--t2-focal-point: 50% 50%;\" class=\"t2-post-featured-image has-image-ratio-16-9 wp-block-t2-post-featured-image\"><img loading=\"lazy\" decoding=\"async\" width=\"1920\" height=\"930\" src=\"https:\/\/mills.no\/content\/uploads\/2017\/11\/eplemuffins1920.jpg\" class=\"attachment-medium-large size-medium-large wp-post-image\" alt=\"Eplemuffins p\u00e5 gr\u00f8nn tallerken\" srcset=\"https:\/\/mills.no\/content\/uploads\/2017\/11\/eplemuffins1920.jpg 1920w, https:\/\/mills.no\/content\/uploads\/2017\/11\/eplemuffins1920-300x145.jpg 300w, https:\/\/mills.no\/content\/uploads\/2017\/11\/eplemuffins1920-1024x496.jpg 1024w, https:\/\/mills.no\/content\/uploads\/2017\/11\/eplemuffins1920-768x372.jpg 768w, https:\/\/mills.no\/content\/uploads\/2017\/11\/eplemuffins1920-1536x744.jpg 1536w, https:\/\/mills.no\/content\/uploads\/2017\/11\/eplemuffins1920-80x39.jpg 80w\" sizes=\"auto, (max-width: 1920px) 100vw, 1920px\" \/><\/figure>\n\n<div class=\"wp-block-group alignfull is-layout-flow wp-block-group-is-layout-flow\">\n\t<h2 class=\"t2-post-title wp-block-t2-post-title\">Saftige grove eplemuffins med havremel<\/h2>\n\t<div class=\"t2-post-excerpt wp-block-t2-post-excerpt\"><p>S\u00f8te, saftige og sunne \u2013 deilige eplemuffins med havre og kanel passer like godt til frokostkaffen som i matboksen til&hellip;<\/p><\/div>\n\t\n\t\t<div class=\"wp-block-mills-block-recipe-info\">\n\t\t\t<div class=\"mills-block-recipe-info-item mills-block-recipe-info-item--difficulty\">Enkel<\/div>\n\t\t\t<div class=\"mills-block-recipe-info-item mills-block-recipe-info-item--time\">50 min<\/div>\n\t\t<\/div>\n<\/div>\n\n<\/a>\n<\/div>\n\n<div class=\"t2-featured-single-post t2-featured-content is-post-type-recipe brand-soft-flora recipe_category-kaker-kos wp-block-t2-featured-single-post\" role=\"listitem\"><a class=\"t2-post-link wp-block-t2-post-link\" href=\"https:\/\/mills.no\/soft-flora\/oppskrift\/hjemmelagde-cinnastix\/\">\n<figure style=\"--t2-focal-point: 50% 50%;\" class=\"t2-post-featured-image has-image-ratio-16-9 wp-block-t2-post-featured-image\"><img loading=\"lazy\" decoding=\"async\" width=\"1920\" height=\"1280\" src=\"https:\/\/mills.no\/content\/uploads\/2017\/07\/Cinnastix_1920.jpg\" class=\"attachment-medium-large size-medium-large wp-post-image\" alt=\"cinnastix\" srcset=\"https:\/\/mills.no\/content\/uploads\/2017\/07\/Cinnastix_1920.jpg 1920w, https:\/\/mills.no\/content\/uploads\/2017\/07\/Cinnastix_1920-300x200.jpg 300w, https:\/\/mills.no\/content\/uploads\/2017\/07\/Cinnastix_1920-1024x683.jpg 1024w, https:\/\/mills.no\/content\/uploads\/2017\/07\/Cinnastix_1920-768x512.jpg 768w, https:\/\/mills.no\/content\/uploads\/2017\/07\/Cinnastix_1920-1536x1024.jpg 1536w, https:\/\/mills.no\/content\/uploads\/2017\/07\/Cinnastix_1920-80x53.jpg 80w\" sizes=\"auto, (max-width: 1920px) 100vw, 1920px\" \/><\/figure>\n\n<div class=\"wp-block-group alignfull is-layout-flow wp-block-group-is-layout-flow\">\n\t<h2 class=\"t2-post-title wp-block-t2-post-title\">Hjemmelagde cinnastix<\/h2>\n\t<div class=\"t2-post-excerpt wp-block-t2-post-excerpt\"><p>Cinnastix, eller kanelstenger som vi kan kalle det p\u00e5 godt norsk, er pizzadesserten som er gjort verdensber\u00f8mt av en stor&hellip;<\/p><\/div>\n\t\n\t\t<div class=\"wp-block-mills-block-recipe-info\">\n\t\t\t<div class=\"mills-block-recipe-info-item mills-block-recipe-info-item--difficulty\">Enkel<\/div>\n\t\t\t<div class=\"mills-block-recipe-info-item mills-block-recipe-info-item--time\">20 min<\/div>\n\t\t<\/div>\n<\/div>\n\n<\/a>\n<\/div>\n\n<div class=\"t2-featured-single-post t2-featured-content is-post-type-recipe brand-soft-flora recipe_category-kaker-kos wp-block-t2-featured-single-post\" role=\"listitem\"><a class=\"t2-post-link wp-block-t2-post-link\" href=\"https:\/\/mills.no\/soft-flora\/oppskrift\/myke-cookies\/\">\n<figure style=\"--t2-focal-point: 50% 50%;\" class=\"t2-post-featured-image has-image-ratio-16-9 wp-block-t2-post-featured-image\"><img loading=\"lazy\" decoding=\"async\" width=\"1920\" height=\"1280\" src=\"https:\/\/mills.no\/content\/uploads\/2017\/03\/cookies-av-havregrC3B8t_1920.jpg\" class=\"attachment-medium-large size-medium-large wp-post-image\" alt=\"Myke cookies av havregr\u00f8t\" srcset=\"https:\/\/mills.no\/content\/uploads\/2017\/03\/cookies-av-havregrC3B8t_1920.jpg 1920w, https:\/\/mills.no\/content\/uploads\/2017\/03\/cookies-av-havregrC3B8t_1920-300x200.jpg 300w, https:\/\/mills.no\/content\/uploads\/2017\/03\/cookies-av-havregrC3B8t_1920-1024x683.jpg 1024w, https:\/\/mills.no\/content\/uploads\/2017\/03\/cookies-av-havregrC3B8t_1920-768x512.jpg 768w, https:\/\/mills.no\/content\/uploads\/2017\/03\/cookies-av-havregrC3B8t_1920-1536x1024.jpg 1536w, https:\/\/mills.no\/content\/uploads\/2017\/03\/cookies-av-havregrC3B8t_1920-80x53.jpg 80w\" sizes=\"auto, (max-width: 1920px) 100vw, 1920px\" \/><\/figure>\n\n<div class=\"wp-block-group alignfull is-layout-flow wp-block-group-is-layout-flow\">\n\t<h2 class=\"t2-post-title wp-block-t2-post-title\">Myke cookies av havregr\u00f8t<\/h2>\n\t<div class=\"t2-post-excerpt wp-block-t2-post-excerpt\"><p>Ingen grunn til \u00e5 kaste restene av havregr\u00f8t n\u00e5r du kan forvandle den til nydelige myke cookies. Kjeksene bakes ut&hellip;<\/p><\/div>\n\t\n\t\t<div class=\"wp-block-mills-block-recipe-info\">\n\t\t\t<div class=\"mills-block-recipe-info-item mills-block-recipe-info-item--difficulty\">Enkel<\/div>\n\t\t\t<div class=\"mills-block-recipe-info-item mills-block-recipe-info-item--time\">25 min<\/div>\n\t\t<\/div>\n<\/div>\n\n<\/a>\n<\/div>\n<\/div>\n\n\t\t\t<\/div>\n\t\t<\/div>","protected":false},"excerpt":{"rendered":"<p>Bl\u00e5b\u00e6r gir en herlig smak til baksten. Her har vi samlet v\u00e5re oppskrifter med bl\u00e5b\u00e6r. Pr\u00f8v for eksempel oppskriften p\u00e5&hellip;<\/p>\n","protected":false},"author":2,"featured_media":369,"comment_status":"closed","ping_status":"closed","sticky":false,"template":"","format":"standard","meta":{"_searchwp_excluded":"","footnotes":""},"categories":[79],"tags":[],"class_list":["post-368","post","type-post","status-publish","format-standard","has-post-thumbnail","hentry","category-soft-flora"],"yoast_head":"<!-- This site is optimized with the Yoast SEO Premium plugin v26.9 (Yoast SEO v26.9) - https:\/\/yoast.com\/product\/yoast-seo-premium-wordpress\/ -->\n<title>Oppskrifter med bl\u00e5b\u00e6r | Tips og oppskrifter fra Soft Flora<\/title>\n<meta name=\"description\" content=\"Pr\u00f8v oppskriften p\u00e5 sunnere bl\u00e5b\u00e6rmuffins med banan og grovt mel, bl\u00e5b\u00e6rbr\u00f8d eller sm\u00e5 s\u00f8te minipannekaker med bl\u00e5b\u00e6r. Slik lager du dem:\" \/>\n<meta name=\"robots\" content=\"index, follow, max-snippet:-1, max-image-preview:large, max-video-preview:-1\" \/>\n<link rel=\"canonical\" href=\"https:\/\/mills.no\/soft-flora\/oppskrifter-med-blabaer\/\" \/>\n<meta property=\"og:locale\" content=\"nb_NO\" \/>\n<meta property=\"og:type\" content=\"article\" \/>\n<meta property=\"og:title\" content=\"Oppskrifter med bl\u00e5b\u00e6r\" \/>\n<meta property=\"og:description\" content=\"F\u00e5 oppskrift p\u00e5 deilig bl\u00e5b\u00e6rbr\u00f8d, sunnere bl\u00e5b\u00e6rmuffins eller sm\u00e5 pannekaker med bl\u00e5b\u00e6rfyll.\" \/>\n<meta property=\"og:url\" content=\"https:\/\/mills.no\/soft-flora\/oppskrifter-med-blabaer\/\" \/>\n<meta property=\"og:site_name\" content=\"Soft Flora\" \/>\n<meta property=\"article:published_time\" content=\"2018-09-07T06:22:56+00:00\" \/>\n<meta property=\"article:modified_time\" content=\"2024-02-07T08:16:21+00:00\" \/>\n<meta name=\"author\" content=\"Grete\" \/>\n<meta name=\"twitter:card\" content=\"summary_large_image\" \/>\n<meta name=\"twitter:title\" content=\"Oppskrifter med bl\u00e5b\u00e6r\" \/>\n<meta name=\"twitter:image\" content=\"https:\/\/mills.no\/content\/uploads\/sites\/6\/2018\/09\/BlC3A5bC3A6rbrC3B8d_1920.jpg\" \/>\n<meta name=\"twitter:label1\" content=\"Skrevet av\" \/>\n\t<meta name=\"twitter:data1\" content=\"Grete\" \/>\n\t<meta name=\"twitter:label2\" content=\"Ansl. lesetid\" \/>\n\t<meta name=\"twitter:data2\" content=\"3 minutter\" \/>\n<script type=\"application\/ld+json\" class=\"yoast-schema-graph\">{\"@context\":\"https:\/\/schema.org\",\"@graph\":[{\"@type\":\"Article\",\"@id\":\"https:\/\/mills.no\/soft-flora\/oppskrifter-med-blabaer\/#article\",\"isPartOf\":{\"@id\":\"https:\/\/mills.no\/soft-flora\/oppskrifter-med-blabaer\/\"},\"author\":{\"name\":\"Grete\",\"@id\":\"https:\/\/mills.no\/soft-flora\/#\/schema\/person\/ab5a3a4aa78c6d908a509ddc011ef4fa\"},\"headline\":\"Oppskrifter med bl\u00e5b\u00e6r\",\"datePublished\":\"2018-09-07T06:22:56+00:00\",\"dateModified\":\"2024-02-07T08:16:21+00:00\",\"mainEntityOfPage\":{\"@id\":\"https:\/\/mills.no\/soft-flora\/oppskrifter-med-blabaer\/\"},\"wordCount\":275,\"publisher\":{\"@id\":\"https:\/\/mills.no\/soft-flora\/#organization\"},\"image\":{\"@id\":\"https:\/\/mills.no\/soft-flora\/oppskrifter-med-blabaer\/#primaryimage\"},\"thumbnailUrl\":\"https:\/\/mills.no\/content\/uploads\/sites\/6\/2018\/09\/BlC3A5bC3A6rbrC3B8d_1920.jpg\",\"articleSection\":[\"Soft Flora\"],\"inLanguage\":\"nb-NO\"},{\"@type\":\"WebPage\",\"@id\":\"https:\/\/mills.no\/soft-flora\/oppskrifter-med-blabaer\/\",\"url\":\"https:\/\/mills.no\/soft-flora\/oppskrifter-med-blabaer\/\",\"name\":\"Oppskrifter med bl\u00e5b\u00e6r | Tips og oppskrifter fra Soft Flora\",\"isPartOf\":{\"@id\":\"https:\/\/mills.no\/soft-flora\/#website\"},\"primaryImageOfPage\":{\"@id\":\"https:\/\/mills.no\/soft-flora\/oppskrifter-med-blabaer\/#primaryimage\"},\"image\":{\"@id\":\"https:\/\/mills.no\/soft-flora\/oppskrifter-med-blabaer\/#primaryimage\"},\"thumbnailUrl\":\"https:\/\/mills.no\/content\/uploads\/sites\/6\/2018\/09\/BlC3A5bC3A6rbrC3B8d_1920.jpg\",\"datePublished\":\"2018-09-07T06:22:56+00:00\",\"dateModified\":\"2024-02-07T08:16:21+00:00\",\"description\":\"Pr\u00f8v oppskriften p\u00e5 sunnere bl\u00e5b\u00e6rmuffins med banan og grovt mel, bl\u00e5b\u00e6rbr\u00f8d eller sm\u00e5 s\u00f8te minipannekaker med bl\u00e5b\u00e6r. Slik lager du dem:\",\"breadcrumb\":{\"@id\":\"https:\/\/mills.no\/soft-flora\/oppskrifter-med-blabaer\/#breadcrumb\"},\"inLanguage\":\"nb-NO\",\"potentialAction\":[{\"@type\":\"ReadAction\",\"target\":[\"https:\/\/mills.no\/soft-flora\/oppskrifter-med-blabaer\/\"]}]},{\"@type\":\"ImageObject\",\"inLanguage\":\"nb-NO\",\"@id\":\"https:\/\/mills.no\/soft-flora\/oppskrifter-med-blabaer\/#primaryimage\",\"url\":\"https:\/\/mills.no\/content\/uploads\/sites\/6\/2018\/09\/BlC3A5bC3A6rbrC3B8d_1920.jpg\",\"contentUrl\":\"https:\/\/mills.no\/content\/uploads\/sites\/6\/2018\/09\/BlC3A5bC3A6rbrC3B8d_1920.jpg\",\"width\":1920,\"height\":1280,\"caption\":\"Bl\u00e5b\u00e6rbr\u00f8d\"},{\"@type\":\"BreadcrumbList\",\"@id\":\"https:\/\/mills.no\/soft-flora\/oppskrifter-med-blabaer\/#breadcrumb\",\"itemListElement\":[{\"@type\":\"ListItem\",\"position\":1,\"name\":\"Home\",\"item\":\"https:\/\/mills.no\/soft-flora\/\"},{\"@type\":\"ListItem\",\"position\":2,\"name\":\"Oppskrifter med bl\u00e5b\u00e6r\"}]},{\"@type\":\"WebSite\",\"@id\":\"https:\/\/mills.no\/soft-flora\/#website\",\"url\":\"https:\/\/mills.no\/soft-flora\/\",\"name\":\"Soft Flora\",\"description\":\"En naturlig familiefavoritt\",\"publisher\":{\"@id\":\"https:\/\/mills.no\/soft-flora\/#organization\"},\"potentialAction\":[{\"@type\":\"SearchAction\",\"target\":{\"@type\":\"EntryPoint\",\"urlTemplate\":\"https:\/\/mills.no\/soft-flora\/?s={search_term_string}\"},\"query-input\":{\"@type\":\"PropertyValueSpecification\",\"valueRequired\":true,\"valueName\":\"search_term_string\"}}],\"inLanguage\":\"nb-NO\"},{\"@type\":\"Organization\",\"@id\":\"https:\/\/mills.no\/soft-flora\/#organization\",\"name\":\"Soft Flora\",\"url\":\"https:\/\/mills.no\/soft-flora\/\",\"logo\":{\"@type\":\"ImageObject\",\"inLanguage\":\"nb-NO\",\"@id\":\"https:\/\/mills.no\/soft-flora\/#\/schema\/logo\/image\/\",\"url\":\"https:\/\/mills.no\/content\/uploads\/sites\/6\/2023\/08\/Soft-Flora_hovedlogo_1.svg\",\"contentUrl\":\"https:\/\/mills.no\/content\/uploads\/sites\/6\/2023\/08\/Soft-Flora_hovedlogo_1.svg\",\"caption\":\"Soft Flora\"},\"image\":{\"@id\":\"https:\/\/mills.no\/soft-flora\/#\/schema\/logo\/image\/\"}},{\"@type\":\"Person\",\"@id\":\"https:\/\/mills.no\/soft-flora\/#\/schema\/person\/ab5a3a4aa78c6d908a509ddc011ef4fa\",\"name\":\"Grete\",\"image\":{\"@type\":\"ImageObject\",\"inLanguage\":\"nb-NO\",\"@id\":\"https:\/\/mills.no\/soft-flora\/#\/schema\/person\/image\/\",\"url\":\"https:\/\/secure.gravatar.com\/avatar\/c9c9df84ea86f0401d58f1d454d71c9a8f39cde9bdde7229c93c6491defdd741?s=96&d=mm&r=g\",\"contentUrl\":\"https:\/\/secure.gravatar.com\/avatar\/c9c9df84ea86f0401d58f1d454d71c9a8f39cde9bdde7229c93c6491defdd741?s=96&d=mm&r=g\",\"caption\":\"Grete\"},\"url\":\"https:\/\/mills.no\/soft-flora\/author\/mills\/\"}]}<\/script>\n<!-- \/ Yoast SEO Premium plugin. -->","yoast_head_json":{"title":"Oppskrifter med bl\u00e5b\u00e6r | Tips og oppskrifter fra Soft Flora","description":"Pr\u00f8v oppskriften p\u00e5 sunnere bl\u00e5b\u00e6rmuffins med banan og grovt mel, bl\u00e5b\u00e6rbr\u00f8d eller sm\u00e5 s\u00f8te minipannekaker med bl\u00e5b\u00e6r. Slik lager du dem:","robots":{"index":"index","follow":"follow","max-snippet":"max-snippet:-1","max-image-preview":"max-image-preview:large","max-video-preview":"max-video-preview:-1"},"canonical":"https:\/\/mills.no\/soft-flora\/oppskrifter-med-blabaer\/","og_locale":"nb_NO","og_type":"article","og_title":"Oppskrifter med bl\u00e5b\u00e6r","og_description":"F\u00e5 oppskrift p\u00e5 deilig bl\u00e5b\u00e6rbr\u00f8d, sunnere bl\u00e5b\u00e6rmuffins eller sm\u00e5 pannekaker med bl\u00e5b\u00e6rfyll.","og_url":"https:\/\/mills.no\/soft-flora\/oppskrifter-med-blabaer\/","og_site_name":"Soft Flora","article_published_time":"2018-09-07T06:22:56+00:00","article_modified_time":"2024-02-07T08:16:21+00:00","author":"Grete","twitter_card":"summary_large_image","twitter_title":"Oppskrifter med bl\u00e5b\u00e6r","twitter_image":"https:\/\/mills.no\/content\/uploads\/sites\/6\/2018\/09\/BlC3A5bC3A6rbrC3B8d_1920.jpg","twitter_misc":{"Skrevet av":"Grete","Ansl. lesetid":"3 minutter"},"schema":{"@context":"https:\/\/schema.org","@graph":[{"@type":"Article","@id":"https:\/\/mills.no\/soft-flora\/oppskrifter-med-blabaer\/#article","isPartOf":{"@id":"https:\/\/mills.no\/soft-flora\/oppskrifter-med-blabaer\/"},"author":{"name":"Grete","@id":"https:\/\/mills.no\/soft-flora\/#\/schema\/person\/ab5a3a4aa78c6d908a509ddc011ef4fa"},"headline":"Oppskrifter med bl\u00e5b\u00e6r","datePublished":"2018-09-07T06:22:56+00:00","dateModified":"2024-02-07T08:16:21+00:00","mainEntityOfPage":{"@id":"https:\/\/mills.no\/soft-flora\/oppskrifter-med-blabaer\/"},"wordCount":275,"publisher":{"@id":"https:\/\/mills.no\/soft-flora\/#organization"},"image":{"@id":"https:\/\/mills.no\/soft-flora\/oppskrifter-med-blabaer\/#primaryimage"},"thumbnailUrl":"https:\/\/mills.no\/content\/uploads\/sites\/6\/2018\/09\/BlC3A5bC3A6rbrC3B8d_1920.jpg","articleSection":["Soft Flora"],"inLanguage":"nb-NO"},{"@type":"WebPage","@id":"https:\/\/mills.no\/soft-flora\/oppskrifter-med-blabaer\/","url":"https:\/\/mills.no\/soft-flora\/oppskrifter-med-blabaer\/","name":"Oppskrifter med bl\u00e5b\u00e6r | Tips og oppskrifter fra Soft Flora","isPartOf":{"@id":"https:\/\/mills.no\/soft-flora\/#website"},"primaryImageOfPage":{"@id":"https:\/\/mills.no\/soft-flora\/oppskrifter-med-blabaer\/#primaryimage"},"image":{"@id":"https:\/\/mills.no\/soft-flora\/oppskrifter-med-blabaer\/#primaryimage"},"thumbnailUrl":"https:\/\/mills.no\/content\/uploads\/sites\/6\/2018\/09\/BlC3A5bC3A6rbrC3B8d_1920.jpg","datePublished":"2018-09-07T06:22:56+00:00","dateModified":"2024-02-07T08:16:21+00:00","description":"Pr\u00f8v oppskriften p\u00e5 sunnere bl\u00e5b\u00e6rmuffins med banan og grovt mel, bl\u00e5b\u00e6rbr\u00f8d eller sm\u00e5 s\u00f8te minipannekaker med bl\u00e5b\u00e6r. Slik lager du dem:","breadcrumb":{"@id":"https:\/\/mills.no\/soft-flora\/oppskrifter-med-blabaer\/#breadcrumb"},"inLanguage":"nb-NO","potentialAction":[{"@type":"ReadAction","target":["https:\/\/mills.no\/soft-flora\/oppskrifter-med-blabaer\/"]}]},{"@type":"ImageObject","inLanguage":"nb-NO","@id":"https:\/\/mills.no\/soft-flora\/oppskrifter-med-blabaer\/#primaryimage","url":"https:\/\/mills.no\/content\/uploads\/sites\/6\/2018\/09\/BlC3A5bC3A6rbrC3B8d_1920.jpg","contentUrl":"https:\/\/mills.no\/content\/uploads\/sites\/6\/2018\/09\/BlC3A5bC3A6rbrC3B8d_1920.jpg","width":1920,"height":1280,"caption":"Bl\u00e5b\u00e6rbr\u00f8d"},{"@type":"BreadcrumbList","@id":"https:\/\/mills.no\/soft-flora\/oppskrifter-med-blabaer\/#breadcrumb","itemListElement":[{"@type":"ListItem","position":1,"name":"Home","item":"https:\/\/mills.no\/soft-flora\/"},{"@type":"ListItem","position":2,"name":"Oppskrifter med bl\u00e5b\u00e6r"}]},{"@type":"WebSite","@id":"https:\/\/mills.no\/soft-flora\/#website","url":"https:\/\/mills.no\/soft-flora\/","name":"Soft Flora","description":"En naturlig familiefavoritt","publisher":{"@id":"https:\/\/mills.no\/soft-flora\/#organization"},"potentialAction":[{"@type":"SearchAction","target":{"@type":"EntryPoint","urlTemplate":"https:\/\/mills.no\/soft-flora\/?s={search_term_string}"},"query-input":{"@type":"PropertyValueSpecification","valueRequired":true,"valueName":"search_term_string"}}],"inLanguage":"nb-NO"},{"@type":"Organization","@id":"https:\/\/mills.no\/soft-flora\/#organization","name":"Soft Flora","url":"https:\/\/mills.no\/soft-flora\/","logo":{"@type":"ImageObject","inLanguage":"nb-NO","@id":"https:\/\/mills.no\/soft-flora\/#\/schema\/logo\/image\/","url":"https:\/\/mills.no\/content\/uploads\/sites\/6\/2023\/08\/Soft-Flora_hovedlogo_1.svg","contentUrl":"https:\/\/mills.no\/content\/uploads\/sites\/6\/2023\/08\/Soft-Flora_hovedlogo_1.svg","caption":"Soft Flora"},"image":{"@id":"https:\/\/mills.no\/soft-flora\/#\/schema\/logo\/image\/"}},{"@type":"Person","@id":"https:\/\/mills.no\/soft-flora\/#\/schema\/person\/ab5a3a4aa78c6d908a509ddc011ef4fa","name":"Grete","image":{"@type":"ImageObject","inLanguage":"nb-NO","@id":"https:\/\/mills.no\/soft-flora\/#\/schema\/person\/image\/","url":"https:\/\/secure.gravatar.com\/avatar\/c9c9df84ea86f0401d58f1d454d71c9a8f39cde9bdde7229c93c6491defdd741?s=96&d=mm&r=g","contentUrl":"https:\/\/secure.gravatar.com\/avatar\/c9c9df84ea86f0401d58f1d454d71c9a8f39cde9bdde7229c93c6491defdd741?s=96&d=mm&r=g","caption":"Grete"},"url":"https:\/\/mills.no\/soft-flora\/author\/mills\/"}]}},"_links":{"self":[{"href":"https:\/\/mills.no\/soft-flora\/wp-json\/wp\/v2\/posts\/368","targetHints":{"allow":["GET"]}}],"collection":[{"href":"https:\/\/mills.no\/soft-flora\/wp-json\/wp\/v2\/posts"}],"about":[{"href":"https:\/\/mills.no\/soft-flora\/wp-json\/wp\/v2\/types\/post"}],"author":[{"embeddable":true,"href":"https:\/\/mills.no\/soft-flora\/wp-json\/wp\/v2\/users\/2"}],"replies":[{"embeddable":true,"href":"https:\/\/mills.no\/soft-flora\/wp-json\/wp\/v2\/comments?post=368"}],"version-history":[{"count":13,"href":"https:\/\/mills.no\/soft-flora\/wp-json\/wp\/v2\/posts\/368\/revisions"}],"predecessor-version":[{"id":1023,"href":"https:\/\/mills.no\/soft-flora\/wp-json\/wp\/v2\/posts\/368\/revisions\/1023"}],"wp:featuredmedia":[{"embeddable":true,"href":"https:\/\/mills.no\/soft-flora\/wp-json\/wp\/v2\/media\/369"}],"wp:attachment":[{"href":"https:\/\/mills.no\/soft-flora\/wp-json\/wp\/v2\/media?parent=368"}],"wp:term":[{"taxonomy":"category","embeddable":true,"href":"https:\/\/mills.no\/soft-flora\/wp-json\/wp\/v2\/categories?post=368"},{"taxonomy":"post_tag","embeddable":true,"href":"https:\/\/mills.no\/soft-flora\/wp-json\/wp\/v2\/tags?post=368"}],"curies":[{"name":"wp","href":"https:\/\/api.w.org\/{rel}","templated":true}]}}