{"id":372,"date":"2018-08-30T09:54:48","date_gmt":"2018-08-30T07:54:48","guid":{"rendered":"https:\/\/mills.no\/soft-flora\/en-broddeig-tre-forskjellige-matpakkebrod\/"},"modified":"2024-02-07T09:16:21","modified_gmt":"2024-02-07T08:16:21","slug":"en-broddeig-tre-matpakkebrod","status":"publish","type":"post","link":"https:\/\/mills.no\/soft-flora\/en-broddeig-tre-matpakkebrod\/","title":{"rendered":"En br\u00f8ddeig &#8211; tre forskjellige matpakkebr\u00f8d"},"content":{"rendered":"<div class=\"mills-block-featured alignwide alignwide wp-block-mills-block-featured\"><img loading=\"lazy\" decoding=\"async\" width=\"1600\" height=\"1067\" style=\"width:100%;height:100%;object-fit:cover\" src=\"https:\/\/mills.no\/content\/uploads\/sites\/6\/2018\/08\/tre_brod.jpg\" class=\"wp-block-cover__image-background\" alt=\"en br\u00f8ddeig, tre br\u00f8d: gulrotbr\u00f8d, solsikkebr\u00f8d og van\u00f8ttbr\u00f8d\" srcset=\"https:\/\/mills.no\/content\/uploads\/sites\/6\/2018\/08\/tre_brod.jpg 1600w, https:\/\/mills.no\/content\/uploads\/sites\/6\/2018\/08\/tre_brod-300x200.jpg 300w, https:\/\/mills.no\/content\/uploads\/sites\/6\/2018\/08\/tre_brod-1024x683.jpg 1024w, https:\/\/mills.no\/content\/uploads\/sites\/6\/2018\/08\/tre_brod-768x512.jpg 768w, https:\/\/mills.no\/content\/uploads\/sites\/6\/2018\/08\/tre_brod-1536x1024.jpg 1536w, https:\/\/mills.no\/content\/uploads\/sites\/6\/2018\/08\/tre_brod-80x53.jpg 80w\" sizes=\"auto, (max-width: 1600px) 100vw, 1600px\" \/><div class=\"wp-block-cover__inner-container\">\n<h1 class=\"has-text-align-center wp-block-post-title has-text-color has-neutral-1000-color\">En br\u00f8ddeig &#8211; tre forskjellige matpakkebr\u00f8d<\/h1>\n<p class=\"t2-ingress has-text-align-center align wp-block-t2-ingress\">Med denne basisoppskriften kan du lage tre ulike typer eltefritt br\u00f8d: gulrotbr\u00f8d, solsikkebr\u00f8d eller n\u00f8ttebr\u00f8d. Lag tre forskjellige og fyll opp fryseren, eller varier fra gang til gang. Br\u00f8dene kan fryses i opptil 3 mnd. \n<\/p>\n<div class=\"has-text-align-center mills-published-date wp-block-post-date has-text-color has-neutral-1000-color\"><time datetime=\"2018-08-30T09:54:48+02:00\">30. august 2018<\/time><\/div>\n<\/div><\/div>\n\n\t\t<div class=\"has-background has-neutral-0-background-color is-style-vertical-spacing alignwide wp-block-mills-section has-background has-neutral-0-background-color\">\n\t\t\t<div class=\"wp-block-mills-section__inner aligncenter\">\n\t\t\t\t\n\n<h2 class=\"wp-block-heading\" >Ingredienser til ett br\u00f8d:<\/h2>\n\n<ul class=\"wp-block-list\"> <li>200 gram sammalt hvetemel, finmalt<\/li> <li>200 gram siktet hvetemel<\/li> <li>1 ts salt<\/li> <li>0.25 ts t\u00f8rrgj\u00e6r<\/li> <li>4 dl vann, romtemperert<\/li> <li>1 ss honning<\/li> <\/ul>\n\n<p style=\"text-align:left;\"><strong>Solsikkebr\u00f8d:<\/strong> tilsett 1 dl solsikkefr\u00f8 i deigen + 0.5 dl solsikkefr\u00f8 til topping<\/p>\n\n<p style=\"text-align:left;\"><strong>Gulrotbr\u00f8d:<\/strong> tilsett 1 stk stor gulrot, revet, i deigen<\/p>\n\n<p style=\"text-align:left;\"><strong>Valn\u00f8ttbr\u00f8d:<\/strong> tilsett 100 gram hakkede valn\u00f8tter i deigen<\/p>\n\n<h2 class=\"wp-block-heading\" >Slik gj\u00f8r du:<\/h2>\n\n<p style=\"text-align:left;\">1. Bland sammen sammalt hvetemel, siktet hvetemel, salt, honning og t\u00f8rrgj\u00e6r i en bolle.<\/p>\n\n<p style=\"text-align:left;\">2. Tilsett vann, honning og enten valn\u00f8tter, solsikkefr\u00f8 eller revet gulrot i melblandingen og r\u00f8r rundt til du har en klissete deig.<\/p>\n\n<p style=\"text-align:left;\">3. Dekk til bollen med plast og la den heve p\u00e5 kj\u00f8kkenbenken i ca. 8 til 12 timer.<\/p>\n\n<p style=\"text-align:left;\">4. Varm opp ovnen til 260 grader.<\/p>\n\n<p style=\"text-align:left;\">5. Ha deigen over i en br\u00f8dform og la den etterheve p\u00e5 kj\u00f8kkenbenken i 30 minutter. Om du lager solsikkebr\u00f8d str\u00f8r du 0.5 dl solsikkefr\u00f8 over br\u00f8det f\u00f8r du setter det til heving.<\/p>\n\n<p style=\"text-align:left;\">6. Sett br\u00f8dformen inn i ovnen p\u00e5 midterste rille og senk temperaturen til 210 grader.<\/p>\n\n<p style=\"text-align:left;\">7. Stek br\u00f8det i 45 minutter, og la det hvile uten form p\u00e5 en rist i 10 minutter f\u00f8r du skj\u00e6rer i det.<\/p>\n\n\t\t\t<\/div>\n\t\t<\/div>\n<div class=\"mills-block-featured alignwide wp-block-cover has-custom-content-position is-position-bottom-center alignwide wp-block-mills-block-featured\"><img loading=\"lazy\" decoding=\"async\" width=\"1920\" height=\"1280\" style=\"width:100%;height:100%;object-fit:cover\" src=\"https:\/\/mills.no\/content\/uploads\/sites\/6\/2022\/01\/Eltefritt-solsikkebrC3B8d_1920.jpg\" class=\"wp-block-cover__image-background\" alt=\"Eltefritt solsikkebr\u00f8d\" srcset=\"https:\/\/mills.no\/content\/uploads\/sites\/6\/2022\/01\/Eltefritt-solsikkebrC3B8d_1920.jpg 1920w, https:\/\/mills.no\/content\/uploads\/sites\/6\/2022\/01\/Eltefritt-solsikkebrC3B8d_1920-300x200.jpg 300w, https:\/\/mills.no\/content\/uploads\/sites\/6\/2022\/01\/Eltefritt-solsikkebrC3B8d_1920-1024x683.jpg 1024w, https:\/\/mills.no\/content\/uploads\/sites\/6\/2022\/01\/Eltefritt-solsikkebrC3B8d_1920-768x512.jpg 768w, https:\/\/mills.no\/content\/uploads\/sites\/6\/2022\/01\/Eltefritt-solsikkebrC3B8d_1920-1536x1024.jpg 1536w, https:\/\/mills.no\/content\/uploads\/sites\/6\/2022\/01\/Eltefritt-solsikkebrC3B8d_1920-80x53.jpg 80w\" sizes=\"auto, (max-width: 1920px) 100vw, 1920px\" \/><div class=\"wp-block-cover__inner-container\">\n\n<h2 class=\"has-text-align-center wp-block-heading\">TIPS:<\/h2>\n\n<p style=\"text-align:center;\">1. Deigen b\u00f8r ikke heve lenger enn 18 timer. Da risikerer du at gj\u00e6ren d\u00f8r, og deigen vil ikke heve. 2. Vil du ha\u00a0br\u00f8det klart samme dag? Da kan du bruke 1 pakke t\u00f8rrgj\u00e6r i deigen og la den heve i 1 time p\u00e5 kj\u00f8kkenbenken. &nbsp;<\/p>\n<\/div><\/div>\n\n\t\t<div class=\"has-background has-neutral-50-background-color is-style-vertical-spacing is-style-horizontal-spacing alignwide wp-block-mills-section has-background has-neutral-50-background-color\">\n\t\t\t<div class=\"wp-block-mills-section__inner alignwide\">\n\t\t\t\t\n\n<h2 class=\"has-text-align-center aligncenter wp-block-heading\">Flere gode oppskrifter:<\/h2>\n<div class=\"t2-featured-content-layout alignwide alignwide wp-block-t2-featured-content-layout\" role=\"list\">\n<div class=\"t2-featured-single-post t2-featured-content is-post-type-recipe brand-soft-flora recipe_category-bakst-og-brod recipe_category-frokost-og-lunsj recipe_topic-bakst recipe_topic-brodmat recipe_topic-gjaerbakst wp-block-t2-featured-single-post\" role=\"listitem\"><a class=\"t2-post-link wp-block-t2-post-link\" href=\"https:\/\/mills.no\/soft-flora\/oppskrift\/eltefritt-grytebrod\/\">\n<figure style=\"--t2-focal-point: 50% 50%;\" class=\"t2-post-featured-image has-image-ratio-16-9 wp-block-t2-post-featured-image\"><img loading=\"lazy\" decoding=\"async\" width=\"1920\" height=\"1280\" src=\"https:\/\/mills.no\/content\/uploads\/2018\/05\/Eltefritt-grytebrC3B8d_1920.jpg\" class=\"attachment-medium-large size-medium-large wp-post-image\" alt=\"Eltefritt grytebr\u00f8d\" srcset=\"https:\/\/mills.no\/content\/uploads\/2018\/05\/Eltefritt-grytebrC3B8d_1920.jpg 1920w, https:\/\/mills.no\/content\/uploads\/2018\/05\/Eltefritt-grytebrC3B8d_1920-300x200.jpg 300w, https:\/\/mills.no\/content\/uploads\/2018\/05\/Eltefritt-grytebrC3B8d_1920-1024x683.jpg 1024w, https:\/\/mills.no\/content\/uploads\/2018\/05\/Eltefritt-grytebrC3B8d_1920-768x512.jpg 768w, https:\/\/mills.no\/content\/uploads\/2018\/05\/Eltefritt-grytebrC3B8d_1920-1536x1024.jpg 1536w, https:\/\/mills.no\/content\/uploads\/2018\/05\/Eltefritt-grytebrC3B8d_1920-80x53.jpg 80w\" sizes=\"auto, (max-width: 1920px) 100vw, 1920px\" \/><\/figure>\n\n<div class=\"wp-block-group alignfull is-layout-flow wp-block-group-is-layout-flow\">\n\t<h2 class=\"t2-post-title wp-block-t2-post-title\">Eltefritt grytebr\u00f8d<\/h2>\n\t<div class=\"t2-post-excerpt wp-block-t2-post-excerpt\"><p>Dette er et luftig og grovt br\u00f8d, som blir saftig og f\u00e5r en fantastisk spr\u00f8 skorpe n\u00e5r det bakes i&hellip;<\/p><\/div>\n\t\n\t\t<div class=\"wp-block-mills-block-recipe-info\">\n\t\t\t<div class=\"mills-block-recipe-info-item mills-block-recipe-info-item--difficulty\">Enkel<\/div>\n\t\t\t<div class=\"mills-block-recipe-info-item mills-block-recipe-info-item--time\">2 t<\/div>\n\t\t<\/div>\n<\/div>\n\n<\/a>\n<\/div>\n<div class=\"t2-featured-single-post t2-featured-content is-post-type-recipe brand-soft-flora recipe_category-bakst-og-brod recipe_category-frokost-og-lunsj recipe_category-maltider recipe_topic-brodmat recipe_topic-gjaerbakst wp-block-t2-featured-single-post\" role=\"listitem\"><a class=\"t2-post-link wp-block-t2-post-link\" href=\"https:\/\/mills.no\/soft-flora\/oppskrift\/eltefrie-havrerundstykker\/\">\n<figure style=\"--t2-focal-point: 50% 50%;\" class=\"t2-post-featured-image has-image-ratio-16-9 wp-block-t2-post-featured-image\"><img loading=\"lazy\" decoding=\"async\" width=\"1920\" height=\"1280\" src=\"https:\/\/mills.no\/content\/uploads\/2018\/02\/Eltefrie-havrerundstykker_1920.jpg\" class=\"attachment-medium-large size-medium-large wp-post-image\" alt=\"havrerundstykker\" srcset=\"https:\/\/mills.no\/content\/uploads\/2018\/02\/Eltefrie-havrerundstykker_1920.jpg 1920w, https:\/\/mills.no\/content\/uploads\/2018\/02\/Eltefrie-havrerundstykker_1920-300x200.jpg 300w, https:\/\/mills.no\/content\/uploads\/2018\/02\/Eltefrie-havrerundstykker_1920-1024x683.jpg 1024w, https:\/\/mills.no\/content\/uploads\/2018\/02\/Eltefrie-havrerundstykker_1920-768x512.jpg 768w, https:\/\/mills.no\/content\/uploads\/2018\/02\/Eltefrie-havrerundstykker_1920-1536x1024.jpg 1536w, https:\/\/mills.no\/content\/uploads\/2018\/02\/Eltefrie-havrerundstykker_1920-80x53.jpg 80w\" sizes=\"auto, (max-width: 1920px) 100vw, 1920px\" \/><\/figure>\n\n<div class=\"wp-block-group alignfull is-layout-flow wp-block-group-is-layout-flow\">\n\t<h2 class=\"t2-post-title wp-block-t2-post-title\">Eltefrie havrerundstykker<\/h2>\n\t<div class=\"t2-post-excerpt wp-block-t2-post-excerpt\"><p>Disse havrerundstykkene har en vidunderlig n\u00f8tteaktig smak, takket v\u00e6re havregrynene. De er dessuten eltefrie og har f\u00e5 ingredienser, slik at&hellip;<\/p><\/div>\n\t\n\t\t<div class=\"wp-block-mills-block-recipe-info\">\n\t\t\t<div class=\"mills-block-recipe-info-item mills-block-recipe-info-item--difficulty\">Enkel<\/div>\n\t\t\t<div class=\"mills-block-recipe-info-item mills-block-recipe-info-item--time\">1 t 50 min<\/div>\n\t\t<\/div>\n<\/div>\n\n<\/a>\n<\/div>\n<div class=\"t2-featured-single-post t2-featured-content is-post-type-recipe brand-soft-flora recipe_category-frokost-og-lunsj wp-block-t2-featured-single-post\" role=\"listitem\"><a class=\"t2-post-link wp-block-t2-post-link\" href=\"https:\/\/mills.no\/soft-flora\/oppskrift\/speltlapper\/\">\n<figure style=\"--t2-focal-point: 50% 50%;\" class=\"t2-post-featured-image has-image-ratio-16-9 wp-block-t2-post-featured-image\"><img loading=\"lazy\" decoding=\"async\" width=\"1600\" height=\"1067\" src=\"https:\/\/mills.no\/content\/uploads\/2017\/11\/Speltlapper.jpg\" class=\"attachment-medium-large size-medium-large wp-post-image\" alt=\"speltlapper\" srcset=\"https:\/\/mills.no\/content\/uploads\/2017\/11\/Speltlapper.jpg 1600w, https:\/\/mills.no\/content\/uploads\/2017\/11\/Speltlapper-300x200.jpg 300w, https:\/\/mills.no\/content\/uploads\/2017\/11\/Speltlapper-1024x683.jpg 1024w, https:\/\/mills.no\/content\/uploads\/2017\/11\/Speltlapper-768x512.jpg 768w, https:\/\/mills.no\/content\/uploads\/2017\/11\/Speltlapper-1536x1024.jpg 1536w, https:\/\/mills.no\/content\/uploads\/2017\/11\/Speltlapper-80x53.jpg 80w\" sizes=\"auto, (max-width: 1600px) 100vw, 1600px\" \/><\/figure>\n\n<div class=\"wp-block-group alignfull is-layout-flow wp-block-group-is-layout-flow\">\n\t<h2 class=\"t2-post-title wp-block-t2-post-title\">Saftige, luftige speltlapper<\/h2>\n\t<div class=\"t2-post-excerpt wp-block-t2-post-excerpt\"><p>Disse luftige og saftige speltlappene passer perfekt til helgefrokosten. Har du litt lapper til overs, egner de seg dessuten godt&hellip;<\/p><\/div>\n\t\n\t\t<div class=\"wp-block-mills-block-recipe-info\">\n\t\t\t<div class=\"mills-block-recipe-info-item mills-block-recipe-info-item--difficulty\">Enkel<\/div>\n\t\t\t<div class=\"mills-block-recipe-info-item mills-block-recipe-info-item--time\">25 min<\/div>\n\t\t<\/div>\n<\/div>\n\n<\/a>\n<\/div>\n<\/div>\n\n\t\t\t<\/div>\n\t\t<\/div>","protected":false},"excerpt":{"rendered":"<p>Med denne basisoppskriften kan du lage tre ulike typer eltefritt br\u00f8d: gulrotbr\u00f8d, solsikkebr\u00f8d eller n\u00f8ttebr\u00f8d. Lag tre forskjellige og fyll&hellip;<\/p>\n","protected":false},"author":0,"featured_media":373,"comment_status":"closed","ping_status":"closed","sticky":false,"template":"","format":"standard","meta":{"_searchwp_excluded":"","footnotes":""},"categories":[79],"tags":[],"class_list":["post-372","post","type-post","status-publish","format-standard","has-post-thumbnail","hentry","category-soft-flora"],"yoast_head":"<!-- This site is optimized with the Yoast SEO Premium plugin v26.9 (Yoast SEO v26.9) - https:\/\/yoast.com\/product\/yoast-seo-premium-wordpress\/ -->\n<title>En br\u00f8ddeig - tre forskjellige matpakkebr\u00f8d | Soft Flora<\/title>\n<meta name=\"description\" content=\"Med denne basisoppskriften p\u00e5 br\u00f8ddeig kan du lage tre ulike typer eltefritt br\u00f8d: gulrotbr\u00f8d, solsikkebr\u00f8d eller n\u00f8ttebr\u00f8d. F\u00e5 oppskriften her.\" \/>\n<meta name=\"robots\" content=\"index, follow, max-snippet:-1, max-image-preview:large, max-video-preview:-1\" \/>\n<link rel=\"canonical\" href=\"https:\/\/mills.no\/soft-flora\/en-broddeig-tre-matpakkebrod\/\" \/>\n<meta property=\"og:locale\" content=\"nb_NO\" \/>\n<meta property=\"og:type\" content=\"article\" \/>\n<meta property=\"og:title\" content=\"En br\u00f8ddeig - tre forskjellige matpakkebr\u00f8d\" \/>\n<meta property=\"og:description\" content=\"Med denne basisoppskriften p\u00e5 br\u00f8ddeig kan du lage tre ulike typer eltefritt br\u00f8d: gulrotbr\u00f8d, solsikkebr\u00f8d eller n\u00f8ttebr\u00f8d. F\u00e5 oppskriften her.\" \/>\n<meta property=\"og:url\" content=\"https:\/\/mills.no\/soft-flora\/en-broddeig-tre-matpakkebrod\/\" \/>\n<meta property=\"og:site_name\" content=\"Soft Flora\" \/>\n<meta property=\"article:published_time\" content=\"2018-08-30T07:54:48+00:00\" \/>\n<meta property=\"article:modified_time\" content=\"2024-02-07T08:16:21+00:00\" \/>\n<meta property=\"og:image\" content=\"https:\/\/mills.no\/content\/uploads\/sites\/6\/2018\/08\/tre_brod.jpg\" \/>\n\t<meta property=\"og:image:width\" content=\"1600\" \/>\n\t<meta property=\"og:image:height\" content=\"1067\" \/>\n\t<meta property=\"og:image:type\" content=\"image\/jpeg\" \/>\n<meta name=\"twitter:card\" content=\"summary_large_image\" \/>\n<meta name=\"twitter:label1\" content=\"Ansl. lesetid\" \/>\n\t<meta name=\"twitter:data1\" content=\"1 minutt\" \/>\n<script type=\"application\/ld+json\" class=\"yoast-schema-graph\">{\"@context\":\"https:\/\/schema.org\",\"@graph\":[{\"@type\":\"Article\",\"@id\":\"https:\/\/mills.no\/soft-flora\/en-broddeig-tre-matpakkebrod\/#article\",\"isPartOf\":{\"@id\":\"https:\/\/mills.no\/soft-flora\/en-broddeig-tre-matpakkebrod\/\"},\"author\":{\"name\":\"\",\"@id\":\"\"},\"headline\":\"En br\u00f8ddeig &#8211; tre forskjellige matpakkebr\u00f8d\",\"datePublished\":\"2018-08-30T07:54:48+00:00\",\"dateModified\":\"2024-02-07T08:16:21+00:00\",\"mainEntityOfPage\":{\"@id\":\"https:\/\/mills.no\/soft-flora\/en-broddeig-tre-matpakkebrod\/\"},\"wordCount\":250,\"publisher\":{\"@id\":\"https:\/\/mills.no\/soft-flora\/#organization\"},\"image\":{\"@id\":\"https:\/\/mills.no\/soft-flora\/en-broddeig-tre-matpakkebrod\/#primaryimage\"},\"thumbnailUrl\":\"https:\/\/mills.no\/content\/uploads\/sites\/6\/2018\/08\/tre_brod.jpg\",\"articleSection\":[\"Soft Flora\"],\"inLanguage\":\"nb-NO\"},{\"@type\":\"WebPage\",\"@id\":\"https:\/\/mills.no\/soft-flora\/en-broddeig-tre-matpakkebrod\/\",\"url\":\"https:\/\/mills.no\/soft-flora\/en-broddeig-tre-matpakkebrod\/\",\"name\":\"En br\u00f8ddeig - tre forskjellige matpakkebr\u00f8d | Soft Flora\",\"isPartOf\":{\"@id\":\"https:\/\/mills.no\/soft-flora\/#website\"},\"primaryImageOfPage\":{\"@id\":\"https:\/\/mills.no\/soft-flora\/en-broddeig-tre-matpakkebrod\/#primaryimage\"},\"image\":{\"@id\":\"https:\/\/mills.no\/soft-flora\/en-broddeig-tre-matpakkebrod\/#primaryimage\"},\"thumbnailUrl\":\"https:\/\/mills.no\/content\/uploads\/sites\/6\/2018\/08\/tre_brod.jpg\",\"datePublished\":\"2018-08-30T07:54:48+00:00\",\"dateModified\":\"2024-02-07T08:16:21+00:00\",\"description\":\"Med denne basisoppskriften p\u00e5 br\u00f8ddeig kan du lage tre ulike typer eltefritt br\u00f8d: gulrotbr\u00f8d, solsikkebr\u00f8d eller n\u00f8ttebr\u00f8d. F\u00e5 oppskriften her.\",\"breadcrumb\":{\"@id\":\"https:\/\/mills.no\/soft-flora\/en-broddeig-tre-matpakkebrod\/#breadcrumb\"},\"inLanguage\":\"nb-NO\",\"potentialAction\":[{\"@type\":\"ReadAction\",\"target\":[\"https:\/\/mills.no\/soft-flora\/en-broddeig-tre-matpakkebrod\/\"]}]},{\"@type\":\"ImageObject\",\"inLanguage\":\"nb-NO\",\"@id\":\"https:\/\/mills.no\/soft-flora\/en-broddeig-tre-matpakkebrod\/#primaryimage\",\"url\":\"https:\/\/mills.no\/content\/uploads\/sites\/6\/2018\/08\/tre_brod.jpg\",\"contentUrl\":\"https:\/\/mills.no\/content\/uploads\/sites\/6\/2018\/08\/tre_brod.jpg\",\"width\":1600,\"height\":1067,\"caption\":\"en br\u00f8ddeig, tre br\u00f8d: gulrotbr\u00f8d, solsikkebr\u00f8d og van\u00f8ttbr\u00f8d\"},{\"@type\":\"BreadcrumbList\",\"@id\":\"https:\/\/mills.no\/soft-flora\/en-broddeig-tre-matpakkebrod\/#breadcrumb\",\"itemListElement\":[{\"@type\":\"ListItem\",\"position\":1,\"name\":\"Home\",\"item\":\"https:\/\/mills.no\/soft-flora\/\"},{\"@type\":\"ListItem\",\"position\":2,\"name\":\"En br\u00f8ddeig &#8211; tre forskjellige matpakkebr\u00f8d\"}]},{\"@type\":\"WebSite\",\"@id\":\"https:\/\/mills.no\/soft-flora\/#website\",\"url\":\"https:\/\/mills.no\/soft-flora\/\",\"name\":\"Soft Flora\",\"description\":\"En naturlig familiefavoritt\",\"publisher\":{\"@id\":\"https:\/\/mills.no\/soft-flora\/#organization\"},\"potentialAction\":[{\"@type\":\"SearchAction\",\"target\":{\"@type\":\"EntryPoint\",\"urlTemplate\":\"https:\/\/mills.no\/soft-flora\/?s={search_term_string}\"},\"query-input\":{\"@type\":\"PropertyValueSpecification\",\"valueRequired\":true,\"valueName\":\"search_term_string\"}}],\"inLanguage\":\"nb-NO\"},{\"@type\":\"Organization\",\"@id\":\"https:\/\/mills.no\/soft-flora\/#organization\",\"name\":\"Soft Flora\",\"url\":\"https:\/\/mills.no\/soft-flora\/\",\"logo\":{\"@type\":\"ImageObject\",\"inLanguage\":\"nb-NO\",\"@id\":\"https:\/\/mills.no\/soft-flora\/#\/schema\/logo\/image\/\",\"url\":\"https:\/\/mills.no\/content\/uploads\/sites\/6\/2023\/08\/Soft-Flora_hovedlogo_1.svg\",\"contentUrl\":\"https:\/\/mills.no\/content\/uploads\/sites\/6\/2023\/08\/Soft-Flora_hovedlogo_1.svg\",\"caption\":\"Soft Flora\"},\"image\":{\"@id\":\"https:\/\/mills.no\/soft-flora\/#\/schema\/logo\/image\/\"}}]}<\/script>\n<!-- \/ Yoast SEO Premium plugin. -->","yoast_head_json":{"title":"En br\u00f8ddeig - tre forskjellige matpakkebr\u00f8d | Soft Flora","description":"Med denne basisoppskriften p\u00e5 br\u00f8ddeig kan du lage tre ulike typer eltefritt br\u00f8d: gulrotbr\u00f8d, solsikkebr\u00f8d eller n\u00f8ttebr\u00f8d. F\u00e5 oppskriften her.","robots":{"index":"index","follow":"follow","max-snippet":"max-snippet:-1","max-image-preview":"max-image-preview:large","max-video-preview":"max-video-preview:-1"},"canonical":"https:\/\/mills.no\/soft-flora\/en-broddeig-tre-matpakkebrod\/","og_locale":"nb_NO","og_type":"article","og_title":"En br\u00f8ddeig - tre forskjellige matpakkebr\u00f8d","og_description":"Med denne basisoppskriften p\u00e5 br\u00f8ddeig kan du lage tre ulike typer eltefritt br\u00f8d: gulrotbr\u00f8d, solsikkebr\u00f8d eller n\u00f8ttebr\u00f8d. F\u00e5 oppskriften her.","og_url":"https:\/\/mills.no\/soft-flora\/en-broddeig-tre-matpakkebrod\/","og_site_name":"Soft Flora","article_published_time":"2018-08-30T07:54:48+00:00","article_modified_time":"2024-02-07T08:16:21+00:00","og_image":[{"width":1600,"height":1067,"url":"https:\/\/mills.no\/content\/uploads\/sites\/6\/2018\/08\/tre_brod.jpg","type":"image\/jpeg"}],"twitter_card":"summary_large_image","twitter_misc":{"Ansl. lesetid":"1 minutt"},"schema":{"@context":"https:\/\/schema.org","@graph":[{"@type":"Article","@id":"https:\/\/mills.no\/soft-flora\/en-broddeig-tre-matpakkebrod\/#article","isPartOf":{"@id":"https:\/\/mills.no\/soft-flora\/en-broddeig-tre-matpakkebrod\/"},"author":{"name":"","@id":""},"headline":"En br\u00f8ddeig &#8211; tre forskjellige matpakkebr\u00f8d","datePublished":"2018-08-30T07:54:48+00:00","dateModified":"2024-02-07T08:16:21+00:00","mainEntityOfPage":{"@id":"https:\/\/mills.no\/soft-flora\/en-broddeig-tre-matpakkebrod\/"},"wordCount":250,"publisher":{"@id":"https:\/\/mills.no\/soft-flora\/#organization"},"image":{"@id":"https:\/\/mills.no\/soft-flora\/en-broddeig-tre-matpakkebrod\/#primaryimage"},"thumbnailUrl":"https:\/\/mills.no\/content\/uploads\/sites\/6\/2018\/08\/tre_brod.jpg","articleSection":["Soft Flora"],"inLanguage":"nb-NO"},{"@type":"WebPage","@id":"https:\/\/mills.no\/soft-flora\/en-broddeig-tre-matpakkebrod\/","url":"https:\/\/mills.no\/soft-flora\/en-broddeig-tre-matpakkebrod\/","name":"En br\u00f8ddeig - tre forskjellige matpakkebr\u00f8d | Soft Flora","isPartOf":{"@id":"https:\/\/mills.no\/soft-flora\/#website"},"primaryImageOfPage":{"@id":"https:\/\/mills.no\/soft-flora\/en-broddeig-tre-matpakkebrod\/#primaryimage"},"image":{"@id":"https:\/\/mills.no\/soft-flora\/en-broddeig-tre-matpakkebrod\/#primaryimage"},"thumbnailUrl":"https:\/\/mills.no\/content\/uploads\/sites\/6\/2018\/08\/tre_brod.jpg","datePublished":"2018-08-30T07:54:48+00:00","dateModified":"2024-02-07T08:16:21+00:00","description":"Med denne basisoppskriften p\u00e5 br\u00f8ddeig kan du lage tre ulike typer eltefritt br\u00f8d: gulrotbr\u00f8d, solsikkebr\u00f8d eller n\u00f8ttebr\u00f8d. F\u00e5 oppskriften her.","breadcrumb":{"@id":"https:\/\/mills.no\/soft-flora\/en-broddeig-tre-matpakkebrod\/#breadcrumb"},"inLanguage":"nb-NO","potentialAction":[{"@type":"ReadAction","target":["https:\/\/mills.no\/soft-flora\/en-broddeig-tre-matpakkebrod\/"]}]},{"@type":"ImageObject","inLanguage":"nb-NO","@id":"https:\/\/mills.no\/soft-flora\/en-broddeig-tre-matpakkebrod\/#primaryimage","url":"https:\/\/mills.no\/content\/uploads\/sites\/6\/2018\/08\/tre_brod.jpg","contentUrl":"https:\/\/mills.no\/content\/uploads\/sites\/6\/2018\/08\/tre_brod.jpg","width":1600,"height":1067,"caption":"en br\u00f8ddeig, tre br\u00f8d: gulrotbr\u00f8d, solsikkebr\u00f8d og van\u00f8ttbr\u00f8d"},{"@type":"BreadcrumbList","@id":"https:\/\/mills.no\/soft-flora\/en-broddeig-tre-matpakkebrod\/#breadcrumb","itemListElement":[{"@type":"ListItem","position":1,"name":"Home","item":"https:\/\/mills.no\/soft-flora\/"},{"@type":"ListItem","position":2,"name":"En br\u00f8ddeig &#8211; tre forskjellige matpakkebr\u00f8d"}]},{"@type":"WebSite","@id":"https:\/\/mills.no\/soft-flora\/#website","url":"https:\/\/mills.no\/soft-flora\/","name":"Soft Flora","description":"En naturlig familiefavoritt","publisher":{"@id":"https:\/\/mills.no\/soft-flora\/#organization"},"potentialAction":[{"@type":"SearchAction","target":{"@type":"EntryPoint","urlTemplate":"https:\/\/mills.no\/soft-flora\/?s={search_term_string}"},"query-input":{"@type":"PropertyValueSpecification","valueRequired":true,"valueName":"search_term_string"}}],"inLanguage":"nb-NO"},{"@type":"Organization","@id":"https:\/\/mills.no\/soft-flora\/#organization","name":"Soft Flora","url":"https:\/\/mills.no\/soft-flora\/","logo":{"@type":"ImageObject","inLanguage":"nb-NO","@id":"https:\/\/mills.no\/soft-flora\/#\/schema\/logo\/image\/","url":"https:\/\/mills.no\/content\/uploads\/sites\/6\/2023\/08\/Soft-Flora_hovedlogo_1.svg","contentUrl":"https:\/\/mills.no\/content\/uploads\/sites\/6\/2023\/08\/Soft-Flora_hovedlogo_1.svg","caption":"Soft Flora"},"image":{"@id":"https:\/\/mills.no\/soft-flora\/#\/schema\/logo\/image\/"}}]}},"_links":{"self":[{"href":"https:\/\/mills.no\/soft-flora\/wp-json\/wp\/v2\/posts\/372","targetHints":{"allow":["GET"]}}],"collection":[{"href":"https:\/\/mills.no\/soft-flora\/wp-json\/wp\/v2\/posts"}],"about":[{"href":"https:\/\/mills.no\/soft-flora\/wp-json\/wp\/v2\/types\/post"}],"replies":[{"embeddable":true,"href":"https:\/\/mills.no\/soft-flora\/wp-json\/wp\/v2\/comments?post=372"}],"version-history":[{"count":11,"href":"https:\/\/mills.no\/soft-flora\/wp-json\/wp\/v2\/posts\/372\/revisions"}],"predecessor-version":[{"id":1025,"href":"https:\/\/mills.no\/soft-flora\/wp-json\/wp\/v2\/posts\/372\/revisions\/1025"}],"wp:featuredmedia":[{"embeddable":true,"href":"https:\/\/mills.no\/soft-flora\/wp-json\/wp\/v2\/media\/373"}],"wp:attachment":[{"href":"https:\/\/mills.no\/soft-flora\/wp-json\/wp\/v2\/media?parent=372"}],"wp:term":[{"taxonomy":"category","embeddable":true,"href":"https:\/\/mills.no\/soft-flora\/wp-json\/wp\/v2\/categories?post=372"},{"taxonomy":"post_tag","embeddable":true,"href":"https:\/\/mills.no\/soft-flora\/wp-json\/wp\/v2\/tags?post=372"}],"curies":[{"name":"wp","href":"https:\/\/api.w.org\/{rel}","templated":true}]}}