{"id":378,"date":"2018-02-15T16:04:12","date_gmt":"2018-02-15T15:04:12","guid":{"rendered":"https:\/\/mills.no\/soft-flora\/fire-deilige-brod-til-paske\/"},"modified":"2024-02-07T09:16:21","modified_gmt":"2024-02-07T08:16:21","slug":"brod-til-paske","status":"publish","type":"post","link":"https:\/\/mills.no\/soft-flora\/brod-til-paske\/","title":{"rendered":"Fire deilige br\u00f8d til p\u00e5ske"},"content":{"rendered":"<div class=\"mills-block-featured alignwide alignwide wp-block-mills-block-featured\"><img loading=\"lazy\" decoding=\"async\" width=\"1920\" height=\"1280\" style=\"width:100%;height:100%;object-fit:cover\" src=\"https:\/\/mills.no\/content\/uploads\/sites\/6\/2018\/02\/eltefritt-glutenfritt-brC3B8d_1920.jpg\" class=\"wp-block-cover__image-background\" alt=\"Eltefritt glutenfritt br\u00f8d\" srcset=\"https:\/\/mills.no\/content\/uploads\/sites\/6\/2018\/02\/eltefritt-glutenfritt-brC3B8d_1920.jpg 1920w, https:\/\/mills.no\/content\/uploads\/sites\/6\/2018\/02\/eltefritt-glutenfritt-brC3B8d_1920-300x200.jpg 300w, https:\/\/mills.no\/content\/uploads\/sites\/6\/2018\/02\/eltefritt-glutenfritt-brC3B8d_1920-1024x683.jpg 1024w, https:\/\/mills.no\/content\/uploads\/sites\/6\/2018\/02\/eltefritt-glutenfritt-brC3B8d_1920-768x512.jpg 768w, https:\/\/mills.no\/content\/uploads\/sites\/6\/2018\/02\/eltefritt-glutenfritt-brC3B8d_1920-1536x1024.jpg 1536w, https:\/\/mills.no\/content\/uploads\/sites\/6\/2018\/02\/eltefritt-glutenfritt-brC3B8d_1920-80x53.jpg 80w\" sizes=\"auto, (max-width: 1920px) 100vw, 1920px\" \/><div class=\"wp-block-cover__inner-container\">\n<h1 class=\"has-text-align-center wp-block-post-title has-text-color has-neutral-1000-color\">Fire deilige br\u00f8d til p\u00e5ske<\/h1>\n\n<p class=\"t2-ingress has-text-align-center align wp-block-t2-ingress\">Lange p\u00e5skefrokoster med godt p\u00e5legg, quiz og familie er for mange noe av det beste med p\u00e5sken. Lukten av nytraktet kaffe og lunt, nystekt br\u00f8d gir ekstra god stemning. Her f\u00e5r du tre oppskrifter p\u00e5 ekstra gode br\u00f8d som er supre til p\u00e5skefrokosten. Eltefritt br\u00f8d er ekstra praktisk om du er p\u00e5 hytta eller andre steder uten kj\u00f8kkenmaskin. \n<\/p>\n\n<div class=\"has-text-align-center mills-published-date wp-block-post-date has-text-color has-neutral-1000-color\"><time datetime=\"2018-02-15T16:04:12+01:00\">15. februar 2018<\/time><\/div>\n<\/div><\/div>\n\n\n\t\t<div class=\"has-background has-neutral-0-background-color is-style-vertical-spacing alignwide wp-block-mills-section has-background has-neutral-0-background-color\">\n\t\t\t<div class=\"wp-block-mills-section__inner aligncenter\">\n\t\t\t\t\n\n<div class=\"wp-block-group alignfull card-info is-layout-flow wp-block-group-is-layout-flow\">\n<p class=\"has-text-align-left\">PS. Nederst p\u00e5 siden finner du en enkel p\u00e5skequiz som hele familien kan bryne seg p\u00e5 under p\u00e5skefrokosten.<\/p>\n<\/div>\n\n\n\t\t\t<\/div>\n\t\t<\/div>\n\n\n<div class=\"wp-block-media-text alignwide has-media-on-the-right is-stacked-on-mobile is-image-fill has-neutral-1000-color has-neutral-0-background-color has-text-color has-background\"><figure class=\"wp-block-media-text__media\" style=\"background-image:url(https:\/\/mills.no\/content\/uploads\/sites\/6\/2022\/01\/ValnC3B8ttbrC3B8d_1920.jpg);background-position:50% 50%\"><img loading=\"lazy\" decoding=\"async\" width=\"1600\" height=\"1043\" src=\"https:\/\/mills.no\/content\/uploads\/sites\/6\/2022\/01\/ValnC3B8ttbrC3B8d_1920.jpg\" alt=\"\" class=\"wp-image-479 size-full\" srcset=\"https:\/\/mills.no\/content\/uploads\/sites\/6\/2022\/01\/ValnC3B8ttbrC3B8d_1920.jpg 1600w, https:\/\/mills.no\/content\/uploads\/sites\/6\/2022\/01\/ValnC3B8ttbrC3B8d_1920-300x196.jpg 300w, https:\/\/mills.no\/content\/uploads\/sites\/6\/2022\/01\/ValnC3B8ttbrC3B8d_1920-1024x668.jpg 1024w, https:\/\/mills.no\/content\/uploads\/sites\/6\/2022\/01\/ValnC3B8ttbrC3B8d_1920-768x501.jpg 768w, https:\/\/mills.no\/content\/uploads\/sites\/6\/2022\/01\/ValnC3B8ttbrC3B8d_1920-1536x1001.jpg 1536w, https:\/\/mills.no\/content\/uploads\/sites\/6\/2022\/01\/ValnC3B8ttbrC3B8d_1920-80x52.jpg 80w\" sizes=\"auto, (max-width: 1600px) 100vw, 1600px\" \/><\/figure><div class=\"wp-block-media-text__content\">\n<div class=\"wp-block-group is-layout-flow wp-block-group-is-layout-flow\">\n<h2 class=\"has-text-align-center wp-block-heading\" id=\"h-eltefritt-valnottbrod\">Eltefritt valn\u00f8ttbr\u00f8d<\/h2>\n\n\n\n<p class=\"has-text-align-left\">Dette saftige eltefrie br\u00f8det er enkelt \u00e5 lage og gir deg rykende ferskt br\u00f8d til frokost med minimal innsats. Valn\u00f8ttene gir br\u00f8det en smak som g\u00e5r perfekt sammen med klassiske p\u00e5legg som skinke, eggesalat, r\u00f8dbetsalat eller brunost.<\/p>\n\n\n\n<p class=\"has-text-align-left\"><strong>Tid:<\/strong> 110 min + en natts heving<\/p>\n\n\n\n<p class=\"has-text-align-left\"><strong>Tips!<\/strong> Vil du ha rykende ferskt br\u00f8d samme dag? Bruk en halv pose t\u00f8rrgj\u00e6r og la deigen heve i 2 timer.<\/p>\n\n\n\n<div class=\"wp-block-button\"><a class=\"wp-block-button__link\" href=\"https:\/\/mills.no\/soft-flora\/oppskrift\/eltefritt-valnottbrod\/\">F\u00e5 oppskriften<\/a><\/div>\n<\/div>\n<\/div><\/div>\n\n\n\n<div class=\"wp-block-media-text alignwide is-stacked-on-mobile is-image-fill has-neutral-1000-color has-neutral-0-background-color has-text-color has-background\"><figure class=\"wp-block-media-text__media\" style=\"background-image:url(https:\/\/mills.no\/content\/uploads\/sites\/6\/2022\/01\/Eltefritt-gulrotbrC3B8d_1920.jpg);background-position:50% 50%\"><img loading=\"lazy\" decoding=\"async\" width=\"1920\" height=\"1280\" src=\"https:\/\/mills.no\/content\/uploads\/sites\/6\/2022\/01\/Eltefritt-gulrotbrC3B8d_1920.jpg\" alt=\"\" class=\"wp-image-480 size-full\" srcset=\"https:\/\/mills.no\/content\/uploads\/sites\/6\/2022\/01\/Eltefritt-gulrotbrC3B8d_1920.jpg 1920w, https:\/\/mills.no\/content\/uploads\/sites\/6\/2022\/01\/Eltefritt-gulrotbrC3B8d_1920-300x200.jpg 300w, https:\/\/mills.no\/content\/uploads\/sites\/6\/2022\/01\/Eltefritt-gulrotbrC3B8d_1920-1024x683.jpg 1024w, https:\/\/mills.no\/content\/uploads\/sites\/6\/2022\/01\/Eltefritt-gulrotbrC3B8d_1920-768x512.jpg 768w, https:\/\/mills.no\/content\/uploads\/sites\/6\/2022\/01\/Eltefritt-gulrotbrC3B8d_1920-1536x1024.jpg 1536w, https:\/\/mills.no\/content\/uploads\/sites\/6\/2022\/01\/Eltefritt-gulrotbrC3B8d_1920-80x53.jpg 80w\" sizes=\"auto, (max-width: 1920px) 100vw, 1920px\" \/><\/figure><div class=\"wp-block-media-text__content\">\n<div class=\"wp-block-group is-layout-flow wp-block-group-is-layout-flow\">\n<h2 class=\"has-text-align-center wp-block-heading\" id=\"h-eltefritt-gulrotbrod\">Eltefritt gulrotbr\u00f8d<\/h2>\n\n\n\n<p class=\"has-text-align-left\">Det finnes flere grunner til \u00e5 tilsette litt revet gulrot i br\u00f8det. Gulroten gir en nydelig s\u00f8tlig smak p\u00e5 br\u00f8det, og kanskje viktigst av alt: den s\u00f8rger for at br\u00f8det blir supersaftig. Ikke minst f\u00e5r det en ekstra gyllen farge som passer perfekt inn p\u00e5 frokostbordet til p\u00e5sken. Sett deigen kvelden i forveien og nyt nydelig nystekt br\u00f8d til frokost.<\/p>\n\n\n\n<p class=\"has-text-align-left\"><strong>Tid:<\/strong> 110 min + en natts heving<\/p>\n\n\n\n<div class=\"wp-block-button\"><a class=\"wp-block-button__link\" href=\"https:\/\/mills.no\/soft-flora\/oppskrift\/gulrotbrod\/\">Slik gj\u00f8r du<\/a><\/div>\n<\/div>\n<\/div><\/div>\n\n\n\n<div class=\"wp-block-media-text alignwide has-media-on-the-right is-stacked-on-mobile is-image-fill has-neutral-1000-color has-neutral-0-background-color has-text-color has-background\"><figure class=\"wp-block-media-text__media\" style=\"background-image:url(https:\/\/mills.no\/content\/uploads\/sites\/6\/2022\/01\/Scones-uten-melk-1920-e1484900507696.jpg);background-position:50% 50%\"><img loading=\"lazy\" decoding=\"async\" width=\"1920\" height=\"930\" src=\"https:\/\/mills.no\/content\/uploads\/sites\/6\/2022\/01\/Scones-uten-melk-1920-e1484900507696.jpg\" alt=\"\" class=\"wp-image-481 size-full\" srcset=\"https:\/\/mills.no\/content\/uploads\/sites\/6\/2022\/01\/Scones-uten-melk-1920-e1484900507696.jpg 1920w, https:\/\/mills.no\/content\/uploads\/sites\/6\/2022\/01\/Scones-uten-melk-1920-e1484900507696-300x145.jpg 300w, https:\/\/mills.no\/content\/uploads\/sites\/6\/2022\/01\/Scones-uten-melk-1920-e1484900507696-1024x496.jpg 1024w, https:\/\/mills.no\/content\/uploads\/sites\/6\/2022\/01\/Scones-uten-melk-1920-e1484900507696-768x372.jpg 768w, https:\/\/mills.no\/content\/uploads\/sites\/6\/2022\/01\/Scones-uten-melk-1920-e1484900507696-1536x744.jpg 1536w, https:\/\/mills.no\/content\/uploads\/sites\/6\/2022\/01\/Scones-uten-melk-1920-e1484900507696-80x39.jpg 80w\" sizes=\"auto, (max-width: 1920px) 100vw, 1920px\" \/><\/figure><div class=\"wp-block-media-text__content\">\n<div class=\"wp-block-group is-layout-flow wp-block-group-is-layout-flow\">\n<h2 class=\"has-text-align-center wp-block-heading\" id=\"h-scones-for-melkeallergikeren\">Scones for melkeallergikeren<\/h2>\n\n\n\n<p class=\"has-text-align-left\">Rykende ferske scones gir en ekstra f\u00f8lelse av kos til frokosten. Denne oppskriften er uten melk, halvgrove og inneholder lite sukker. I tillegg er de veldig enkle \u00e5 lage. Og det beste av alt: de kan lages p\u00e5 bare en halvtime!<\/p>\n\n\n\n<div class=\"wp-block-button\"><a class=\"wp-block-button__link\" href=\"https:\/\/mills.no\/soft-flora\/oppskrift\/scones-uten-melk\/\">Oppskrift p\u00e5 melkefrie scones<\/a><\/div>\n<\/div>\n<\/div><\/div>\n\n\n\n<div class=\"wp-block-media-text alignwide is-stacked-on-mobile is-image-fill has-neutral-1000-color has-neutral-0-background-color has-text-color has-background\"><figure class=\"wp-block-media-text__media\" style=\"background-image:url(https:\/\/mills.no\/content\/uploads\/sites\/6\/2018\/02\/eltefritt-glutenfritt-brC3B8d_1920.jpg);background-position:50% 50%\"><img loading=\"lazy\" decoding=\"async\" width=\"1920\" height=\"1280\" src=\"https:\/\/mills.no\/content\/uploads\/sites\/6\/2018\/02\/eltefritt-glutenfritt-brC3B8d_1920.jpg\" alt=\"\" class=\"wp-image-379 size-full\" srcset=\"https:\/\/mills.no\/content\/uploads\/sites\/6\/2018\/02\/eltefritt-glutenfritt-brC3B8d_1920.jpg 1920w, https:\/\/mills.no\/content\/uploads\/sites\/6\/2018\/02\/eltefritt-glutenfritt-brC3B8d_1920-300x200.jpg 300w, https:\/\/mills.no\/content\/uploads\/sites\/6\/2018\/02\/eltefritt-glutenfritt-brC3B8d_1920-1024x683.jpg 1024w, https:\/\/mills.no\/content\/uploads\/sites\/6\/2018\/02\/eltefritt-glutenfritt-brC3B8d_1920-768x512.jpg 768w, https:\/\/mills.no\/content\/uploads\/sites\/6\/2018\/02\/eltefritt-glutenfritt-brC3B8d_1920-1536x1024.jpg 1536w, https:\/\/mills.no\/content\/uploads\/sites\/6\/2018\/02\/eltefritt-glutenfritt-brC3B8d_1920-80x53.jpg 80w\" sizes=\"auto, (max-width: 1920px) 100vw, 1920px\" \/><\/figure><div class=\"wp-block-media-text__content\">\n<div class=\"wp-block-group is-layout-flow wp-block-group-is-layout-flow\">\n<h2 class=\"has-text-align-center wp-block-heading\" id=\"h-glutenfritt-brod\">Glutenfritt br\u00f8d<\/h2>\n\n\n\n<p class=\"has-text-align-left\">Dette luftige og smakfulle br\u00f8det kan du lage b\u00e5de uten elting, br\u00f8dform og gryte \u2013 enklere blir det ikke! Deigen r\u00f8res raskt sammen og heves over natten. Perfekt for sparsomt utstyrte kj\u00f8kken.<\/p>\n\n\n\n<div class=\"wp-block-button\"><a class=\"wp-block-button__link\" href=\"https:\/\/mills.no\/soft-flora\/oppskrift\/eltefritt-glutenfritt-brod\/\">F\u00e5 oppskriften<\/a><\/div>\n<\/div>\n<\/div><\/div>\n\n\n<div class=\"mills-block-featured alignwide wp-block-cover has-custom-content-position is-position-bottom-center alignwide wp-block-mills-block-featured\"><img loading=\"lazy\" decoding=\"async\" width=\"1920\" height=\"930\" style=\"width:100%;height:100%;object-fit:cover\" src=\"https:\/\/mills.no\/content\/uploads\/sites\/6\/2022\/01\/pC3A5skebord_topbilde.jpg\" class=\"wp-block-cover__image-background\" alt=\"Frokostbord med egg, kaviar og kaffe\" srcset=\"https:\/\/mills.no\/content\/uploads\/sites\/6\/2022\/01\/pC3A5skebord_topbilde.jpg 1920w, https:\/\/mills.no\/content\/uploads\/sites\/6\/2022\/01\/pC3A5skebord_topbilde-300x145.jpg 300w, https:\/\/mills.no\/content\/uploads\/sites\/6\/2022\/01\/pC3A5skebord_topbilde-1024x496.jpg 1024w, https:\/\/mills.no\/content\/uploads\/sites\/6\/2022\/01\/pC3A5skebord_topbilde-768x372.jpg 768w, https:\/\/mills.no\/content\/uploads\/sites\/6\/2022\/01\/pC3A5skebord_topbilde-1536x744.jpg 1536w, https:\/\/mills.no\/content\/uploads\/sites\/6\/2022\/01\/pC3A5skebord_topbilde-80x39.jpg 80w\" sizes=\"auto, (max-width: 1920px) 100vw, 1920px\" \/><div class=\"wp-block-cover__inner-container\">\n\n<h2 class=\"has-text-align-center wp-block-heading\" id=\"h-paskequiz-for-hele-familien\">P\u00e5skequiz for hele familien<\/h2>\n\n\n\n<p class=\"has-text-align-center\">Hva er soppen som blir brukt til \u00e5 heve br\u00f8d kalt? Hvilken av disse inneholder ikke fett? Potetgull, kj\u00f8tt, potet, matolje Hva er 7\u00d77? Hva er hovedstaden i Australia? Hvor mange ringer har det olympiske flagget? Hvem sin nese vokser n\u00e5r han forteller en l\u00f8gn? Hvilken farge har rapsblomsten? Hva kalles tallene som st\u00e5r under og over en br\u00f8kstrek Hvilket nummer er det p\u00e5 bilskiltet til Donald Duck? Hvordan fikk P\u00e5ske\u00f8ya navnet sitt? 1) Gj\u00e6r&nbsp; 2) Potet&nbsp; 3) 49&nbsp; 4)&nbsp;Canberra&nbsp; 5) Fem&nbsp; 6)&nbsp;Pinocchio&nbsp; 7) Gul 8) Teller og nevner&nbsp; 9) 313&nbsp; 10)&nbsp;\u00d8ya ble oppdaget av nederlenderen Jakob Roggeveen p\u00e5 1. p\u00e5skedag i 1722.<\/p>\n\n<\/div><\/div>\n\n\n\t\t<div class=\"has-background has-neutral-50-background-color is-style-vertical-spacing is-style-horizontal-spacing alignwide wp-block-mills-section has-background has-neutral-50-background-color\">\n\t\t\t<div class=\"wp-block-mills-section__inner alignwide\">\n\t\t\t\t\n\n<h2 class=\"has-text-align-center aligncenter wp-block-heading\" id=\"h-flere-pasketips\">Flere p\u00e5sketips:<\/h2>\n\n\n<div class=\"t2-featured-content-layout alignwide alignwide wp-block-t2-featured-content-layout\" role=\"list\">\n<div class=\"t2-featured-single-post t2-featured-content is-post-type-recipe brand-soft-flora recipe_category-bakst-og-brod recipe_topic-paske wp-block-t2-featured-single-post\" role=\"listitem\"><a class=\"t2-post-link wp-block-t2-post-link\" href=\"https:\/\/mills.no\/soft-flora\/oppskrift\/pinnebrod-som-smaker-kanelsnurrer\/\">\n<figure style=\"--t2-focal-point: 50% 50%;\" class=\"t2-post-featured-image has-image-ratio-16-9 wp-block-t2-post-featured-image\"><img loading=\"lazy\" decoding=\"async\" width=\"1920\" height=\"1280\" src=\"https:\/\/mills.no\/content\/uploads\/2017\/03\/Kanlesnurrer-pC3A5-bC3A5l-ute_1920.jpg\" class=\"attachment-medium-large size-medium-large wp-post-image\" alt=\"Ny vri p\u00e5 pinnebr\u00f8d \u2013 kanelsnurrer laget p\u00e5 b\u00e5l\" srcset=\"https:\/\/mills.no\/content\/uploads\/2017\/03\/Kanlesnurrer-pC3A5-bC3A5l-ute_1920.jpg 1920w, https:\/\/mills.no\/content\/uploads\/2017\/03\/Kanlesnurrer-pC3A5-bC3A5l-ute_1920-300x200.jpg 300w, https:\/\/mills.no\/content\/uploads\/2017\/03\/Kanlesnurrer-pC3A5-bC3A5l-ute_1920-1024x683.jpg 1024w, https:\/\/mills.no\/content\/uploads\/2017\/03\/Kanlesnurrer-pC3A5-bC3A5l-ute_1920-768x512.jpg 768w, https:\/\/mills.no\/content\/uploads\/2017\/03\/Kanlesnurrer-pC3A5-bC3A5l-ute_1920-1536x1024.jpg 1536w, https:\/\/mills.no\/content\/uploads\/2017\/03\/Kanlesnurrer-pC3A5-bC3A5l-ute_1920-80x53.jpg 80w\" sizes=\"auto, (max-width: 1920px) 100vw, 1920px\" \/><\/figure>\n\n<div class=\"wp-block-group alignfull is-layout-flow wp-block-group-is-layout-flow\">\n\t<h2 class=\"t2-post-title wp-block-t2-post-title\">Ny vri p\u00e5 pinnebr\u00f8d \u2013 kanelsnurrer p\u00e5 b\u00e5l<\/h2>\n\t<div class=\"t2-post-excerpt wp-block-t2-post-excerpt\"><p>Ingenting er som \u00e5 avslutte en lang tur rundt b\u00e5let og grille pinnebr\u00f8d. Enda bedre blir det n\u00e5r du lager&hellip;<\/p><\/div>\n\t\n\t\t<div class=\"wp-block-mills-block-recipe-info\">\n\t\t\t<div class=\"mills-block-recipe-info-item mills-block-recipe-info-item--difficulty\">Enkel<\/div>\n\t\t\t<div class=\"mills-block-recipe-info-item mills-block-recipe-info-item--time\">15 min<\/div>\n\t\t<\/div>\n<\/div>\n\n<\/a>\n<\/div>\n\n<div class=\"t2-featured-single-post t2-featured-content is-post-type-recipe brand-soft-flora recipe_category-kaker-kos recipe_topic-paske wp-block-t2-featured-single-post\" role=\"listitem\"><a class=\"t2-post-link wp-block-t2-post-link\" href=\"https:\/\/mills.no\/soft-flora\/oppskrift\/appelsinmuffins-med-kvikk-lunsj\/\">\n<figure style=\"--t2-focal-point: 50% 50%;\" class=\"t2-post-featured-image has-image-ratio-16-9 wp-block-t2-post-featured-image\"><img loading=\"lazy\" decoding=\"async\" width=\"1920\" height=\"1280\" src=\"https:\/\/mills.no\/content\/uploads\/2017\/12\/Appelsinmuffins_1920.jpg\" class=\"attachment-medium-large size-medium-large wp-post-image\" alt=\"Appelsinmuffins\" srcset=\"https:\/\/mills.no\/content\/uploads\/2017\/12\/Appelsinmuffins_1920.jpg 1920w, https:\/\/mills.no\/content\/uploads\/2017\/12\/Appelsinmuffins_1920-300x200.jpg 300w, https:\/\/mills.no\/content\/uploads\/2017\/12\/Appelsinmuffins_1920-1024x683.jpg 1024w, https:\/\/mills.no\/content\/uploads\/2017\/12\/Appelsinmuffins_1920-768x512.jpg 768w, https:\/\/mills.no\/content\/uploads\/2017\/12\/Appelsinmuffins_1920-1536x1024.jpg 1536w, https:\/\/mills.no\/content\/uploads\/2017\/12\/Appelsinmuffins_1920-80x53.jpg 80w\" sizes=\"auto, (max-width: 1920px) 100vw, 1920px\" \/><\/figure>\n\n<div class=\"wp-block-group alignfull is-layout-flow wp-block-group-is-layout-flow\">\n\t<h2 class=\"t2-post-title wp-block-t2-post-title\">Appelsinmuffins med kvikk lunsj<\/h2>\n\t<div class=\"t2-post-excerpt wp-block-t2-post-excerpt\"><p>Appelsin og kvikk lunsj p\u00e5 turen er n\u00e6rmest obligatorisk. I denne deilige muffinsoppskriften har vi kombinert disse to, s\u00e5 kan&hellip;<\/p><\/div>\n\t\n\t\t<div class=\"wp-block-mills-block-recipe-info\">\n\t\t\t<div class=\"mills-block-recipe-info-item mills-block-recipe-info-item--difficulty\">Enkel<\/div>\n\t\t\t<div class=\"mills-block-recipe-info-item mills-block-recipe-info-item--time\">45 min<\/div>\n\t\t<\/div>\n<\/div>\n\n<\/a>\n<\/div>\n\n<div class=\"t2-featured-single-post t2-featured-content is-post-type-recipe brand-soft-flora recipe_category-kaker-kos wp-block-t2-featured-single-post\" role=\"listitem\"><a class=\"t2-post-link wp-block-t2-post-link\" href=\"https:\/\/mills.no\/soft-flora\/oppskrift\/muffins-i-appelsinskall\/\">\n<figure style=\"--t2-focal-point: 50% 50%;\" class=\"t2-post-featured-image has-image-ratio-16-9 wp-block-t2-post-featured-image\"><img loading=\"lazy\" decoding=\"async\" width=\"1920\" height=\"1280\" src=\"https:\/\/mills.no\/content\/uploads\/2017\/01\/Muffins-i-appelsin_1920.jpg\" class=\"attachment-medium-large size-medium-large wp-post-image\" alt=\"Muffins i appelsinskall\" srcset=\"https:\/\/mills.no\/content\/uploads\/2017\/01\/Muffins-i-appelsin_1920.jpg 1920w, https:\/\/mills.no\/content\/uploads\/2017\/01\/Muffins-i-appelsin_1920-300x200.jpg 300w, https:\/\/mills.no\/content\/uploads\/2017\/01\/Muffins-i-appelsin_1920-1024x683.jpg 1024w, https:\/\/mills.no\/content\/uploads\/2017\/01\/Muffins-i-appelsin_1920-768x512.jpg 768w, https:\/\/mills.no\/content\/uploads\/2017\/01\/Muffins-i-appelsin_1920-1536x1024.jpg 1536w, https:\/\/mills.no\/content\/uploads\/2017\/01\/Muffins-i-appelsin_1920-80x53.jpg 80w\" sizes=\"auto, (max-width: 1920px) 100vw, 1920px\" \/><\/figure>\n\n<div class=\"wp-block-group alignfull is-layout-flow wp-block-group-is-layout-flow\">\n\t<h2 class=\"t2-post-title wp-block-t2-post-title\">Muffins bakt i appelsinskall<\/h2>\n\t<div class=\"t2-post-excerpt wp-block-t2-post-excerpt\"><p>Sunne muffins bakt i appelsinskall p\u00e5 b\u00e5l er perfekt turmat. De b\u00e5de smaker godt og er morsomme \u00e5 lage. Muffinsene&hellip;<\/p><\/div>\n\t\n\t\t<div class=\"wp-block-mills-block-recipe-info\">\n\t\t\t<div class=\"mills-block-recipe-info-item mills-block-recipe-info-item--difficulty\">Enkel<\/div>\n\t\t\t<div class=\"mills-block-recipe-info-item mills-block-recipe-info-item--time\">40 min<\/div>\n\t\t<\/div>\n<\/div>\n\n<\/a>\n<\/div>\n<\/div>\n\n\t\t\t<\/div>\n\t\t<\/div>","protected":false},"excerpt":{"rendered":"<p>Lange p\u00e5skefrokoster med godt p\u00e5legg, quiz og familie er for mange noe av det beste med p\u00e5sken. Lukten av nytraktet&hellip;<\/p>\n","protected":false},"author":2,"featured_media":379,"comment_status":"closed","ping_status":"closed","sticky":false,"template":"","format":"standard","meta":{"_searchwp_excluded":"","footnotes":""},"categories":[79],"tags":[],"class_list":["post-378","post","type-post","status-publish","format-standard","has-post-thumbnail","hentry","category-soft-flora"],"yoast_head":"<!-- This site is optimized with the Yoast SEO Premium plugin v26.9 (Yoast SEO v26.9) - https:\/\/yoast.com\/product\/yoast-seo-premium-wordpress\/ -->\n<title>Fire deilige br\u00f8d til p\u00e5ske | Frokosttips for hele familien | Soft Flora<\/title>\n<meta name=\"description\" content=\"Lange p\u00e5skefrokoster er for mange noe av det beste med p\u00e5sken. Her er fire oppskrifter p\u00e5 deilige br\u00f8d til p\u00e5ske om kan lages p\u00e5 hytta.\" \/>\n<meta name=\"robots\" content=\"index, follow, max-snippet:-1, max-image-preview:large, max-video-preview:-1\" \/>\n<link rel=\"canonical\" href=\"https:\/\/mills.no\/soft-flora\/brod-til-paske\/\" \/>\n<meta property=\"og:locale\" content=\"nb_NO\" \/>\n<meta property=\"og:type\" content=\"article\" \/>\n<meta property=\"og:title\" content=\"De beste br\u00f8dene til p\u00e5skefrokosten\" \/>\n<meta property=\"og:description\" content=\"Enkle oppskrifter som kan lages uten kj\u00f8kkenmaskin. F\u00e5 oppskriftene her.\" \/>\n<meta property=\"og:url\" content=\"https:\/\/mills.no\/soft-flora\/brod-til-paske\/\" \/>\n<meta property=\"og:site_name\" content=\"Soft Flora\" \/>\n<meta property=\"article:published_time\" content=\"2018-02-15T15:04:12+00:00\" \/>\n<meta property=\"article:modified_time\" content=\"2024-02-07T08:16:21+00:00\" \/>\n<meta property=\"og:image\" content=\"https:\/\/mills.no\/content\/uploads\/sites\/6\/2018\/02\/eltefritt-glutenfritt-brC3B8d_1920.jpg\" \/>\n\t<meta property=\"og:image:width\" content=\"1920\" \/>\n\t<meta property=\"og:image:height\" content=\"1280\" \/>\n\t<meta property=\"og:image:type\" content=\"image\/jpeg\" \/>\n<meta name=\"author\" content=\"Grete\" \/>\n<meta name=\"twitter:card\" content=\"summary_large_image\" \/>\n<meta name=\"twitter:title\" content=\"Fire deilige br\u00f8d til p\u00e5ske\" \/>\n<meta name=\"twitter:label1\" content=\"Skrevet av\" \/>\n\t<meta name=\"twitter:data1\" content=\"Grete\" \/>\n\t<meta name=\"twitter:label2\" content=\"Ansl. lesetid\" \/>\n\t<meta name=\"twitter:data2\" content=\"3 minutter\" \/>\n<script type=\"application\/ld+json\" class=\"yoast-schema-graph\">{\"@context\":\"https:\/\/schema.org\",\"@graph\":[{\"@type\":\"Article\",\"@id\":\"https:\/\/mills.no\/soft-flora\/brod-til-paske\/#article\",\"isPartOf\":{\"@id\":\"https:\/\/mills.no\/soft-flora\/brod-til-paske\/\"},\"author\":{\"name\":\"Grete\",\"@id\":\"https:\/\/mills.no\/soft-flora\/#\/schema\/person\/ab5a3a4aa78c6d908a509ddc011ef4fa\"},\"headline\":\"Fire deilige br\u00f8d til p\u00e5ske\",\"datePublished\":\"2018-02-15T15:04:12+00:00\",\"dateModified\":\"2024-02-07T08:16:21+00:00\",\"mainEntityOfPage\":{\"@id\":\"https:\/\/mills.no\/soft-flora\/brod-til-paske\/\"},\"wordCount\":391,\"publisher\":{\"@id\":\"https:\/\/mills.no\/soft-flora\/#organization\"},\"image\":{\"@id\":\"https:\/\/mills.no\/soft-flora\/brod-til-paske\/#primaryimage\"},\"thumbnailUrl\":\"https:\/\/mills.no\/content\/uploads\/sites\/6\/2018\/02\/eltefritt-glutenfritt-brC3B8d_1920.jpg\",\"articleSection\":[\"Soft Flora\"],\"inLanguage\":\"nb-NO\"},{\"@type\":\"WebPage\",\"@id\":\"https:\/\/mills.no\/soft-flora\/brod-til-paske\/\",\"url\":\"https:\/\/mills.no\/soft-flora\/brod-til-paske\/\",\"name\":\"Fire deilige br\u00f8d til p\u00e5ske | Frokosttips for hele familien | Soft Flora\",\"isPartOf\":{\"@id\":\"https:\/\/mills.no\/soft-flora\/#website\"},\"primaryImageOfPage\":{\"@id\":\"https:\/\/mills.no\/soft-flora\/brod-til-paske\/#primaryimage\"},\"image\":{\"@id\":\"https:\/\/mills.no\/soft-flora\/brod-til-paske\/#primaryimage\"},\"thumbnailUrl\":\"https:\/\/mills.no\/content\/uploads\/sites\/6\/2018\/02\/eltefritt-glutenfritt-brC3B8d_1920.jpg\",\"datePublished\":\"2018-02-15T15:04:12+00:00\",\"dateModified\":\"2024-02-07T08:16:21+00:00\",\"description\":\"Lange p\u00e5skefrokoster er for mange noe av det beste med p\u00e5sken. Her er fire oppskrifter p\u00e5 deilige br\u00f8d til p\u00e5ske om kan lages p\u00e5 hytta.\",\"breadcrumb\":{\"@id\":\"https:\/\/mills.no\/soft-flora\/brod-til-paske\/#breadcrumb\"},\"inLanguage\":\"nb-NO\",\"potentialAction\":[{\"@type\":\"ReadAction\",\"target\":[\"https:\/\/mills.no\/soft-flora\/brod-til-paske\/\"]}]},{\"@type\":\"ImageObject\",\"inLanguage\":\"nb-NO\",\"@id\":\"https:\/\/mills.no\/soft-flora\/brod-til-paske\/#primaryimage\",\"url\":\"https:\/\/mills.no\/content\/uploads\/sites\/6\/2018\/02\/eltefritt-glutenfritt-brC3B8d_1920.jpg\",\"contentUrl\":\"https:\/\/mills.no\/content\/uploads\/sites\/6\/2018\/02\/eltefritt-glutenfritt-brC3B8d_1920.jpg\",\"width\":1920,\"height\":1280,\"caption\":\"Eltefritt glutenfritt br\u00f8d\"},{\"@type\":\"BreadcrumbList\",\"@id\":\"https:\/\/mills.no\/soft-flora\/brod-til-paske\/#breadcrumb\",\"itemListElement\":[{\"@type\":\"ListItem\",\"position\":1,\"name\":\"Home\",\"item\":\"https:\/\/mills.no\/soft-flora\/\"},{\"@type\":\"ListItem\",\"position\":2,\"name\":\"Fire deilige br\u00f8d til p\u00e5ske\"}]},{\"@type\":\"WebSite\",\"@id\":\"https:\/\/mills.no\/soft-flora\/#website\",\"url\":\"https:\/\/mills.no\/soft-flora\/\",\"name\":\"Soft Flora\",\"description\":\"En naturlig familiefavoritt\",\"publisher\":{\"@id\":\"https:\/\/mills.no\/soft-flora\/#organization\"},\"potentialAction\":[{\"@type\":\"SearchAction\",\"target\":{\"@type\":\"EntryPoint\",\"urlTemplate\":\"https:\/\/mills.no\/soft-flora\/?s={search_term_string}\"},\"query-input\":{\"@type\":\"PropertyValueSpecification\",\"valueRequired\":true,\"valueName\":\"search_term_string\"}}],\"inLanguage\":\"nb-NO\"},{\"@type\":\"Organization\",\"@id\":\"https:\/\/mills.no\/soft-flora\/#organization\",\"name\":\"Soft Flora\",\"url\":\"https:\/\/mills.no\/soft-flora\/\",\"logo\":{\"@type\":\"ImageObject\",\"inLanguage\":\"nb-NO\",\"@id\":\"https:\/\/mills.no\/soft-flora\/#\/schema\/logo\/image\/\",\"url\":\"https:\/\/mills.no\/content\/uploads\/sites\/6\/2023\/08\/Soft-Flora_hovedlogo_1.svg\",\"contentUrl\":\"https:\/\/mills.no\/content\/uploads\/sites\/6\/2023\/08\/Soft-Flora_hovedlogo_1.svg\",\"caption\":\"Soft Flora\"},\"image\":{\"@id\":\"https:\/\/mills.no\/soft-flora\/#\/schema\/logo\/image\/\"}},{\"@type\":\"Person\",\"@id\":\"https:\/\/mills.no\/soft-flora\/#\/schema\/person\/ab5a3a4aa78c6d908a509ddc011ef4fa\",\"name\":\"Grete\",\"image\":{\"@type\":\"ImageObject\",\"inLanguage\":\"nb-NO\",\"@id\":\"https:\/\/mills.no\/soft-flora\/#\/schema\/person\/image\/\",\"url\":\"https:\/\/secure.gravatar.com\/avatar\/c9c9df84ea86f0401d58f1d454d71c9a8f39cde9bdde7229c93c6491defdd741?s=96&d=mm&r=g\",\"contentUrl\":\"https:\/\/secure.gravatar.com\/avatar\/c9c9df84ea86f0401d58f1d454d71c9a8f39cde9bdde7229c93c6491defdd741?s=96&d=mm&r=g\",\"caption\":\"Grete\"},\"url\":\"https:\/\/mills.no\/soft-flora\/author\/mills\/\"}]}<\/script>\n<!-- \/ Yoast SEO Premium plugin. -->","yoast_head_json":{"title":"Fire deilige br\u00f8d til p\u00e5ske | Frokosttips for hele familien | Soft Flora","description":"Lange p\u00e5skefrokoster er for mange noe av det beste med p\u00e5sken. Her er fire oppskrifter p\u00e5 deilige br\u00f8d til p\u00e5ske om kan lages p\u00e5 hytta.","robots":{"index":"index","follow":"follow","max-snippet":"max-snippet:-1","max-image-preview":"max-image-preview:large","max-video-preview":"max-video-preview:-1"},"canonical":"https:\/\/mills.no\/soft-flora\/brod-til-paske\/","og_locale":"nb_NO","og_type":"article","og_title":"De beste br\u00f8dene til p\u00e5skefrokosten","og_description":"Enkle oppskrifter som kan lages uten kj\u00f8kkenmaskin. F\u00e5 oppskriftene her.","og_url":"https:\/\/mills.no\/soft-flora\/brod-til-paske\/","og_site_name":"Soft Flora","article_published_time":"2018-02-15T15:04:12+00:00","article_modified_time":"2024-02-07T08:16:21+00:00","og_image":[{"width":1920,"height":1280,"url":"https:\/\/mills.no\/content\/uploads\/sites\/6\/2018\/02\/eltefritt-glutenfritt-brC3B8d_1920.jpg","type":"image\/jpeg"}],"author":"Grete","twitter_card":"summary_large_image","twitter_title":"Fire deilige br\u00f8d til p\u00e5ske","twitter_misc":{"Skrevet av":"Grete","Ansl. lesetid":"3 minutter"},"schema":{"@context":"https:\/\/schema.org","@graph":[{"@type":"Article","@id":"https:\/\/mills.no\/soft-flora\/brod-til-paske\/#article","isPartOf":{"@id":"https:\/\/mills.no\/soft-flora\/brod-til-paske\/"},"author":{"name":"Grete","@id":"https:\/\/mills.no\/soft-flora\/#\/schema\/person\/ab5a3a4aa78c6d908a509ddc011ef4fa"},"headline":"Fire deilige br\u00f8d til p\u00e5ske","datePublished":"2018-02-15T15:04:12+00:00","dateModified":"2024-02-07T08:16:21+00:00","mainEntityOfPage":{"@id":"https:\/\/mills.no\/soft-flora\/brod-til-paske\/"},"wordCount":391,"publisher":{"@id":"https:\/\/mills.no\/soft-flora\/#organization"},"image":{"@id":"https:\/\/mills.no\/soft-flora\/brod-til-paske\/#primaryimage"},"thumbnailUrl":"https:\/\/mills.no\/content\/uploads\/sites\/6\/2018\/02\/eltefritt-glutenfritt-brC3B8d_1920.jpg","articleSection":["Soft Flora"],"inLanguage":"nb-NO"},{"@type":"WebPage","@id":"https:\/\/mills.no\/soft-flora\/brod-til-paske\/","url":"https:\/\/mills.no\/soft-flora\/brod-til-paske\/","name":"Fire deilige br\u00f8d til p\u00e5ske | Frokosttips for hele familien | Soft Flora","isPartOf":{"@id":"https:\/\/mills.no\/soft-flora\/#website"},"primaryImageOfPage":{"@id":"https:\/\/mills.no\/soft-flora\/brod-til-paske\/#primaryimage"},"image":{"@id":"https:\/\/mills.no\/soft-flora\/brod-til-paske\/#primaryimage"},"thumbnailUrl":"https:\/\/mills.no\/content\/uploads\/sites\/6\/2018\/02\/eltefritt-glutenfritt-brC3B8d_1920.jpg","datePublished":"2018-02-15T15:04:12+00:00","dateModified":"2024-02-07T08:16:21+00:00","description":"Lange p\u00e5skefrokoster er for mange noe av det beste med p\u00e5sken. Her er fire oppskrifter p\u00e5 deilige br\u00f8d til p\u00e5ske om kan lages p\u00e5 hytta.","breadcrumb":{"@id":"https:\/\/mills.no\/soft-flora\/brod-til-paske\/#breadcrumb"},"inLanguage":"nb-NO","potentialAction":[{"@type":"ReadAction","target":["https:\/\/mills.no\/soft-flora\/brod-til-paske\/"]}]},{"@type":"ImageObject","inLanguage":"nb-NO","@id":"https:\/\/mills.no\/soft-flora\/brod-til-paske\/#primaryimage","url":"https:\/\/mills.no\/content\/uploads\/sites\/6\/2018\/02\/eltefritt-glutenfritt-brC3B8d_1920.jpg","contentUrl":"https:\/\/mills.no\/content\/uploads\/sites\/6\/2018\/02\/eltefritt-glutenfritt-brC3B8d_1920.jpg","width":1920,"height":1280,"caption":"Eltefritt glutenfritt br\u00f8d"},{"@type":"BreadcrumbList","@id":"https:\/\/mills.no\/soft-flora\/brod-til-paske\/#breadcrumb","itemListElement":[{"@type":"ListItem","position":1,"name":"Home","item":"https:\/\/mills.no\/soft-flora\/"},{"@type":"ListItem","position":2,"name":"Fire deilige br\u00f8d til p\u00e5ske"}]},{"@type":"WebSite","@id":"https:\/\/mills.no\/soft-flora\/#website","url":"https:\/\/mills.no\/soft-flora\/","name":"Soft Flora","description":"En naturlig familiefavoritt","publisher":{"@id":"https:\/\/mills.no\/soft-flora\/#organization"},"potentialAction":[{"@type":"SearchAction","target":{"@type":"EntryPoint","urlTemplate":"https:\/\/mills.no\/soft-flora\/?s={search_term_string}"},"query-input":{"@type":"PropertyValueSpecification","valueRequired":true,"valueName":"search_term_string"}}],"inLanguage":"nb-NO"},{"@type":"Organization","@id":"https:\/\/mills.no\/soft-flora\/#organization","name":"Soft Flora","url":"https:\/\/mills.no\/soft-flora\/","logo":{"@type":"ImageObject","inLanguage":"nb-NO","@id":"https:\/\/mills.no\/soft-flora\/#\/schema\/logo\/image\/","url":"https:\/\/mills.no\/content\/uploads\/sites\/6\/2023\/08\/Soft-Flora_hovedlogo_1.svg","contentUrl":"https:\/\/mills.no\/content\/uploads\/sites\/6\/2023\/08\/Soft-Flora_hovedlogo_1.svg","caption":"Soft Flora"},"image":{"@id":"https:\/\/mills.no\/soft-flora\/#\/schema\/logo\/image\/"}},{"@type":"Person","@id":"https:\/\/mills.no\/soft-flora\/#\/schema\/person\/ab5a3a4aa78c6d908a509ddc011ef4fa","name":"Grete","image":{"@type":"ImageObject","inLanguage":"nb-NO","@id":"https:\/\/mills.no\/soft-flora\/#\/schema\/person\/image\/","url":"https:\/\/secure.gravatar.com\/avatar\/c9c9df84ea86f0401d58f1d454d71c9a8f39cde9bdde7229c93c6491defdd741?s=96&d=mm&r=g","contentUrl":"https:\/\/secure.gravatar.com\/avatar\/c9c9df84ea86f0401d58f1d454d71c9a8f39cde9bdde7229c93c6491defdd741?s=96&d=mm&r=g","caption":"Grete"},"url":"https:\/\/mills.no\/soft-flora\/author\/mills\/"}]}},"_links":{"self":[{"href":"https:\/\/mills.no\/soft-flora\/wp-json\/wp\/v2\/posts\/378","targetHints":{"allow":["GET"]}}],"collection":[{"href":"https:\/\/mills.no\/soft-flora\/wp-json\/wp\/v2\/posts"}],"about":[{"href":"https:\/\/mills.no\/soft-flora\/wp-json\/wp\/v2\/types\/post"}],"author":[{"embeddable":true,"href":"https:\/\/mills.no\/soft-flora\/wp-json\/wp\/v2\/users\/2"}],"replies":[{"embeddable":true,"href":"https:\/\/mills.no\/soft-flora\/wp-json\/wp\/v2\/comments?post=378"}],"version-history":[{"count":12,"href":"https:\/\/mills.no\/soft-flora\/wp-json\/wp\/v2\/posts\/378\/revisions"}],"predecessor-version":[{"id":1028,"href":"https:\/\/mills.no\/soft-flora\/wp-json\/wp\/v2\/posts\/378\/revisions\/1028"}],"wp:featuredmedia":[{"embeddable":true,"href":"https:\/\/mills.no\/soft-flora\/wp-json\/wp\/v2\/media\/379"}],"wp:attachment":[{"href":"https:\/\/mills.no\/soft-flora\/wp-json\/wp\/v2\/media?parent=378"}],"wp:term":[{"taxonomy":"category","embeddable":true,"href":"https:\/\/mills.no\/soft-flora\/wp-json\/wp\/v2\/categories?post=378"},{"taxonomy":"post_tag","embeddable":true,"href":"https:\/\/mills.no\/soft-flora\/wp-json\/wp\/v2\/tags?post=378"}],"curies":[{"name":"wp","href":"https:\/\/api.w.org\/{rel}","templated":true}]}}