{"id":380,"date":"2018-02-15T15:31:34","date_gmt":"2018-02-15T14:31:34","guid":{"rendered":"https:\/\/mills.no\/soft-flora\/raske-brod-du-kan-lage-pa-1-2-3\/"},"modified":"2024-02-07T09:16:22","modified_gmt":"2024-02-07T08:16:22","slug":"raske-brod-pa-1-2-3","status":"publish","type":"post","link":"https:\/\/mills.no\/soft-flora\/raske-brod-pa-1-2-3\/","title":{"rendered":"Raske br\u00f8d du kan lage p\u00e5 1-2-3"},"content":{"rendered":"<div class=\"mills-block-featured alignwide alignwide wp-block-mills-block-featured\"><img loading=\"lazy\" decoding=\"async\" width=\"1920\" height=\"930\" style=\"width:100%;height:100%;object-fit:cover\" src=\"https:\/\/mills.no\/content\/uploads\/sites\/6\/2018\/02\/matpakkebrC3B8d-pC3A5smurt_1920.jpg\" class=\"wp-block-cover__image-background\" alt=\"Eltefritt br\u00f8d til matpakken, p\u00e5smurt med gulost\" srcset=\"https:\/\/mills.no\/content\/uploads\/sites\/6\/2018\/02\/matpakkebrC3B8d-pC3A5smurt_1920.jpg 1920w, https:\/\/mills.no\/content\/uploads\/sites\/6\/2018\/02\/matpakkebrC3B8d-pC3A5smurt_1920-300x145.jpg 300w, https:\/\/mills.no\/content\/uploads\/sites\/6\/2018\/02\/matpakkebrC3B8d-pC3A5smurt_1920-1024x496.jpg 1024w, https:\/\/mills.no\/content\/uploads\/sites\/6\/2018\/02\/matpakkebrC3B8d-pC3A5smurt_1920-768x372.jpg 768w, https:\/\/mills.no\/content\/uploads\/sites\/6\/2018\/02\/matpakkebrC3B8d-pC3A5smurt_1920-1536x744.jpg 1536w, https:\/\/mills.no\/content\/uploads\/sites\/6\/2018\/02\/matpakkebrC3B8d-pC3A5smurt_1920-80x39.jpg 80w\" sizes=\"auto, (max-width: 1920px) 100vw, 1920px\" \/><div class=\"wp-block-cover__inner-container\">\n<h1 class=\"has-text-align-center wp-block-post-title has-text-color has-neutral-1000-color\">Raske br\u00f8d du kan lage p\u00e5 1-2-3<\/h1>\n\n<p class=\"t2-ingress has-text-align-center align wp-block-t2-ingress\">Ha disse oppskriftene i bakh\u00e5nd n\u00e5r du har glemt \u00e5 kj\u00f8pe br\u00f8d eller bare trenger at bakingen g\u00e5r raskt unna. \n<\/p>\n\n<div class=\"has-text-align-center mills-published-date wp-block-post-date has-text-color has-neutral-1000-color\"><time datetime=\"2018-02-15T15:31:34+01:00\">15. februar 2018<\/time><\/div>\n<\/div><\/div>\n\n\n<div class=\"wp-block-media-text alignwide is-stacked-on-mobile is-image-fill has-neutral-1000-color has-neutral-0-background-color has-text-color has-background\"><figure class=\"wp-block-media-text__media\" style=\"background-image:url(https:\/\/mills.no\/content\/uploads\/sites\/6\/2018\/09\/PolarbrC3B8d_1920.jpg);background-position:50% 50%\"><img loading=\"lazy\" decoding=\"async\" width=\"1920\" height=\"1280\" src=\"https:\/\/mills.no\/content\/uploads\/sites\/6\/2018\/09\/PolarbrC3B8d_1920.jpg\" alt=\"\" class=\"wp-image-365 size-full\" srcset=\"https:\/\/mills.no\/content\/uploads\/sites\/6\/2018\/09\/PolarbrC3B8d_1920.jpg 1920w, https:\/\/mills.no\/content\/uploads\/sites\/6\/2018\/09\/PolarbrC3B8d_1920-300x200.jpg 300w, https:\/\/mills.no\/content\/uploads\/sites\/6\/2018\/09\/PolarbrC3B8d_1920-1024x683.jpg 1024w, https:\/\/mills.no\/content\/uploads\/sites\/6\/2018\/09\/PolarbrC3B8d_1920-768x512.jpg 768w, https:\/\/mills.no\/content\/uploads\/sites\/6\/2018\/09\/PolarbrC3B8d_1920-1536x1024.jpg 1536w, https:\/\/mills.no\/content\/uploads\/sites\/6\/2018\/09\/PolarbrC3B8d_1920-80x53.jpg 80w\" sizes=\"auto, (max-width: 1920px) 100vw, 1920px\" \/><\/figure><div class=\"wp-block-media-text__content\">\n<div class=\"wp-block-group is-layout-flow wp-block-group-is-layout-flow\">\n<h2 class=\"has-text-align-center wp-block-heading\" id=\"h-grove-polarbrod\">Grove polarbr\u00f8d<\/h2>\n\n\n\n<p class=\"has-text-align-left\">Polarbr\u00f8d har p\u00e5 noen \u00e5r blitt en klar matpakkefavoritt. Denne varianten krever hverken elting eller heving, og resultatet er luftige og saftige polarbr\u00f8d som er klare i p\u00e5 bare 35 minutter.<\/p>\n\n\n\n<div class=\"wp-block-button\"><a class=\"wp-block-button__link\" href=\"https:\/\/mills.no\/soft-flora\/oppskrift\/grove-polarbrod\/\">F\u00e5 oppskriften<\/a><\/div>\n<\/div>\n<\/div><\/div>\n\n\n\n<div class=\"wp-block-media-text alignwide has-media-on-the-right is-stacked-on-mobile is-image-fill has-neutral-1000-color has-neutral-0-background-color has-text-color has-background\"><figure class=\"wp-block-media-text__media\" style=\"background-image:url(https:\/\/mills.no\/content\/uploads\/sites\/6\/2022\/01\/Glutenfrie-matmuffins_1920.jpg);background-position:50% 50%\"><img loading=\"lazy\" decoding=\"async\" width=\"1920\" height=\"1280\" src=\"https:\/\/mills.no\/content\/uploads\/sites\/6\/2022\/01\/Glutenfrie-matmuffins_1920.jpg\" alt=\"\" class=\"wp-image-484 size-full\" srcset=\"https:\/\/mills.no\/content\/uploads\/sites\/6\/2022\/01\/Glutenfrie-matmuffins_1920.jpg 1920w, https:\/\/mills.no\/content\/uploads\/sites\/6\/2022\/01\/Glutenfrie-matmuffins_1920-300x200.jpg 300w, https:\/\/mills.no\/content\/uploads\/sites\/6\/2022\/01\/Glutenfrie-matmuffins_1920-1024x683.jpg 1024w, https:\/\/mills.no\/content\/uploads\/sites\/6\/2022\/01\/Glutenfrie-matmuffins_1920-768x512.jpg 768w, https:\/\/mills.no\/content\/uploads\/sites\/6\/2022\/01\/Glutenfrie-matmuffins_1920-1536x1024.jpg 1536w, https:\/\/mills.no\/content\/uploads\/sites\/6\/2022\/01\/Glutenfrie-matmuffins_1920-80x53.jpg 80w\" sizes=\"auto, (max-width: 1920px) 100vw, 1920px\" \/><\/figure><div class=\"wp-block-media-text__content\">\n<div class=\"wp-block-group is-layout-flow wp-block-group-is-layout-flow\">\n<h2 class=\"has-text-align-center wp-block-heading\" id=\"h-for-allergikeren-glutenfrie-matmuffins\">For allergikeren: glutenfrie matmuffins<\/h2>\n\n\n\n<p class=\"has-text-align-left\">Disse saftige glutenfrie matmuffinsene er fylt med ost og skinke, og er supre til matpakken for de som ikke t\u00e5ler gluten. I denne oppskriften har vi brukt skinke og ost, men her kan du ogs\u00e5 bruke andre ting \u2013 som salami og squash eller revet gulrot.<\/p>\n\n\n\n<p class=\"has-text-align-left\">Muffinsene kan fryses. Ta de opp kvelden i forveien og la de tine i kj\u00f8leskap over natten. Oppskriften gir ca. 6 store muffins.<\/p>\n\n\n\n<p class=\"has-text-align-left\"><strong>Tid:<\/strong> 35 min<\/p>\n\n\n\n<div class=\"wp-block-button\"><a class=\"wp-block-button__link\" href=\"https:\/\/mills.no\/soft-flora\/oppskrift\/glutenfrie-matmuffins\/\">Slik lager du dem<\/a><\/div>\n<\/div>\n<\/div><\/div>\n\n\n\n<div class=\"wp-block-media-text alignwide is-stacked-on-mobile is-image-fill has-neutral-1000-color has-neutral-0-background-color has-text-color has-background\"><figure class=\"wp-block-media-text__media\" style=\"background-image:url(https:\/\/mills.no\/content\/uploads\/sites\/6\/2018\/02\/matpakkebrC3B8d-pC3A5smurt_1920.jpg);background-position:50% 50%\"><img loading=\"lazy\" decoding=\"async\" width=\"1920\" height=\"930\" src=\"https:\/\/mills.no\/content\/uploads\/sites\/6\/2018\/02\/matpakkebrC3B8d-pC3A5smurt_1920.jpg\" alt=\"\" class=\"wp-image-381 size-full\" srcset=\"https:\/\/mills.no\/content\/uploads\/sites\/6\/2018\/02\/matpakkebrC3B8d-pC3A5smurt_1920.jpg 1920w, https:\/\/mills.no\/content\/uploads\/sites\/6\/2018\/02\/matpakkebrC3B8d-pC3A5smurt_1920-300x145.jpg 300w, https:\/\/mills.no\/content\/uploads\/sites\/6\/2018\/02\/matpakkebrC3B8d-pC3A5smurt_1920-1024x496.jpg 1024w, https:\/\/mills.no\/content\/uploads\/sites\/6\/2018\/02\/matpakkebrC3B8d-pC3A5smurt_1920-768x372.jpg 768w, https:\/\/mills.no\/content\/uploads\/sites\/6\/2018\/02\/matpakkebrC3B8d-pC3A5smurt_1920-1536x744.jpg 1536w, https:\/\/mills.no\/content\/uploads\/sites\/6\/2018\/02\/matpakkebrC3B8d-pC3A5smurt_1920-80x39.jpg 80w\" sizes=\"auto, (max-width: 1920px) 100vw, 1920px\" \/><\/figure><div class=\"wp-block-media-text__content\">\n<div class=\"wp-block-group is-layout-flow wp-block-group-is-layout-flow\">\n<h2 class=\"has-text-align-center wp-block-heading\" id=\"h-eltefritt-brod\">Eltefritt br\u00f8d<\/h2>\n\n\n\n<p class=\"has-text-align-left\">Dette br\u00f8det er b\u00e5de luftig og saftig, og det krever ingen elting. Mange eltefrie br\u00f8d m\u00e5 heves over natten, men med denne oppskriften trenger br\u00f8det bare \u00e9n times heving.<\/p>\n\n\n\n<p class=\"has-text-align-left\"><strong>Tid:<\/strong> 120 min<\/p>\n\n\n\n<div class=\"wp-block-button\"><a class=\"wp-block-button__link\" href=\"https:\/\/mills.no\/soft-flora\/oppskrift\/eltefritt-brod-til-matpakken\/\">F\u00e5 hele oppskriften her<\/a><\/div>\n<\/div>\n<\/div><\/div>\n\n\n\n\t\t<div class=\"has-background has-neutral-0-background-color is-style-vertical-spacing alignwide wp-block-mills-section has-background has-neutral-0-background-color\">\n\t\t\t<div class=\"wp-block-mills-section__inner aligncenter\">\n\t\t\t\t\n\n<div class=\"wp-block-group alignfull card-info is-layout-flow wp-block-group-is-layout-flow\">\n<h2 class=\"wp-block-t2-post-title t2-post-title wp-block-heading\" id=\"h-basisvarer-som-kan-vaere-lurt-a-ha-staende\">Basisvarer som kan v\u00e6re lurt \u00e5 ha st\u00e5ende:<\/h2>\n\n\n\n<ul class=\"wp-block-list\"><li>T\u00f8rrgj\u00e6r<\/li><li>Sammalt hvetemel<\/li><li>Siktet hvetemel<\/li><li>Om du har allergikere i familien: grov glutenfri melblanding<\/li><li>Rugmel<\/li><li>Margarin<\/li><li>Fr\u00f8 for ekstra n\u00e6ring \u2013 for eksempel solsikke og gresskar<\/li><\/ul>\n<\/div>\n\n\n\t\t\t<\/div>\n\t\t<\/div>\n\n\n\t\t<div class=\"has-background has-neutral-50-background-color is-style-vertical-spacing is-style-horizontal-spacing alignwide wp-block-mills-section has-background has-neutral-50-background-color\">\n\t\t\t<div class=\"wp-block-mills-section__inner alignwide\">\n\t\t\t\t\n\n<h2 class=\"has-text-align-center aligncenter wp-block-heading\" id=\"h-kanskje-vil-du-ogsa-like-disse\">Kanskje vil du ogs\u00e5 like disse?<\/h2>\n\n\n\n<p class=\"has-text-align-center aligncenter\">Sm\u00e5 matpakkeoverraskelser som kan lagres i fryseren\n<\/p>\n\n\n<div class=\"t2-featured-content-layout alignwide alignwide wp-block-t2-featured-content-layout\" role=\"list\">\n<div class=\"t2-featured-single-post t2-featured-content is-post-type-recipe brand-soft-flora recipe_category-bakst-og-brod recipe_category-frokost-og-lunsj recipe_topic-brodmat wp-block-t2-featured-single-post\" role=\"listitem\"><a class=\"t2-post-link wp-block-t2-post-link\" href=\"https:\/\/mills.no\/soft-flora\/oppskrift\/grove-horn\/\">\n<figure style=\"--t2-focal-point: 50% 50%;\" class=\"t2-post-featured-image has-image-ratio-16-9 wp-block-t2-post-featured-image\"><img loading=\"lazy\" decoding=\"async\" width=\"1600\" height=\"1067\" src=\"https:\/\/mills.no\/content\/uploads\/2017\/12\/Eltefrie-horn_1920.jpg\" class=\"attachment-medium-large size-medium-large wp-post-image\" alt=\"eltefrie grove horn fylt med ost og skinke\" srcset=\"https:\/\/mills.no\/content\/uploads\/2017\/12\/Eltefrie-horn_1920.jpg 1600w, https:\/\/mills.no\/content\/uploads\/2017\/12\/Eltefrie-horn_1920-300x200.jpg 300w, https:\/\/mills.no\/content\/uploads\/2017\/12\/Eltefrie-horn_1920-1024x683.jpg 1024w, https:\/\/mills.no\/content\/uploads\/2017\/12\/Eltefrie-horn_1920-768x512.jpg 768w, https:\/\/mills.no\/content\/uploads\/2017\/12\/Eltefrie-horn_1920-1536x1024.jpg 1536w, https:\/\/mills.no\/content\/uploads\/2017\/12\/Eltefrie-horn_1920-80x53.jpg 80w\" sizes=\"auto, (max-width: 1600px) 100vw, 1600px\" \/><\/figure>\n\n<div class=\"wp-block-group alignfull is-layout-flow wp-block-group-is-layout-flow\">\n\t<h2 class=\"t2-post-title wp-block-t2-post-title\">Eltefrie grove horn med ost og skinke<\/h2>\n\t<div class=\"t2-post-excerpt wp-block-t2-post-excerpt\"><p>Grove horn er en favoritt i matpakka. Fyller du dem med ost og skinke trenger du heller ikke tenke p\u00e5&hellip;<\/p><\/div>\n\t\n\t\t<div class=\"wp-block-mills-block-recipe-info\">\n\t\t\t<div class=\"mills-block-recipe-info-item mills-block-recipe-info-item--difficulty\">Enkel<\/div>\n\t\t\t<div class=\"mills-block-recipe-info-item mills-block-recipe-info-item--time\">1 t 50 min<\/div>\n\t\t<\/div>\n<\/div>\n\n<\/a>\n<\/div>\n\n<div class=\"t2-featured-single-post t2-featured-content is-post-type-recipe brand-soft-flora recipe_category-frokost-og-lunsj recipe_category-snacks-og-tilbehor wp-block-t2-featured-single-post\" role=\"listitem\"><a class=\"t2-post-link wp-block-t2-post-link\" href=\"https:\/\/mills.no\/soft-flora\/oppskrift\/minipizza\/\">\n<figure style=\"--t2-focal-point: 50% 50%;\" class=\"t2-post-featured-image has-image-ratio-16-9 wp-block-t2-post-featured-image\"><img loading=\"lazy\" decoding=\"async\" width=\"1600\" height=\"1067\" src=\"https:\/\/mills.no\/content\/uploads\/2017\/12\/Minipizza_1920-focalcropped.jpg\" class=\"attachment-medium-large size-medium-large wp-post-image\" alt=\"minipizza med pepperoni\" srcset=\"https:\/\/mills.no\/content\/uploads\/2017\/12\/Minipizza_1920-focalcropped.jpg 1600w, https:\/\/mills.no\/content\/uploads\/2017\/12\/Minipizza_1920-focalcropped-300x200.jpg 300w, https:\/\/mills.no\/content\/uploads\/2017\/12\/Minipizza_1920-focalcropped-1024x683.jpg 1024w, https:\/\/mills.no\/content\/uploads\/2017\/12\/Minipizza_1920-focalcropped-768x512.jpg 768w, https:\/\/mills.no\/content\/uploads\/2017\/12\/Minipizza_1920-focalcropped-1536x1024.jpg 1536w, https:\/\/mills.no\/content\/uploads\/2017\/12\/Minipizza_1920-focalcropped-80x53.jpg 80w\" sizes=\"auto, (max-width: 1600px) 100vw, 1600px\" \/><\/figure>\n\n<div class=\"wp-block-group alignfull is-layout-flow wp-block-group-is-layout-flow\">\n\t<h2 class=\"t2-post-title wp-block-t2-post-title\">Eltefri minipizza med pepperoni<\/h2>\n\t<div class=\"t2-post-excerpt wp-block-t2-post-excerpt\"><p>Disse minipizzaene er herlige munnfuller du kan dippe i tomatsaus eller r\u00f8mmedressing. De er ogs\u00e5 supre som en liten overraskelse&hellip;<\/p><\/div>\n\t\n\t\t<div class=\"wp-block-mills-block-recipe-info\">\n\t\t\t<div class=\"mills-block-recipe-info-item mills-block-recipe-info-item--difficulty\">Enkel<\/div>\n\t\t\t<div class=\"mills-block-recipe-info-item mills-block-recipe-info-item--time\">1 t 50 min<\/div>\n\t\t<\/div>\n<\/div>\n\n<\/a>\n<\/div>\n\n<div class=\"t2-featured-single-post t2-featured-content is-post-type-recipe brand-soft-flora recipe_category-bakst-og-brod recipe_category-frokost-og-lunsj wp-block-t2-featured-single-post\" role=\"listitem\"><a class=\"t2-post-link wp-block-t2-post-link\" href=\"https:\/\/mills.no\/soft-flora\/oppskrift\/matpakkemuffins\/\">\n<figure style=\"--t2-focal-point: 50% 50%;\" class=\"t2-post-featured-image has-image-ratio-16-9 wp-block-t2-post-featured-image\"><img loading=\"lazy\" decoding=\"async\" width=\"1920\" height=\"1280\" src=\"https:\/\/mills.no\/content\/uploads\/2017\/05\/Matpakkemuffins-2_1920.jpg\" class=\"attachment-medium-large size-medium-large wp-post-image\" alt=\"Matpakkemuffins\" srcset=\"https:\/\/mills.no\/content\/uploads\/2017\/05\/Matpakkemuffins-2_1920.jpg 1920w, https:\/\/mills.no\/content\/uploads\/2017\/05\/Matpakkemuffins-2_1920-300x200.jpg 300w, https:\/\/mills.no\/content\/uploads\/2017\/05\/Matpakkemuffins-2_1920-1024x683.jpg 1024w, https:\/\/mills.no\/content\/uploads\/2017\/05\/Matpakkemuffins-2_1920-768x512.jpg 768w, https:\/\/mills.no\/content\/uploads\/2017\/05\/Matpakkemuffins-2_1920-1536x1024.jpg 1536w, https:\/\/mills.no\/content\/uploads\/2017\/05\/Matpakkemuffins-2_1920-80x53.jpg 80w\" sizes=\"auto, (max-width: 1920px) 100vw, 1920px\" \/><\/figure>\n\n<div class=\"wp-block-group alignfull is-layout-flow wp-block-group-is-layout-flow\">\n\t<h2 class=\"t2-post-title wp-block-t2-post-title\">Matpakkemuffins med ost og squash<\/h2>\n\t<div class=\"t2-post-excerpt wp-block-t2-post-excerpt\"><p>Disse smakfulle og saftige muffinsene vil f\u00e5 deg til \u00e5 elske matpakken. Matpakkemuffinsene er fylt med grovt mel, gr\u00f8nnsaker og&hellip;<\/p><\/div>\n\t\n\t\t<div class=\"wp-block-mills-block-recipe-info\">\n\t\t\t<div class=\"mills-block-recipe-info-item mills-block-recipe-info-item--difficulty\">Enkel<\/div>\n\t\t\t<div class=\"mills-block-recipe-info-item mills-block-recipe-info-item--time\">40 min<\/div>\n\t\t<\/div>\n<\/div>\n\n<\/a>\n<\/div>\n\n<div class=\"t2-featured-single-post t2-featured-content is-post-type-recipe brand-soft-flora recipe_category-allergivennlig recipe_category-kaker-kos wp-block-t2-featured-single-post\" role=\"listitem\"><a class=\"t2-post-link wp-block-t2-post-link\" href=\"https:\/\/mills.no\/soft-flora\/oppskrift\/glutenfrie-kjeks-av-mandelmel\/\">\n<figure style=\"--t2-focal-point: 50% 50%;\" class=\"t2-post-featured-image has-image-ratio-16-9 wp-block-t2-post-featured-image\"><img loading=\"lazy\" decoding=\"async\" width=\"1920\" height=\"930\" src=\"https:\/\/mills.no\/content\/uploads\/2017\/04\/Glutenfrie-kjeks_1920.jpg\" class=\"attachment-medium-large size-medium-large wp-post-image\" alt=\"Glutenfrie kjeks av mandelmel med brunost og syltet\u00f8y\" srcset=\"https:\/\/mills.no\/content\/uploads\/2017\/04\/Glutenfrie-kjeks_1920.jpg 1920w, https:\/\/mills.no\/content\/uploads\/2017\/04\/Glutenfrie-kjeks_1920-300x145.jpg 300w, https:\/\/mills.no\/content\/uploads\/2017\/04\/Glutenfrie-kjeks_1920-1024x496.jpg 1024w, https:\/\/mills.no\/content\/uploads\/2017\/04\/Glutenfrie-kjeks_1920-768x372.jpg 768w, https:\/\/mills.no\/content\/uploads\/2017\/04\/Glutenfrie-kjeks_1920-1536x744.jpg 1536w, https:\/\/mills.no\/content\/uploads\/2017\/04\/Glutenfrie-kjeks_1920-80x39.jpg 80w\" sizes=\"auto, (max-width: 1920px) 100vw, 1920px\" \/><\/figure>\n\n<div class=\"wp-block-group alignfull is-layout-flow wp-block-group-is-layout-flow\">\n\t<h2 class=\"t2-post-title wp-block-t2-post-title\">Glutenfrie kjeks av mandelmel<\/h2>\n\t<div class=\"t2-post-excerpt wp-block-t2-post-excerpt\"><p>Disse s\u00f8te og salte mandelkjeksene er perfekte n\u00e5r du er p\u00e5 jakt etter glutenfrie kjeks som passer til ditt favorittp\u00e5legg.&hellip;<\/p><\/div>\n\t\n\t\t<div class=\"wp-block-mills-block-recipe-info\">\n\t\t\t<div class=\"mills-block-recipe-info-item mills-block-recipe-info-item--difficulty\">Enkel<\/div>\n\t\t\t<div class=\"mills-block-recipe-info-item mills-block-recipe-info-item--time\">20 min<\/div>\n\t\t<\/div>\n<\/div>\n\n<\/a>\n<\/div>\n\n<div class=\"t2-featured-single-post t2-featured-content is-post-type-recipe brand-soft-flora recipe_category-frokost-og-lunsj recipe_category-kaker-kos wp-block-t2-featured-single-post\" role=\"listitem\"><a class=\"t2-post-link wp-block-t2-post-link\" href=\"https:\/\/mills.no\/soft-flora\/oppskrift\/pannekakemuffins\/\">\n<figure style=\"--t2-focal-point: 50% 50%;\" class=\"t2-post-featured-image has-image-ratio-16-9 wp-block-t2-post-featured-image\"><img loading=\"lazy\" decoding=\"async\" width=\"1920\" height=\"1280\" src=\"https:\/\/mills.no\/content\/uploads\/2017\/04\/Pannekakemuffins_1920.jpg\" class=\"attachment-medium-large size-medium-large wp-post-image\" alt=\"Pannekakemuffins med b\u00e6r\" srcset=\"https:\/\/mills.no\/content\/uploads\/2017\/04\/Pannekakemuffins_1920.jpg 1920w, https:\/\/mills.no\/content\/uploads\/2017\/04\/Pannekakemuffins_1920-300x200.jpg 300w, https:\/\/mills.no\/content\/uploads\/2017\/04\/Pannekakemuffins_1920-1024x683.jpg 1024w, https:\/\/mills.no\/content\/uploads\/2017\/04\/Pannekakemuffins_1920-768x512.jpg 768w, https:\/\/mills.no\/content\/uploads\/2017\/04\/Pannekakemuffins_1920-1536x1024.jpg 1536w, https:\/\/mills.no\/content\/uploads\/2017\/04\/Pannekakemuffins_1920-80x53.jpg 80w\" sizes=\"auto, (max-width: 1920px) 100vw, 1920px\" \/><\/figure>\n\n<div class=\"wp-block-group alignfull is-layout-flow wp-block-group-is-layout-flow\">\n\t<h2 class=\"t2-post-title wp-block-t2-post-title\">Pannekakemuffins med b\u00e6r<\/h2>\n\t<div class=\"t2-post-excerpt wp-block-t2-post-excerpt\"><p>Visste du at pannekaker ogs\u00e5 kan stekes som muffins? Pannekakemuffins blir luftige og saftige smaker ekstra godt fylt med ferske&hellip;<\/p><\/div>\n\t\n\t\t<div class=\"wp-block-mills-block-recipe-info\">\n\t\t\t<div class=\"mills-block-recipe-info-item mills-block-recipe-info-item--difficulty\">Enkel<\/div>\n\t\t\t<div class=\"mills-block-recipe-info-item mills-block-recipe-info-item--time\">35 min<\/div>\n\t\t<\/div>\n<\/div>\n\n<\/a>\n<\/div>\n\n<div class=\"t2-featured-single-post t2-featured-content is-post-type-recipe brand-soft-flora wp-block-t2-featured-single-post\" role=\"listitem\"><a class=\"t2-post-link wp-block-t2-post-link\" href=\"https:\/\/mills.no\/soft-flora\/oppskrift\/energibar-med-aprikos-notter-og-yoghurttrekk\/\">\n<figure style=\"--t2-focal-point: 50% 50%;\" class=\"t2-post-featured-image has-image-ratio-16-9 wp-block-t2-post-featured-image\"><img loading=\"lazy\" decoding=\"async\" width=\"1920\" height=\"931\" src=\"https:\/\/mills.no\/content\/uploads\/2017\/01\/Energibar_1920-e1498056902814.jpg\" class=\"attachment-medium-large size-medium-large wp-post-image\" alt=\"Energibar med aprikos, n\u00f8tter og yoghurttrekk\" srcset=\"https:\/\/mills.no\/content\/uploads\/2017\/01\/Energibar_1920-e1498056902814.jpg 1920w, https:\/\/mills.no\/content\/uploads\/2017\/01\/Energibar_1920-e1498056902814-300x145.jpg 300w, https:\/\/mills.no\/content\/uploads\/2017\/01\/Energibar_1920-e1498056902814-1024x497.jpg 1024w, https:\/\/mills.no\/content\/uploads\/2017\/01\/Energibar_1920-e1498056902814-768x372.jpg 768w, https:\/\/mills.no\/content\/uploads\/2017\/01\/Energibar_1920-e1498056902814-1536x745.jpg 1536w, https:\/\/mills.no\/content\/uploads\/2017\/01\/Energibar_1920-e1498056902814-80x39.jpg 80w\" sizes=\"auto, (max-width: 1920px) 100vw, 1920px\" \/><\/figure>\n\n<div class=\"wp-block-group alignfull is-layout-flow wp-block-group-is-layout-flow\">\n\t<h2 class=\"t2-post-title wp-block-t2-post-title\">Energibar med aprikos, n\u00f8tter og yoghurttrekk<\/h2>\n\t<div class=\"t2-post-excerpt wp-block-t2-post-excerpt\"><p>Noe ekstra godt i sekken h\u00f8rer med p\u00e5 tur. Disse energibarene lager du enkelt selv og er perfekt som tursnacks.&hellip;<\/p><\/div>\n\t\n\t\t<div class=\"wp-block-mills-block-recipe-info\">\n\t\t\t<div class=\"mills-block-recipe-info-item mills-block-recipe-info-item--difficulty\">Enkel<\/div>\n\t\t\t<div class=\"mills-block-recipe-info-item mills-block-recipe-info-item--time\">40 min<\/div>\n\t\t<\/div>\n<\/div>\n\n<\/a>\n<\/div>\n<\/div>\n\n\t\t\t<\/div>\n\t\t<\/div>","protected":false},"excerpt":{"rendered":"<p>Ha disse oppskriftene i bakh\u00e5nd n\u00e5r du har glemt \u00e5 kj\u00f8pe br\u00f8d eller bare trenger at bakingen g\u00e5r raskt unna.<\/p>\n","protected":false},"author":2,"featured_media":381,"comment_status":"closed","ping_status":"closed","sticky":false,"template":"","format":"standard","meta":{"_searchwp_excluded":"","footnotes":""},"categories":[79],"tags":[],"class_list":["post-380","post","type-post","status-publish","format-standard","has-post-thumbnail","hentry","category-soft-flora"],"yoast_head":"<!-- This site is optimized with the Yoast SEO Premium plugin v26.9 (Yoast SEO v26.9) - https:\/\/yoast.com\/product\/yoast-seo-premium-wordpress\/ -->\n<title>Raske br\u00f8d du kan lage p\u00e5 1-2-3 | Matpakketips fra Soft Flora<\/title>\n<meta name=\"description\" content=\"Ha disse oppskriftene p\u00e5 raske br\u00f8d i bakh\u00e5nd n\u00e5r du har glemt \u00e5 kj\u00f8pe br\u00f8d eller bare trenger at bakingen g\u00e5r raskt unna.\" \/>\n<meta name=\"robots\" content=\"index, follow, max-snippet:-1, max-image-preview:large, max-video-preview:-1\" \/>\n<link rel=\"canonical\" href=\"https:\/\/mills.no\/soft-flora\/raske-brod-pa-1-2-3\/\" \/>\n<meta property=\"og:locale\" content=\"nb_NO\" \/>\n<meta property=\"og:type\" content=\"article\" \/>\n<meta property=\"og:title\" content=\"Raske br\u00f8d du kan lage p\u00e5 1-2-3\" \/>\n<meta property=\"og:description\" content=\"Ha disse oppskriftene p\u00e5 raske br\u00f8d i bakh\u00e5nd n\u00e5r du har glemt \u00e5 kj\u00f8pe br\u00f8d eller bare trenger at bakingen g\u00e5r raskt unna.\" \/>\n<meta property=\"og:url\" content=\"https:\/\/mills.no\/soft-flora\/raske-brod-pa-1-2-3\/\" \/>\n<meta property=\"og:site_name\" content=\"Soft Flora\" \/>\n<meta property=\"article:published_time\" content=\"2018-02-15T14:31:34+00:00\" \/>\n<meta property=\"article:modified_time\" content=\"2024-02-07T08:16:22+00:00\" \/>\n<meta property=\"og:image\" content=\"https:\/\/mills.no\/content\/uploads\/sites\/6\/2018\/02\/matpakkebrC3B8d-pC3A5smurt_1920.jpg\" \/>\n\t<meta property=\"og:image:width\" content=\"1920\" \/>\n\t<meta property=\"og:image:height\" content=\"930\" \/>\n\t<meta property=\"og:image:type\" content=\"image\/jpeg\" \/>\n<meta name=\"author\" content=\"Grete\" \/>\n<meta name=\"twitter:card\" content=\"summary_large_image\" \/>\n<meta name=\"twitter:label1\" content=\"Skrevet av\" \/>\n\t<meta name=\"twitter:data1\" content=\"Grete\" \/>\n\t<meta name=\"twitter:label2\" content=\"Ansl. lesetid\" \/>\n\t<meta name=\"twitter:data2\" content=\"2 minutter\" \/>\n<script type=\"application\/ld+json\" class=\"yoast-schema-graph\">{\"@context\":\"https:\/\/schema.org\",\"@graph\":[{\"@type\":\"Article\",\"@id\":\"https:\/\/mills.no\/soft-flora\/raske-brod-pa-1-2-3\/#article\",\"isPartOf\":{\"@id\":\"https:\/\/mills.no\/soft-flora\/raske-brod-pa-1-2-3\/\"},\"author\":{\"name\":\"Grete\",\"@id\":\"https:\/\/mills.no\/soft-flora\/#\/schema\/person\/ab5a3a4aa78c6d908a509ddc011ef4fa\"},\"headline\":\"Raske br\u00f8d du kan lage p\u00e5 1-2-3\",\"datePublished\":\"2018-02-15T14:31:34+00:00\",\"dateModified\":\"2024-02-07T08:16:22+00:00\",\"mainEntityOfPage\":{\"@id\":\"https:\/\/mills.no\/soft-flora\/raske-brod-pa-1-2-3\/\"},\"wordCount\":217,\"publisher\":{\"@id\":\"https:\/\/mills.no\/soft-flora\/#organization\"},\"image\":{\"@id\":\"https:\/\/mills.no\/soft-flora\/raske-brod-pa-1-2-3\/#primaryimage\"},\"thumbnailUrl\":\"https:\/\/mills.no\/content\/uploads\/sites\/6\/2018\/02\/matpakkebrC3B8d-pC3A5smurt_1920.jpg\",\"articleSection\":[\"Soft Flora\"],\"inLanguage\":\"nb-NO\"},{\"@type\":\"WebPage\",\"@id\":\"https:\/\/mills.no\/soft-flora\/raske-brod-pa-1-2-3\/\",\"url\":\"https:\/\/mills.no\/soft-flora\/raske-brod-pa-1-2-3\/\",\"name\":\"Raske br\u00f8d du kan lage p\u00e5 1-2-3 | Matpakketips fra Soft Flora\",\"isPartOf\":{\"@id\":\"https:\/\/mills.no\/soft-flora\/#website\"},\"primaryImageOfPage\":{\"@id\":\"https:\/\/mills.no\/soft-flora\/raske-brod-pa-1-2-3\/#primaryimage\"},\"image\":{\"@id\":\"https:\/\/mills.no\/soft-flora\/raske-brod-pa-1-2-3\/#primaryimage\"},\"thumbnailUrl\":\"https:\/\/mills.no\/content\/uploads\/sites\/6\/2018\/02\/matpakkebrC3B8d-pC3A5smurt_1920.jpg\",\"datePublished\":\"2018-02-15T14:31:34+00:00\",\"dateModified\":\"2024-02-07T08:16:22+00:00\",\"description\":\"Ha disse oppskriftene p\u00e5 raske br\u00f8d i bakh\u00e5nd n\u00e5r du har glemt \u00e5 kj\u00f8pe br\u00f8d eller bare trenger at bakingen g\u00e5r raskt unna.\",\"breadcrumb\":{\"@id\":\"https:\/\/mills.no\/soft-flora\/raske-brod-pa-1-2-3\/#breadcrumb\"},\"inLanguage\":\"nb-NO\",\"potentialAction\":[{\"@type\":\"ReadAction\",\"target\":[\"https:\/\/mills.no\/soft-flora\/raske-brod-pa-1-2-3\/\"]}]},{\"@type\":\"ImageObject\",\"inLanguage\":\"nb-NO\",\"@id\":\"https:\/\/mills.no\/soft-flora\/raske-brod-pa-1-2-3\/#primaryimage\",\"url\":\"https:\/\/mills.no\/content\/uploads\/sites\/6\/2018\/02\/matpakkebrC3B8d-pC3A5smurt_1920.jpg\",\"contentUrl\":\"https:\/\/mills.no\/content\/uploads\/sites\/6\/2018\/02\/matpakkebrC3B8d-pC3A5smurt_1920.jpg\",\"width\":1920,\"height\":930,\"caption\":\"Eltefritt br\u00f8d til matpakken, p\u00e5smurt med gulost\"},{\"@type\":\"BreadcrumbList\",\"@id\":\"https:\/\/mills.no\/soft-flora\/raske-brod-pa-1-2-3\/#breadcrumb\",\"itemListElement\":[{\"@type\":\"ListItem\",\"position\":1,\"name\":\"Home\",\"item\":\"https:\/\/mills.no\/soft-flora\/\"},{\"@type\":\"ListItem\",\"position\":2,\"name\":\"Raske br\u00f8d du kan lage p\u00e5 1-2-3\"}]},{\"@type\":\"WebSite\",\"@id\":\"https:\/\/mills.no\/soft-flora\/#website\",\"url\":\"https:\/\/mills.no\/soft-flora\/\",\"name\":\"Soft Flora\",\"description\":\"En naturlig familiefavoritt\",\"publisher\":{\"@id\":\"https:\/\/mills.no\/soft-flora\/#organization\"},\"potentialAction\":[{\"@type\":\"SearchAction\",\"target\":{\"@type\":\"EntryPoint\",\"urlTemplate\":\"https:\/\/mills.no\/soft-flora\/?s={search_term_string}\"},\"query-input\":{\"@type\":\"PropertyValueSpecification\",\"valueRequired\":true,\"valueName\":\"search_term_string\"}}],\"inLanguage\":\"nb-NO\"},{\"@type\":\"Organization\",\"@id\":\"https:\/\/mills.no\/soft-flora\/#organization\",\"name\":\"Soft Flora\",\"url\":\"https:\/\/mills.no\/soft-flora\/\",\"logo\":{\"@type\":\"ImageObject\",\"inLanguage\":\"nb-NO\",\"@id\":\"https:\/\/mills.no\/soft-flora\/#\/schema\/logo\/image\/\",\"url\":\"https:\/\/mills.no\/content\/uploads\/sites\/6\/2023\/08\/Soft-Flora_hovedlogo_1.svg\",\"contentUrl\":\"https:\/\/mills.no\/content\/uploads\/sites\/6\/2023\/08\/Soft-Flora_hovedlogo_1.svg\",\"caption\":\"Soft Flora\"},\"image\":{\"@id\":\"https:\/\/mills.no\/soft-flora\/#\/schema\/logo\/image\/\"}},{\"@type\":\"Person\",\"@id\":\"https:\/\/mills.no\/soft-flora\/#\/schema\/person\/ab5a3a4aa78c6d908a509ddc011ef4fa\",\"name\":\"Grete\",\"image\":{\"@type\":\"ImageObject\",\"inLanguage\":\"nb-NO\",\"@id\":\"https:\/\/mills.no\/soft-flora\/#\/schema\/person\/image\/\",\"url\":\"https:\/\/secure.gravatar.com\/avatar\/c9c9df84ea86f0401d58f1d454d71c9a8f39cde9bdde7229c93c6491defdd741?s=96&d=mm&r=g\",\"contentUrl\":\"https:\/\/secure.gravatar.com\/avatar\/c9c9df84ea86f0401d58f1d454d71c9a8f39cde9bdde7229c93c6491defdd741?s=96&d=mm&r=g\",\"caption\":\"Grete\"},\"url\":\"https:\/\/mills.no\/soft-flora\/author\/mills\/\"}]}<\/script>\n<!-- \/ Yoast SEO Premium plugin. -->","yoast_head_json":{"title":"Raske br\u00f8d du kan lage p\u00e5 1-2-3 | Matpakketips fra Soft Flora","description":"Ha disse oppskriftene p\u00e5 raske br\u00f8d i bakh\u00e5nd n\u00e5r du har glemt \u00e5 kj\u00f8pe br\u00f8d eller bare trenger at bakingen g\u00e5r raskt unna.","robots":{"index":"index","follow":"follow","max-snippet":"max-snippet:-1","max-image-preview":"max-image-preview:large","max-video-preview":"max-video-preview:-1"},"canonical":"https:\/\/mills.no\/soft-flora\/raske-brod-pa-1-2-3\/","og_locale":"nb_NO","og_type":"article","og_title":"Raske br\u00f8d du kan lage p\u00e5 1-2-3","og_description":"Ha disse oppskriftene p\u00e5 raske br\u00f8d i bakh\u00e5nd n\u00e5r du har glemt \u00e5 kj\u00f8pe br\u00f8d eller bare trenger at bakingen g\u00e5r raskt unna.","og_url":"https:\/\/mills.no\/soft-flora\/raske-brod-pa-1-2-3\/","og_site_name":"Soft Flora","article_published_time":"2018-02-15T14:31:34+00:00","article_modified_time":"2024-02-07T08:16:22+00:00","og_image":[{"width":1920,"height":930,"url":"https:\/\/mills.no\/content\/uploads\/sites\/6\/2018\/02\/matpakkebrC3B8d-pC3A5smurt_1920.jpg","type":"image\/jpeg"}],"author":"Grete","twitter_card":"summary_large_image","twitter_misc":{"Skrevet av":"Grete","Ansl. lesetid":"2 minutter"},"schema":{"@context":"https:\/\/schema.org","@graph":[{"@type":"Article","@id":"https:\/\/mills.no\/soft-flora\/raske-brod-pa-1-2-3\/#article","isPartOf":{"@id":"https:\/\/mills.no\/soft-flora\/raske-brod-pa-1-2-3\/"},"author":{"name":"Grete","@id":"https:\/\/mills.no\/soft-flora\/#\/schema\/person\/ab5a3a4aa78c6d908a509ddc011ef4fa"},"headline":"Raske br\u00f8d du kan lage p\u00e5 1-2-3","datePublished":"2018-02-15T14:31:34+00:00","dateModified":"2024-02-07T08:16:22+00:00","mainEntityOfPage":{"@id":"https:\/\/mills.no\/soft-flora\/raske-brod-pa-1-2-3\/"},"wordCount":217,"publisher":{"@id":"https:\/\/mills.no\/soft-flora\/#organization"},"image":{"@id":"https:\/\/mills.no\/soft-flora\/raske-brod-pa-1-2-3\/#primaryimage"},"thumbnailUrl":"https:\/\/mills.no\/content\/uploads\/sites\/6\/2018\/02\/matpakkebrC3B8d-pC3A5smurt_1920.jpg","articleSection":["Soft Flora"],"inLanguage":"nb-NO"},{"@type":"WebPage","@id":"https:\/\/mills.no\/soft-flora\/raske-brod-pa-1-2-3\/","url":"https:\/\/mills.no\/soft-flora\/raske-brod-pa-1-2-3\/","name":"Raske br\u00f8d du kan lage p\u00e5 1-2-3 | Matpakketips fra Soft Flora","isPartOf":{"@id":"https:\/\/mills.no\/soft-flora\/#website"},"primaryImageOfPage":{"@id":"https:\/\/mills.no\/soft-flora\/raske-brod-pa-1-2-3\/#primaryimage"},"image":{"@id":"https:\/\/mills.no\/soft-flora\/raske-brod-pa-1-2-3\/#primaryimage"},"thumbnailUrl":"https:\/\/mills.no\/content\/uploads\/sites\/6\/2018\/02\/matpakkebrC3B8d-pC3A5smurt_1920.jpg","datePublished":"2018-02-15T14:31:34+00:00","dateModified":"2024-02-07T08:16:22+00:00","description":"Ha disse oppskriftene p\u00e5 raske br\u00f8d i bakh\u00e5nd n\u00e5r du har glemt \u00e5 kj\u00f8pe br\u00f8d eller bare trenger at bakingen g\u00e5r raskt unna.","breadcrumb":{"@id":"https:\/\/mills.no\/soft-flora\/raske-brod-pa-1-2-3\/#breadcrumb"},"inLanguage":"nb-NO","potentialAction":[{"@type":"ReadAction","target":["https:\/\/mills.no\/soft-flora\/raske-brod-pa-1-2-3\/"]}]},{"@type":"ImageObject","inLanguage":"nb-NO","@id":"https:\/\/mills.no\/soft-flora\/raske-brod-pa-1-2-3\/#primaryimage","url":"https:\/\/mills.no\/content\/uploads\/sites\/6\/2018\/02\/matpakkebrC3B8d-pC3A5smurt_1920.jpg","contentUrl":"https:\/\/mills.no\/content\/uploads\/sites\/6\/2018\/02\/matpakkebrC3B8d-pC3A5smurt_1920.jpg","width":1920,"height":930,"caption":"Eltefritt br\u00f8d til matpakken, p\u00e5smurt med gulost"},{"@type":"BreadcrumbList","@id":"https:\/\/mills.no\/soft-flora\/raske-brod-pa-1-2-3\/#breadcrumb","itemListElement":[{"@type":"ListItem","position":1,"name":"Home","item":"https:\/\/mills.no\/soft-flora\/"},{"@type":"ListItem","position":2,"name":"Raske br\u00f8d du kan lage p\u00e5 1-2-3"}]},{"@type":"WebSite","@id":"https:\/\/mills.no\/soft-flora\/#website","url":"https:\/\/mills.no\/soft-flora\/","name":"Soft Flora","description":"En naturlig familiefavoritt","publisher":{"@id":"https:\/\/mills.no\/soft-flora\/#organization"},"potentialAction":[{"@type":"SearchAction","target":{"@type":"EntryPoint","urlTemplate":"https:\/\/mills.no\/soft-flora\/?s={search_term_string}"},"query-input":{"@type":"PropertyValueSpecification","valueRequired":true,"valueName":"search_term_string"}}],"inLanguage":"nb-NO"},{"@type":"Organization","@id":"https:\/\/mills.no\/soft-flora\/#organization","name":"Soft Flora","url":"https:\/\/mills.no\/soft-flora\/","logo":{"@type":"ImageObject","inLanguage":"nb-NO","@id":"https:\/\/mills.no\/soft-flora\/#\/schema\/logo\/image\/","url":"https:\/\/mills.no\/content\/uploads\/sites\/6\/2023\/08\/Soft-Flora_hovedlogo_1.svg","contentUrl":"https:\/\/mills.no\/content\/uploads\/sites\/6\/2023\/08\/Soft-Flora_hovedlogo_1.svg","caption":"Soft Flora"},"image":{"@id":"https:\/\/mills.no\/soft-flora\/#\/schema\/logo\/image\/"}},{"@type":"Person","@id":"https:\/\/mills.no\/soft-flora\/#\/schema\/person\/ab5a3a4aa78c6d908a509ddc011ef4fa","name":"Grete","image":{"@type":"ImageObject","inLanguage":"nb-NO","@id":"https:\/\/mills.no\/soft-flora\/#\/schema\/person\/image\/","url":"https:\/\/secure.gravatar.com\/avatar\/c9c9df84ea86f0401d58f1d454d71c9a8f39cde9bdde7229c93c6491defdd741?s=96&d=mm&r=g","contentUrl":"https:\/\/secure.gravatar.com\/avatar\/c9c9df84ea86f0401d58f1d454d71c9a8f39cde9bdde7229c93c6491defdd741?s=96&d=mm&r=g","caption":"Grete"},"url":"https:\/\/mills.no\/soft-flora\/author\/mills\/"}]}},"_links":{"self":[{"href":"https:\/\/mills.no\/soft-flora\/wp-json\/wp\/v2\/posts\/380","targetHints":{"allow":["GET"]}}],"collection":[{"href":"https:\/\/mills.no\/soft-flora\/wp-json\/wp\/v2\/posts"}],"about":[{"href":"https:\/\/mills.no\/soft-flora\/wp-json\/wp\/v2\/types\/post"}],"author":[{"embeddable":true,"href":"https:\/\/mills.no\/soft-flora\/wp-json\/wp\/v2\/users\/2"}],"replies":[{"embeddable":true,"href":"https:\/\/mills.no\/soft-flora\/wp-json\/wp\/v2\/comments?post=380"}],"version-history":[{"count":12,"href":"https:\/\/mills.no\/soft-flora\/wp-json\/wp\/v2\/posts\/380\/revisions"}],"predecessor-version":[{"id":1029,"href":"https:\/\/mills.no\/soft-flora\/wp-json\/wp\/v2\/posts\/380\/revisions\/1029"}],"wp:featuredmedia":[{"embeddable":true,"href":"https:\/\/mills.no\/soft-flora\/wp-json\/wp\/v2\/media\/381"}],"wp:attachment":[{"href":"https:\/\/mills.no\/soft-flora\/wp-json\/wp\/v2\/media?parent=380"}],"wp:term":[{"taxonomy":"category","embeddable":true,"href":"https:\/\/mills.no\/soft-flora\/wp-json\/wp\/v2\/categories?post=380"},{"taxonomy":"post_tag","embeddable":true,"href":"https:\/\/mills.no\/soft-flora\/wp-json\/wp\/v2\/tags?post=380"}],"curies":[{"name":"wp","href":"https:\/\/api.w.org\/{rel}","templated":true}]}}