{"id":387,"date":"2017-12-06T17:19:26","date_gmt":"2017-12-06T16:19:26","guid":{"rendered":"https:\/\/mills.no\/soft-flora\/barnas-julekjeks\/"},"modified":"2024-02-07T09:16:22","modified_gmt":"2024-02-07T08:16:22","slug":"barnas-julekjeks","status":"publish","type":"post","link":"https:\/\/mills.no\/soft-flora\/barnas-julekjeks\/","title":{"rendered":"Barnas julekjeks"},"content":{"rendered":"<div class=\"mills-block-featured alignwide alignwide wp-block-mills-block-featured\"><img loading=\"lazy\" decoding=\"async\" width=\"1600\" height=\"1067\" style=\"width:100%;height:100%;object-fit:cover\" src=\"https:\/\/mills.no\/content\/uploads\/sites\/6\/2017\/12\/Barnas-julekjeks-toppbilde_1920.jpg\" class=\"wp-block-cover__image-background\" alt=\"barnas julekjeks\" srcset=\"https:\/\/mills.no\/content\/uploads\/sites\/6\/2017\/12\/Barnas-julekjeks-toppbilde_1920.jpg 1600w, https:\/\/mills.no\/content\/uploads\/sites\/6\/2017\/12\/Barnas-julekjeks-toppbilde_1920-300x200.jpg 300w, https:\/\/mills.no\/content\/uploads\/sites\/6\/2017\/12\/Barnas-julekjeks-toppbilde_1920-1024x683.jpg 1024w, https:\/\/mills.no\/content\/uploads\/sites\/6\/2017\/12\/Barnas-julekjeks-toppbilde_1920-768x512.jpg 768w, https:\/\/mills.no\/content\/uploads\/sites\/6\/2017\/12\/Barnas-julekjeks-toppbilde_1920-1536x1024.jpg 1536w, https:\/\/mills.no\/content\/uploads\/sites\/6\/2017\/12\/Barnas-julekjeks-toppbilde_1920-80x53.jpg 80w\" sizes=\"auto, (max-width: 1600px) 100vw, 1600px\" \/><div class=\"wp-block-cover__inner-container\">\n<h1 class=\"has-text-align-center wp-block-post-title has-text-color has-neutral-1000-color\">Barnas julekjeks<\/h1>\n<p class=\"t2-ingress has-text-align-center align wp-block-t2-ingress\">\u00c5 bake med barna er en koselig f\u00f8rjulsaktivitet. Med denne enkle oppskriften p\u00e5 julekjeks og forslag til s\u00f8te dekorasjoner, ligger alt til rette for en flott bakestund for b\u00e5de store og sm\u00e5. Oppskriften gir cirka 16 julekjeks.\n<\/p>\n<div class=\"has-text-align-center mills-published-date wp-block-post-date has-text-color has-neutral-1000-color\"><time datetime=\"2017-12-06T17:19:26+01:00\">06. desember 2017<\/time><\/div>\n<\/div><\/div>\n\n<div class=\"wp-block-media-text alignwide is-stacked-on-mobile is-image-fill has-background has-neutral-0-background-color has-text-color has-neutral-1000-color\"><figure class=\"wp-block-media-text__media\" style=\"background-image:url('https:\/\/mills.no\/content\/uploads\/sites\/6\/2022\/01\/Barnas-julekjeks-rudolf_1920.jpg');background-position:50% 50%;\"><img loading=\"lazy\" decoding=\"async\" width=\"1600\" height=\"1067\" src=\"https:\/\/mills.no\/content\/uploads\/sites\/6\/2022\/01\/Barnas-julekjeks-rudolf_1920.jpg\" alt=\"\" class=\"wp-image-493 size-full\" srcset=\"https:\/\/mills.no\/content\/uploads\/sites\/6\/2022\/01\/Barnas-julekjeks-rudolf_1920.jpg 1600w, https:\/\/mills.no\/content\/uploads\/sites\/6\/2022\/01\/Barnas-julekjeks-rudolf_1920-300x200.jpg 300w, https:\/\/mills.no\/content\/uploads\/sites\/6\/2022\/01\/Barnas-julekjeks-rudolf_1920-1024x683.jpg 1024w, https:\/\/mills.no\/content\/uploads\/sites\/6\/2022\/01\/Barnas-julekjeks-rudolf_1920-768x512.jpg 768w, https:\/\/mills.no\/content\/uploads\/sites\/6\/2022\/01\/Barnas-julekjeks-rudolf_1920-1536x1024.jpg 1536w, https:\/\/mills.no\/content\/uploads\/sites\/6\/2022\/01\/Barnas-julekjeks-rudolf_1920-80x53.jpg 80w\" sizes=\"auto, (max-width: 1600px) 100vw, 1600px\" \/><\/figure><div class=\"wp-block-media-text__content\">\n<div class=\"wp-block-group is-layout-flow wp-block-group-is-layout-flow\">\n<p style=\"text-align:left;\"><strong>Porsjoner:<\/strong> 1<\/p>\n\n\n<p style=\"text-align:left;\"><strong>Tid:<\/strong> 60<\/p>\n\n\n<p style=\"text-align:left;\"><strong>Vanskelighetsniv\u00e5:<\/strong> Enkelt<\/p>\n\n\n<p style=\"text-align:left;\">&nbsp;<\/p>\n\n\n<h3 class=\"wp-block-heading\" >Du trenger:<\/h3>\n\n\n<p style=\"text-align:left;\">&nbsp;<\/p>\n\n\n<p style=\"text-align:left;\"><strong>Julekjeks:<\/strong><\/p>\n\n\n<p style=\"text-align:left;\">100 gram Soft Flora Steke og Bake<\/p>\n\n\n<p style=\"text-align:left;\">2 dl sukker<\/p>\n\n\n<p style=\"text-align:left;\">1 egg<\/p>\n\n\n<p style=\"text-align:left;\">0.5 dl melk<\/p>\n\n\n<p style=\"text-align:left;\">4 dl mel<\/p>\n\n\n<p style=\"text-align:left;\">1 ts bakepulver<\/p>\n\n\n<p style=\"text-align:left;\">1 ts vaniljesukker<\/p>\n\n\n<p style=\"text-align:left;\">&nbsp;<\/p>\n\n\n<p style=\"text-align:left;\"><strong>Melisglasur:<\/strong><\/p>\n\n\n<p style=\"text-align:left;\">1 eggehvite<\/p>\n\n\n<p style=\"text-align:left;\">150 gram melis<\/p>\n\n\n<p style=\"text-align:left;\">&nbsp;<\/p>\n\n\n<p style=\"text-align:left;\"><strong>Pynt:<\/strong><\/p>\n\n\n<p style=\"text-align:left;\">Nonstop<\/p>\n\n\n<p style=\"text-align:left;\">Sjokoladeperler<\/p>\n\n\n<p style=\"text-align:left;\">Sjokoladedr\u00e5per<\/p>\n\n\n<p style=\"text-align:left;\">R\u00f8d glasurpenn<\/p>\n\n\n<p style=\"text-align:left;\">Mini marshmellows<\/p>\n<\/div>\n<\/div><\/div>\n\n<div class=\"wp-block-media-text alignwide has-media-on-the-right is-stacked-on-mobile is-image-fill has-background has-neutral-0-background-color has-text-color has-neutral-1000-color\"><figure class=\"wp-block-media-text__media\" style=\"background-image:url('https:\/\/mills.no\/content\/uploads\/sites\/6\/2022\/01\/Barnas-julekjeks-olaf_1920.jpg');background-position:50% 50%;\"><img loading=\"lazy\" decoding=\"async\" width=\"1600\" height=\"1067\" src=\"https:\/\/mills.no\/content\/uploads\/sites\/6\/2022\/01\/Barnas-julekjeks-olaf_1920.jpg\" alt=\"\" class=\"wp-image-494 size-full\" srcset=\"https:\/\/mills.no\/content\/uploads\/sites\/6\/2022\/01\/Barnas-julekjeks-olaf_1920.jpg 1600w, https:\/\/mills.no\/content\/uploads\/sites\/6\/2022\/01\/Barnas-julekjeks-olaf_1920-300x200.jpg 300w, https:\/\/mills.no\/content\/uploads\/sites\/6\/2022\/01\/Barnas-julekjeks-olaf_1920-1024x683.jpg 1024w, https:\/\/mills.no\/content\/uploads\/sites\/6\/2022\/01\/Barnas-julekjeks-olaf_1920-768x512.jpg 768w, https:\/\/mills.no\/content\/uploads\/sites\/6\/2022\/01\/Barnas-julekjeks-olaf_1920-1536x1024.jpg 1536w, https:\/\/mills.no\/content\/uploads\/sites\/6\/2022\/01\/Barnas-julekjeks-olaf_1920-80x53.jpg 80w\" sizes=\"auto, (max-width: 1600px) 100vw, 1600px\" \/><\/figure><div class=\"wp-block-media-text__content\">\n<div class=\"wp-block-group is-layout-flow wp-block-group-is-layout-flow\">\n<h2 class=\"has-text-align-center wp-block-heading\">Slik gj\u00f8r du:<\/h2>\n\n<p style=\"text-align:left;\"><strong>Julekjeks:<\/strong><\/p>\n\n\n<ol class=\"wp-block-list\"> <li>Pisk Soft Flora og sukker hvitt i en kj\u00f8kkenmaskin. Tilsett egg og melk, og pisk til det er godt innarbeidet i margarinen.<\/li> <li>Bland sammen hvetemel, bakepulver og vaniljesukker, og bland det t\u00f8rre med det v\u00e5te til du har en jevn og fin kjeksdeig.<\/li> <li>Sett deigen i kj\u00f8leskapet i 30 minutter.<\/li> <li>Varm opp ovnen til 200 grader.<\/li> <li>Bruk en spiseskje og form kjeksdeigen til sm\u00e5 kuler som du legger p\u00e5 et bakepapir. Pass p\u00e5 \u00e5 ha minst 5 centimeter mellom kulene for de flyter ut ved steking.<\/li> <li>Stek kjeksene i 10 minutter p\u00e5 midterste rille.<\/li> <li>La kjeksene avkj\u00f8le p\u00e5 en rist f\u00f8r de pyntes med unntak av reinsdyrene. Til reinsdyrene m\u00e5 du stikke saltstengene i kjeksen f\u00f8r de kj\u00f8les ned.<\/li> <\/ol>\n\n\n<p style=\"text-align:left;\"><strong>Melisglasur:<\/strong><\/p>\n\n\n<p style=\"text-align:left;\">Bland sammen eggehvite og melis til du har en tykk, men noe flytende melisglasur.<\/p>\n<\/div>\n<\/div><\/div>\n\n<div class=\"wp-block-media-text alignwide is-stacked-on-mobile is-image-fill has-background has-neutral-0-background-color has-text-color has-neutral-1000-color\"><figure class=\"wp-block-media-text__media\" style=\"background-image:url('https:\/\/mills.no\/content\/uploads\/sites\/6\/2022\/01\/Barnas-julekjeks_1920.jpg');background-position:50% 50%;\"><img loading=\"lazy\" decoding=\"async\" width=\"1600\" height=\"1067\" src=\"https:\/\/mills.no\/content\/uploads\/sites\/6\/2022\/01\/Barnas-julekjeks_1920.jpg\" alt=\"\" class=\"wp-image-495 size-full\" srcset=\"https:\/\/mills.no\/content\/uploads\/sites\/6\/2022\/01\/Barnas-julekjeks_1920.jpg 1600w, https:\/\/mills.no\/content\/uploads\/sites\/6\/2022\/01\/Barnas-julekjeks_1920-300x200.jpg 300w, https:\/\/mills.no\/content\/uploads\/sites\/6\/2022\/01\/Barnas-julekjeks_1920-1024x683.jpg 1024w, https:\/\/mills.no\/content\/uploads\/sites\/6\/2022\/01\/Barnas-julekjeks_1920-768x512.jpg 768w, https:\/\/mills.no\/content\/uploads\/sites\/6\/2022\/01\/Barnas-julekjeks_1920-1536x1024.jpg 1536w, https:\/\/mills.no\/content\/uploads\/sites\/6\/2022\/01\/Barnas-julekjeks_1920-80x53.jpg 80w\" sizes=\"auto, (max-width: 1600px) 100vw, 1600px\" \/><\/figure><div class=\"wp-block-media-text__content\">\n<div class=\"wp-block-group is-layout-flow wp-block-group-is-layout-flow\">\n<h2 class=\"has-text-align-center wp-block-heading\">Pynteforslag:<\/h2>\n\n<p style=\"text-align:left;\"><strong>Reinsdyr:<\/strong><\/p>\n\n\n<p style=\"text-align:left;\">Bryt saltstengene i fire deler og legg p\u00e5 to og to deler som horn p\u00e5 toppen av kjeksen. Legg p\u00e5 to sjokoladeperler som \u00f8yne og en r\u00f8d nonstop som nese.<\/p>\n\n\n<p style=\"text-align:left;\"><strong>Olaf:<\/strong><\/p>\n\n\n<p style=\"text-align:left;\">Sm\u00f8r p\u00e5 et tynt lag melisglasur. Bruk sjokoladeperler som \u00f8yne og som en munn p\u00e5 siden av ansiktet. Fest deretter en oransje nonstop som nese.<\/p>\n\n\n<p style=\"text-align:left;\"><strong>Nisse:<\/strong><\/p>\n\n\n<p style=\"text-align:left;\">Sm\u00f8r p\u00e5 et tynt lag melisglasur. Lag en lue p\u00e5 toppen med r\u00f8d pynteglasur og legg p\u00e5 en mini marshmellow. Bruk sjokoladeperler som \u00f8yne, \u00f8re og munn, og en r\u00f8d nonstop som nese.<\/p>\n\n\n<p style=\"text-align:left;\"><strong>Sn\u00f8mann:<\/strong><\/p>\n\n\n<p style=\"text-align:left;\">Sm\u00f8r p\u00e5 et tynt lag melisglasur. Legg p\u00e5 to gr\u00f8nne nonstop som \u00f8revarmere og tegn en linje mellom de to over toppen av kjeksen med r\u00f8d pynteglasur. Legg p\u00e5 to sjokoladedr\u00e5per som \u00f8yne, r\u00f8d nonstop som nese og sjokoladeperler som munn.<\/p>\n\n\n<p style=\"text-align:left;\"><strong>Pingvin:<\/strong><\/p>\n\n\n<p style=\"text-align:left;\">Sm\u00f8r p\u00e5 et tynt lag melisglasur. Lag ansikt p\u00e5 \u00f8verste del av kjeksen f\u00f8rst med sjokoladeperler som \u00f8yne, oransje nonstop som nebb og to r\u00f8de nonstop som \u00f8rer. Lag knapper nedover resten av kjeksen med tre sjokoladeperler.<\/p>\n<\/div>\n<\/div><\/div>\n\n<figure class=\"wp-block-image alignwide\"><img loading=\"lazy\" decoding=\"async\" width=\"1600\" height=\"1067\" src=\"https:\/\/mills.no\/content\/uploads\/sites\/6\/2022\/01\/Barnas-julekjeks2_1920.jpg\" alt=\"\" class=\"wp-image-496\" srcset=\"https:\/\/mills.no\/content\/uploads\/sites\/6\/2022\/01\/Barnas-julekjeks2_1920.jpg 1600w, https:\/\/mills.no\/content\/uploads\/sites\/6\/2022\/01\/Barnas-julekjeks2_1920-300x200.jpg 300w, https:\/\/mills.no\/content\/uploads\/sites\/6\/2022\/01\/Barnas-julekjeks2_1920-1024x683.jpg 1024w, https:\/\/mills.no\/content\/uploads\/sites\/6\/2022\/01\/Barnas-julekjeks2_1920-768x512.jpg 768w, https:\/\/mills.no\/content\/uploads\/sites\/6\/2022\/01\/Barnas-julekjeks2_1920-1536x1024.jpg 1536w, https:\/\/mills.no\/content\/uploads\/sites\/6\/2022\/01\/Barnas-julekjeks2_1920-80x53.jpg 80w\" sizes=\"auto, (max-width: 1600px) 100vw, 1600px\" \/><\/figure>\n\n\t\t<div class=\"has-background has-neutral-50-background-color is-style-vertical-spacing is-style-horizontal-spacing alignwide wp-block-mills-section has-background has-neutral-50-background-color\">\n\t\t\t<div class=\"wp-block-mills-section__inner alignwide\">\n\t\t\t\t\n\n<h2 class=\"has-text-align-center aligncenter wp-block-heading\">Kanskje vil du ogs\u00e5 like:<\/h2>\n<div class=\"t2-featured-content-layout alignwide alignwide wp-block-t2-featured-content-layout\" role=\"list\">\n<div class=\"t2-featured-single-post t2-featured-content is-post-type-recipe brand-soft-flora recipe_category-frokost-og-lunsj recipe_category-kaker-kos recipe_category-30-minutter recipe_topic-host wp-block-t2-featured-single-post\" role=\"listitem\"><a class=\"t2-post-link wp-block-t2-post-link\" href=\"https:\/\/mills.no\/soft-flora\/oppskrift\/rislapper\/\">\n<figure style=\"--t2-focal-point: 50% 50%;\" class=\"t2-post-featured-image has-image-ratio-16-9 wp-block-t2-post-featured-image\"><img loading=\"lazy\" decoding=\"async\" width=\"1600\" height=\"775\" src=\"https:\/\/mills.no\/content\/uploads\/2017\/12\/Rislapper-melisdryss_1920.jpg\" class=\"attachment-medium-large size-medium-large wp-post-image\" alt=\"Rislapper av risgr\u00f8t\" srcset=\"https:\/\/mills.no\/content\/uploads\/2017\/12\/Rislapper-melisdryss_1920.jpg 1600w, https:\/\/mills.no\/content\/uploads\/2017\/12\/Rislapper-melisdryss_1920-300x145.jpg 300w, https:\/\/mills.no\/content\/uploads\/2017\/12\/Rislapper-melisdryss_1920-1024x496.jpg 1024w, https:\/\/mills.no\/content\/uploads\/2017\/12\/Rislapper-melisdryss_1920-768x372.jpg 768w, https:\/\/mills.no\/content\/uploads\/2017\/12\/Rislapper-melisdryss_1920-1536x744.jpg 1536w, https:\/\/mills.no\/content\/uploads\/2017\/12\/Rislapper-melisdryss_1920-80x39.jpg 80w\" sizes=\"auto, (max-width: 1600px) 100vw, 1600px\" \/><\/figure>\n\n<div class=\"wp-block-group alignfull is-layout-flow wp-block-group-is-layout-flow\">\n\t<h2 class=\"t2-post-title wp-block-t2-post-title\">Rislapper av risgr\u00f8t<\/h2>\n\t<div class=\"t2-post-excerpt wp-block-t2-post-excerpt\"><p>Det er ingen grunn til \u00e5 kaste restene av risgr\u00f8ten, for de kan nemlig forvandles til disse nydelige rislappene. Lag&hellip;<\/p><\/div>\n\t\n\t\t<div class=\"wp-block-mills-block-recipe-info\">\n\t\t\t<div class=\"mills-block-recipe-info-item mills-block-recipe-info-item--difficulty\">Enkel<\/div>\n\t\t\t<div class=\"mills-block-recipe-info-item mills-block-recipe-info-item--time\">15 min<\/div>\n\t\t<\/div>\n<\/div>\n\n<\/a>\n<\/div>\n<div class=\"t2-featured-single-post t2-featured-content is-post-type-recipe brand-soft-flora recipe_category-frokost-og-lunsj recipe_category-kaker-kos recipe_category-snacks-og-tilbehor wp-block-t2-featured-single-post\" role=\"listitem\"><a class=\"t2-post-link wp-block-t2-post-link\" href=\"https:\/\/mills.no\/soft-flora\/oppskrift\/fullkornskjeks\/\">\n<figure style=\"--t2-focal-point: 50% 50%;\" class=\"t2-post-featured-image has-image-ratio-16-9 wp-block-t2-post-featured-image\"><img loading=\"lazy\" decoding=\"async\" width=\"1920\" height=\"1280\" src=\"https:\/\/mills.no\/content\/uploads\/2017\/11\/Fullkornskjeks_1920.jpg\" class=\"attachment-medium-large size-medium-large wp-post-image\" alt=\"fullkornskjeks\" srcset=\"https:\/\/mills.no\/content\/uploads\/2017\/11\/Fullkornskjeks_1920.jpg 1920w, https:\/\/mills.no\/content\/uploads\/2017\/11\/Fullkornskjeks_1920-300x200.jpg 300w, https:\/\/mills.no\/content\/uploads\/2017\/11\/Fullkornskjeks_1920-1024x683.jpg 1024w, https:\/\/mills.no\/content\/uploads\/2017\/11\/Fullkornskjeks_1920-768x512.jpg 768w, https:\/\/mills.no\/content\/uploads\/2017\/11\/Fullkornskjeks_1920-1536x1024.jpg 1536w, https:\/\/mills.no\/content\/uploads\/2017\/11\/Fullkornskjeks_1920-80x53.jpg 80w\" sizes=\"auto, (max-width: 1920px) 100vw, 1920px\" \/><\/figure>\n\n<div class=\"wp-block-group alignfull is-layout-flow wp-block-group-is-layout-flow\">\n\t<h2 class=\"t2-post-title wp-block-t2-post-title\">S\u00f8te fullkornskjeks<\/h2>\n\t<div class=\"t2-post-excerpt wp-block-t2-post-excerpt\"><p>Figurformede fullkornskjeks laget av mettende og n\u00e6ringsrik havre og spelt. De er ypperlige som snacks eller som en liten overraskelse&hellip;<\/p><\/div>\n\t\n\t\t<div class=\"wp-block-mills-block-recipe-info\">\n\t\t\t<div class=\"mills-block-recipe-info-item mills-block-recipe-info-item--difficulty\">Enkel<\/div>\n\t\t\t<div class=\"mills-block-recipe-info-item mills-block-recipe-info-item--time\">25 min<\/div>\n\t\t<\/div>\n<\/div>\n\n<\/a>\n<\/div>\n<div class=\"t2-featured-single-post t2-featured-content is-post-type-recipe brand-soft-flora recipe_category-frokost-og-lunsj wp-block-t2-featured-single-post\" role=\"listitem\"><a class=\"t2-post-link wp-block-t2-post-link\" href=\"https:\/\/mills.no\/soft-flora\/oppskrift\/speltlapper\/\">\n<figure style=\"--t2-focal-point: 50% 50%;\" class=\"t2-post-featured-image has-image-ratio-16-9 wp-block-t2-post-featured-image\"><img loading=\"lazy\" decoding=\"async\" width=\"1600\" height=\"1067\" src=\"https:\/\/mills.no\/content\/uploads\/2017\/11\/Speltlapper.jpg\" class=\"attachment-medium-large size-medium-large wp-post-image\" alt=\"speltlapper\" srcset=\"https:\/\/mills.no\/content\/uploads\/2017\/11\/Speltlapper.jpg 1600w, https:\/\/mills.no\/content\/uploads\/2017\/11\/Speltlapper-300x200.jpg 300w, https:\/\/mills.no\/content\/uploads\/2017\/11\/Speltlapper-1024x683.jpg 1024w, https:\/\/mills.no\/content\/uploads\/2017\/11\/Speltlapper-768x512.jpg 768w, https:\/\/mills.no\/content\/uploads\/2017\/11\/Speltlapper-1536x1024.jpg 1536w, https:\/\/mills.no\/content\/uploads\/2017\/11\/Speltlapper-80x53.jpg 80w\" sizes=\"auto, (max-width: 1600px) 100vw, 1600px\" \/><\/figure>\n\n<div class=\"wp-block-group alignfull is-layout-flow wp-block-group-is-layout-flow\">\n\t<h2 class=\"t2-post-title wp-block-t2-post-title\">Saftige, luftige speltlapper<\/h2>\n\t<div class=\"t2-post-excerpt wp-block-t2-post-excerpt\"><p>Disse luftige og saftige speltlappene passer perfekt til helgefrokosten. Har du litt lapper til overs, egner de seg dessuten godt&hellip;<\/p><\/div>\n\t\n\t\t<div class=\"wp-block-mills-block-recipe-info\">\n\t\t\t<div class=\"mills-block-recipe-info-item mills-block-recipe-info-item--difficulty\">Enkel<\/div>\n\t\t\t<div class=\"mills-block-recipe-info-item mills-block-recipe-info-item--time\">25 min<\/div>\n\t\t<\/div>\n<\/div>\n\n<\/a>\n<\/div>\n<div class=\"t2-featured-single-post t2-featured-content is-post-type-recipe brand-soft-flora recipe_category-kaker-kos recipe_topic-bursdag wp-block-t2-featured-single-post\" role=\"listitem\"><a class=\"t2-post-link wp-block-t2-post-link\" href=\"https:\/\/mills.no\/soft-flora\/oppskrift\/bananmuffins\/\">\n<figure style=\"--t2-focal-point: 50% 50%;\" class=\"t2-post-featured-image has-image-ratio-16-9 wp-block-t2-post-featured-image\"><img loading=\"lazy\" decoding=\"async\" width=\"1920\" height=\"1280\" src=\"https:\/\/mills.no\/content\/uploads\/2017\/09\/Potemuffins_1920.jpg\" class=\"attachment-medium-large size-medium-large wp-post-image\" alt=\"Bananmuffins med poteavtrykk\" srcset=\"https:\/\/mills.no\/content\/uploads\/2017\/09\/Potemuffins_1920.jpg 1920w, https:\/\/mills.no\/content\/uploads\/2017\/09\/Potemuffins_1920-300x200.jpg 300w, https:\/\/mills.no\/content\/uploads\/2017\/09\/Potemuffins_1920-1024x683.jpg 1024w, https:\/\/mills.no\/content\/uploads\/2017\/09\/Potemuffins_1920-768x512.jpg 768w, https:\/\/mills.no\/content\/uploads\/2017\/09\/Potemuffins_1920-1536x1024.jpg 1536w, https:\/\/mills.no\/content\/uploads\/2017\/09\/Potemuffins_1920-80x53.jpg 80w\" sizes=\"auto, (max-width: 1920px) 100vw, 1920px\" \/><\/figure>\n\n<div class=\"wp-block-group alignfull is-layout-flow wp-block-group-is-layout-flow\">\n\t<h2 class=\"t2-post-title wp-block-t2-post-title\">Bananmuffins med poteavtrykk<\/h2>\n\t<div class=\"t2-post-excerpt wp-block-t2-post-excerpt\"><p>Kjenner du noen som er veldig glad sitt firbente kj\u00e6ledyr? Hva med \u00e5 overraske dem med disse supers\u00f8te bananmuffinsene pyntet&hellip;<\/p><\/div>\n\t\n\t\t<div class=\"wp-block-mills-block-recipe-info\">\n\t\t\t<div class=\"mills-block-recipe-info-item mills-block-recipe-info-item--difficulty\">Enkel<\/div>\n\t\t\t<div class=\"mills-block-recipe-info-item mills-block-recipe-info-item--time\">50 min<\/div>\n\t\t<\/div>\n<\/div>\n\n<\/a>\n<\/div>\n<\/div>\n\n\t\t\t<\/div>\n\t\t<\/div>\n\n\t\t<div class=\"has-background has-neutral-50-background-color is-style-vertical-spacing is-style-horizontal-spacing alignwide wp-block-mills-section has-background has-neutral-50-background-color\">\n\t\t\t<div class=\"wp-block-mills-section__inner alignwide\">\n\t\t\t\t\n\n<h2 class=\"has-text-align-center aligncenter wp-block-heading\">Allergivennlig julebakst<\/h2>\n<div class=\"t2-featured-content-layout alignwide alignwide wp-block-t2-featured-content-layout\" role=\"list\">\n<div class=\"t2-featured-single-post t2-featured-content is-post-type-recipe brand-soft-flora recipe_category-allergivennlig recipe_category-jul recipe_category-kaker-kos recipe_topic-bakst wp-block-t2-featured-single-post\" role=\"listitem\"><a class=\"t2-post-link wp-block-t2-post-link\" href=\"https:\/\/mills.no\/soft-flora\/oppskrift\/mandelkjeks-bringebaerhjerter\/\">\n<figure style=\"--t2-focal-point: 50% 50%;\" class=\"t2-post-featured-image has-image-ratio-16-9 wp-block-t2-post-featured-image\"><img loading=\"lazy\" decoding=\"async\" width=\"1600\" height=\"1067\" src=\"https:\/\/mills.no\/content\/uploads\/2017\/12\/Mandelkjeks-med-bringebC3A6rhjerter_1920.jpg\" class=\"attachment-medium-large size-medium-large wp-post-image\" alt=\"Glutenfrie mandelkjeks med bringeb\u00e6rhjerter\" srcset=\"https:\/\/mills.no\/content\/uploads\/2017\/12\/Mandelkjeks-med-bringebC3A6rhjerter_1920.jpg 1600w, https:\/\/mills.no\/content\/uploads\/2017\/12\/Mandelkjeks-med-bringebC3A6rhjerter_1920-300x200.jpg 300w, https:\/\/mills.no\/content\/uploads\/2017\/12\/Mandelkjeks-med-bringebC3A6rhjerter_1920-1024x683.jpg 1024w, https:\/\/mills.no\/content\/uploads\/2017\/12\/Mandelkjeks-med-bringebC3A6rhjerter_1920-768x512.jpg 768w, https:\/\/mills.no\/content\/uploads\/2017\/12\/Mandelkjeks-med-bringebC3A6rhjerter_1920-1536x1024.jpg 1536w, https:\/\/mills.no\/content\/uploads\/2017\/12\/Mandelkjeks-med-bringebC3A6rhjerter_1920-80x53.jpg 80w\" sizes=\"auto, (max-width: 1600px) 100vw, 1600px\" \/><\/figure>\n\n<div class=\"wp-block-group alignfull is-layout-flow wp-block-group-is-layout-flow\">\n\t<h2 class=\"t2-post-title wp-block-t2-post-title\">Glutenfrie mandelkjeks med bringeb\u00e6rhjerter<\/h2>\n\t<div class=\"t2-post-excerpt wp-block-t2-post-excerpt\"><p>Disse s\u00f8te mandelkjeksene er laget utelukkende av mandelmel og er derfor naturlig glutenfrie. Perfekt n\u00e5r det er allergier \u00e5 ta&hellip;<\/p><\/div>\n\t\n\t\t<div class=\"wp-block-mills-block-recipe-info\">\n\t\t\t<div class=\"mills-block-recipe-info-item mills-block-recipe-info-item--difficulty\">Enkel<\/div>\n\t\t\t<div class=\"mills-block-recipe-info-item mills-block-recipe-info-item--time\">35 min<\/div>\n\t\t<\/div>\n<\/div>\n\n<\/a>\n<\/div>\n<div class=\"t2-featured-single-post t2-featured-content is-post-type-recipe brand-soft-flora recipe_category-bakst-og-brod recipe_category-jul recipe_category-kaker-kos recipe_topic-bakst recipe_topic-brodmat wp-block-t2-featured-single-post\" role=\"listitem\"><a class=\"t2-post-link wp-block-t2-post-link\" href=\"https:\/\/mills.no\/soft-flora\/oppskrift\/glutenfrie-scones-pepperkake\/\">\n<figure style=\"--t2-focal-point: 50% 50%;\" class=\"t2-post-featured-image has-image-ratio-16-9 wp-block-t2-post-featured-image\"><img loading=\"lazy\" decoding=\"async\" width=\"1600\" height=\"775\" src=\"https:\/\/mills.no\/content\/uploads\/2017\/12\/Pepperkakescones1_1920_930.jpg\" class=\"attachment-medium-large size-medium-large wp-post-image\" alt=\"Glutenfrie scones med pepperkakesmak\" srcset=\"https:\/\/mills.no\/content\/uploads\/2017\/12\/Pepperkakescones1_1920_930.jpg 1600w, https:\/\/mills.no\/content\/uploads\/2017\/12\/Pepperkakescones1_1920_930-300x145.jpg 300w, https:\/\/mills.no\/content\/uploads\/2017\/12\/Pepperkakescones1_1920_930-1024x496.jpg 1024w, https:\/\/mills.no\/content\/uploads\/2017\/12\/Pepperkakescones1_1920_930-768x372.jpg 768w, https:\/\/mills.no\/content\/uploads\/2017\/12\/Pepperkakescones1_1920_930-1536x744.jpg 1536w, https:\/\/mills.no\/content\/uploads\/2017\/12\/Pepperkakescones1_1920_930-80x39.jpg 80w\" sizes=\"auto, (max-width: 1600px) 100vw, 1600px\" \/><\/figure>\n\n<div class=\"wp-block-group alignfull is-layout-flow wp-block-group-is-layout-flow\">\n\t<h2 class=\"t2-post-title wp-block-t2-post-title\">Glutenfrie scones med pepperkakesmak<\/h2>\n\t<div class=\"t2-post-excerpt wp-block-t2-post-excerpt\"><p>At engelskmennenes scones er blitt en favoritt her til lands ogs\u00e5, er ikke s\u00e5 rart. P\u00e5 grunn av bakepulveret trenger&hellip;<\/p><\/div>\n\t\n\t\t<div class=\"wp-block-mills-block-recipe-info\">\n\t\t\t<div class=\"mills-block-recipe-info-item mills-block-recipe-info-item--difficulty\">Enkel<\/div>\n\t\t\t<div class=\"mills-block-recipe-info-item mills-block-recipe-info-item--time\">30 min<\/div>\n\t\t<\/div>\n<\/div>\n\n<\/a>\n<\/div>\n<div class=\"t2-featured-single-post t2-featured-content is-post-type-recipe brand-soft-flora recipe_category-allergivennlig recipe_category-frokost-og-lunsj recipe_category-jul wp-block-t2-featured-single-post\" role=\"listitem\"><a class=\"t2-post-link wp-block-t2-post-link\" href=\"https:\/\/mills.no\/soft-flora\/oppskrift\/melkefri-mandelgrot\/\">\n<figure style=\"--t2-focal-point: 50% 50%;\" class=\"t2-post-featured-image has-image-ratio-16-9 wp-block-t2-post-featured-image\"><img loading=\"lazy\" decoding=\"async\" width=\"1920\" height=\"930\" src=\"https:\/\/mills.no\/content\/uploads\/2016\/12\/mandelgrC3B8t_1920.jpg\" class=\"attachment-medium-large size-medium-large wp-post-image\" alt=\"Mandelgr\u00f8t med bl\u00e5b\u00e6r\" srcset=\"https:\/\/mills.no\/content\/uploads\/2016\/12\/mandelgrC3B8t_1920.jpg 1920w, https:\/\/mills.no\/content\/uploads\/2016\/12\/mandelgrC3B8t_1920-300x145.jpg 300w, https:\/\/mills.no\/content\/uploads\/2016\/12\/mandelgrC3B8t_1920-1024x496.jpg 1024w, https:\/\/mills.no\/content\/uploads\/2016\/12\/mandelgrC3B8t_1920-768x372.jpg 768w, https:\/\/mills.no\/content\/uploads\/2016\/12\/mandelgrC3B8t_1920-1536x744.jpg 1536w, https:\/\/mills.no\/content\/uploads\/2016\/12\/mandelgrC3B8t_1920-80x39.jpg 80w\" sizes=\"auto, (max-width: 1920px) 100vw, 1920px\" \/><\/figure>\n\n<div class=\"wp-block-group alignfull is-layout-flow wp-block-group-is-layout-flow\">\n\t<h2 class=\"t2-post-title wp-block-t2-post-title\">Melkefri mandelgr\u00f8t<\/h2>\n\t<div class=\"t2-post-excerpt wp-block-t2-post-excerpt\"><p>Gr\u00f8t kokt p\u00e5 mandelmel og mandelmelk smaker nydelig og metter godt. Mandlegr\u00f8t er enkelt \u00e5 lage og kan spises p\u00e5&hellip;<\/p><\/div>\n\t\n\t\t<div class=\"wp-block-mills-block-recipe-info\">\n\t\t\t<div class=\"mills-block-recipe-info-item mills-block-recipe-info-item--difficulty\">Enkel<\/div>\n\t\t\t<div class=\"mills-block-recipe-info-item mills-block-recipe-info-item--time\">10 min<\/div>\n\t\t<\/div>\n<\/div>\n\n<\/a>\n<\/div>\n<div class=\"t2-featured-single-post t2-featured-content is-post-type-recipe brand-soft-flora recipe_category-allergivennlig recipe_category-frokost-og-lunsj wp-block-t2-featured-single-post\" role=\"listitem\"><a class=\"t2-post-link wp-block-t2-post-link\" href=\"https:\/\/mills.no\/soft-flora\/oppskrift\/melkefrie-frokostlapper\/\">\n<figure style=\"--t2-focal-point: 50% 50%;\" class=\"t2-post-featured-image has-image-ratio-16-9 wp-block-t2-post-featured-image\"><img loading=\"lazy\" decoding=\"async\" width=\"1920\" height=\"930\" src=\"https:\/\/mills.no\/content\/uploads\/2016\/09\/melkefrielapper_1920.jpg\" class=\"attachment-medium-large size-medium-large wp-post-image\" alt=\"Melkefrie frokostlapper\" srcset=\"https:\/\/mills.no\/content\/uploads\/2016\/09\/melkefrielapper_1920.jpg 1920w, https:\/\/mills.no\/content\/uploads\/2016\/09\/melkefrielapper_1920-300x145.jpg 300w, https:\/\/mills.no\/content\/uploads\/2016\/09\/melkefrielapper_1920-1024x496.jpg 1024w, https:\/\/mills.no\/content\/uploads\/2016\/09\/melkefrielapper_1920-768x372.jpg 768w, https:\/\/mills.no\/content\/uploads\/2016\/09\/melkefrielapper_1920-1536x744.jpg 1536w, https:\/\/mills.no\/content\/uploads\/2016\/09\/melkefrielapper_1920-80x39.jpg 80w\" sizes=\"auto, (max-width: 1920px) 100vw, 1920px\" \/><\/figure>\n\n<div class=\"wp-block-group alignfull is-layout-flow wp-block-group-is-layout-flow\">\n\t<h2 class=\"t2-post-title wp-block-t2-post-title\">Melkefrie frokostlapper med p\u00e6re og ingef\u00e6r<\/h2>\n\t<div class=\"t2-post-excerpt wp-block-t2-post-excerpt\"><p>Disse herlige lappene smaker s\u00f8tt og friskt av p\u00e6re og ingef\u00e6r, og passer perfekt n\u00e5r du har litt ekstra tid&hellip;<\/p><\/div>\n\t\n\t\t<div class=\"wp-block-mills-block-recipe-info\">\n\t\t\t<div class=\"mills-block-recipe-info-item mills-block-recipe-info-item--difficulty\">Enkel<\/div>\n\t\t\t<div class=\"mills-block-recipe-info-item mills-block-recipe-info-item--time\">1 t<\/div>\n\t\t<\/div>\n<\/div>\n\n<\/a>\n<\/div>\n<div class=\"t2-featured-single-post t2-featured-content is-post-type-recipe brand-soft-flora recipe_category-frokost-og-lunsj recipe_category-kaker-kos wp-block-t2-featured-single-post\" role=\"listitem\"><a class=\"t2-post-link wp-block-t2-post-link\" href=\"https:\/\/mills.no\/soft-flora\/oppskrift\/lapper-uten-melk\/\">\n<figure style=\"--t2-focal-point: 50% 50%;\" class=\"t2-post-featured-image has-image-ratio-16-9 wp-block-t2-post-featured-image\"><img loading=\"lazy\" decoding=\"async\" width=\"1920\" height=\"1280\" src=\"https:\/\/mills.no\/content\/uploads\/2017\/02\/lapper-uten-melk_1920-focalcropped.jpg\" class=\"attachment-medium-large size-medium-large wp-post-image\" alt=\"Lapper uten melk - med eplesaus\" srcset=\"https:\/\/mills.no\/content\/uploads\/2017\/02\/lapper-uten-melk_1920-focalcropped.jpg 1920w, https:\/\/mills.no\/content\/uploads\/2017\/02\/lapper-uten-melk_1920-focalcropped-300x200.jpg 300w, https:\/\/mills.no\/content\/uploads\/2017\/02\/lapper-uten-melk_1920-focalcropped-1024x683.jpg 1024w, https:\/\/mills.no\/content\/uploads\/2017\/02\/lapper-uten-melk_1920-focalcropped-768x512.jpg 768w, https:\/\/mills.no\/content\/uploads\/2017\/02\/lapper-uten-melk_1920-focalcropped-1536x1024.jpg 1536w, https:\/\/mills.no\/content\/uploads\/2017\/02\/lapper-uten-melk_1920-focalcropped-80x53.jpg 80w\" sizes=\"auto, (max-width: 1920px) 100vw, 1920px\" \/><\/figure>\n\n<div class=\"wp-block-group alignfull is-layout-flow wp-block-group-is-layout-flow\">\n\t<h2 class=\"t2-post-title wp-block-t2-post-title\">Lapper uten melk<\/h2>\n\t<div class=\"t2-post-excerpt wp-block-t2-post-excerpt\"><p>Det g\u00e5r fint an \u00e5 lage lapper uten melk. I denne oppskriften har vi brukt havremelk og Soft Flora spesial,&hellip;<\/p><\/div>\n\t\n\t\t<div class=\"wp-block-mills-block-recipe-info\">\n\t\t\t<div class=\"mills-block-recipe-info-item mills-block-recipe-info-item--difficulty\">Enkel<\/div>\n\t\t\t<div class=\"mills-block-recipe-info-item mills-block-recipe-info-item--time\">30 min<\/div>\n\t\t<\/div>\n<\/div>\n\n<\/a>\n<\/div>\n<div class=\"t2-featured-single-post t2-featured-content is-post-type-recipe brand-soft-flora recipe_category-bakst-og-brod recipe_category-frokost-og-lunsj wp-block-t2-featured-single-post\" role=\"listitem\"><a class=\"t2-post-link wp-block-t2-post-link\" href=\"https:\/\/mills.no\/soft-flora\/oppskrift\/scones-uten-melk\/\">\n<figure style=\"--t2-focal-point: 50% 50%;\" class=\"t2-post-featured-image has-image-ratio-16-9 wp-block-t2-post-featured-image\"><img loading=\"lazy\" decoding=\"async\" width=\"1920\" height=\"930\" src=\"https:\/\/mills.no\/content\/uploads\/2016\/11\/Scones-uten-melk-1920-e1484900507696.jpg\" class=\"attachment-medium-large size-medium-large wp-post-image\" alt=\"Scones uten melk med p\u00e5legg\" srcset=\"https:\/\/mills.no\/content\/uploads\/2016\/11\/Scones-uten-melk-1920-e1484900507696.jpg 1920w, https:\/\/mills.no\/content\/uploads\/2016\/11\/Scones-uten-melk-1920-e1484900507696-300x145.jpg 300w, https:\/\/mills.no\/content\/uploads\/2016\/11\/Scones-uten-melk-1920-e1484900507696-1024x496.jpg 1024w, https:\/\/mills.no\/content\/uploads\/2016\/11\/Scones-uten-melk-1920-e1484900507696-768x372.jpg 768w, https:\/\/mills.no\/content\/uploads\/2016\/11\/Scones-uten-melk-1920-e1484900507696-1536x744.jpg 1536w, https:\/\/mills.no\/content\/uploads\/2016\/11\/Scones-uten-melk-1920-e1484900507696-80x39.jpg 80w\" sizes=\"auto, (max-width: 1920px) 100vw, 1920px\" \/><\/figure>\n\n<div class=\"wp-block-group alignfull is-layout-flow wp-block-group-is-layout-flow\">\n\t<h2 class=\"t2-post-title wp-block-t2-post-title\">Scones uten melk<\/h2>\n\t<div class=\"t2-post-excerpt wp-block-t2-post-excerpt\"><p>Ingenting smaker bedre enn rykende ferske scones til helgefrokosten! Disse er uten melk, halvgrove og inneholder lite sukker &#8211; i&hellip;<\/p><\/div>\n\t\n\t\t<div class=\"wp-block-mills-block-recipe-info\">\n\t\t\t<div class=\"mills-block-recipe-info-item mills-block-recipe-info-item--difficulty\">Enkel<\/div>\n\t\t\t<div class=\"mills-block-recipe-info-item mills-block-recipe-info-item--time\">30 min<\/div>\n\t\t<\/div>\n<\/div>\n\n<\/a>\n<\/div>\n<\/div>\n\n\t\t\t<\/div>\n\t\t<\/div>","protected":false},"excerpt":{"rendered":"<p>\u00c5 bake med barna er en koselig f\u00f8rjulsaktivitet. Med denne enkle oppskriften p\u00e5 julekjeks og forslag til s\u00f8te dekorasjoner, ligger&hellip;<\/p>\n","protected":false},"author":0,"featured_media":388,"comment_status":"closed","ping_status":"closed","sticky":false,"template":"","format":"standard","meta":{"_searchwp_excluded":"","footnotes":""},"categories":[79],"tags":[],"class_list":["post-387","post","type-post","status-publish","format-standard","has-post-thumbnail","hentry","category-soft-flora"],"yoast_head":"<!-- This site is optimized with the Yoast SEO Premium plugin v26.9 (Yoast SEO v26.9) - https:\/\/yoast.com\/product\/yoast-seo-premium-wordpress\/ -->\n<title>Barnas julekjeks med fire morsomme forslag til pynting | Soft Flora<\/title>\n<meta name=\"description\" content=\"Denne oppskriften p\u00e5 julekjeks er s\u00e5 enkel at barna kan v\u00e6re med p\u00e5 \u00e5 lage den. La deg inspirere av de s\u00f8te pynteforslagene du finner her:\" \/>\n<meta name=\"robots\" content=\"index, follow, max-snippet:-1, max-image-preview:large, max-video-preview:-1\" \/>\n<link rel=\"canonical\" href=\"https:\/\/mills.no\/soft-flora\/barnas-julekjeks\/\" \/>\n<meta property=\"og:locale\" content=\"nb_NO\" \/>\n<meta property=\"og:type\" content=\"article\" \/>\n<meta property=\"og:title\" content=\"Barnas julekjeks\" \/>\n<meta property=\"og:description\" content=\"S\u00f8te \u00e5 se p\u00e5 og s\u00f8te \u00e5 spise \u2013 oppskrift p\u00e5 barnas julekjeks finner du her.\" \/>\n<meta property=\"og:url\" content=\"https:\/\/mills.no\/soft-flora\/barnas-julekjeks\/\" \/>\n<meta property=\"og:site_name\" content=\"Soft Flora\" \/>\n<meta property=\"article:published_time\" content=\"2017-12-06T16:19:26+00:00\" \/>\n<meta property=\"article:modified_time\" content=\"2024-02-07T08:16:22+00:00\" \/>\n<meta property=\"og:image\" content=\"https:\/\/mills.no\/content\/uploads\/sites\/6\/2017\/12\/Barnas-julekjeks-toppbilde_1920.jpg\" \/>\n\t<meta property=\"og:image:width\" content=\"1600\" \/>\n\t<meta property=\"og:image:height\" content=\"1067\" \/>\n\t<meta property=\"og:image:type\" content=\"image\/jpeg\" \/>\n<meta name=\"twitter:card\" content=\"summary_large_image\" \/>\n<meta name=\"twitter:title\" content=\"Barnas julekjeks\" \/>\n<meta name=\"twitter:label1\" content=\"Ansl. lesetid\" \/>\n\t<meta name=\"twitter:data1\" content=\"2 minutter\" \/>\n<script type=\"application\/ld+json\" class=\"yoast-schema-graph\">{\"@context\":\"https:\/\/schema.org\",\"@graph\":[{\"@type\":\"Article\",\"@id\":\"https:\/\/mills.no\/soft-flora\/barnas-julekjeks\/#article\",\"isPartOf\":{\"@id\":\"https:\/\/mills.no\/soft-flora\/barnas-julekjeks\/\"},\"author\":{\"name\":\"\",\"@id\":\"\"},\"headline\":\"Barnas julekjeks\",\"datePublished\":\"2017-12-06T16:19:26+00:00\",\"dateModified\":\"2024-02-07T08:16:22+00:00\",\"mainEntityOfPage\":{\"@id\":\"https:\/\/mills.no\/soft-flora\/barnas-julekjeks\/\"},\"wordCount\":379,\"publisher\":{\"@id\":\"https:\/\/mills.no\/soft-flora\/#organization\"},\"image\":{\"@id\":\"https:\/\/mills.no\/soft-flora\/barnas-julekjeks\/#primaryimage\"},\"thumbnailUrl\":\"https:\/\/mills.no\/content\/uploads\/sites\/6\/2017\/12\/Barnas-julekjeks-toppbilde_1920.jpg\",\"articleSection\":[\"Soft Flora\"],\"inLanguage\":\"nb-NO\"},{\"@type\":\"WebPage\",\"@id\":\"https:\/\/mills.no\/soft-flora\/barnas-julekjeks\/\",\"url\":\"https:\/\/mills.no\/soft-flora\/barnas-julekjeks\/\",\"name\":\"Barnas julekjeks med fire morsomme forslag til pynting | Soft Flora\",\"isPartOf\":{\"@id\":\"https:\/\/mills.no\/soft-flora\/#website\"},\"primaryImageOfPage\":{\"@id\":\"https:\/\/mills.no\/soft-flora\/barnas-julekjeks\/#primaryimage\"},\"image\":{\"@id\":\"https:\/\/mills.no\/soft-flora\/barnas-julekjeks\/#primaryimage\"},\"thumbnailUrl\":\"https:\/\/mills.no\/content\/uploads\/sites\/6\/2017\/12\/Barnas-julekjeks-toppbilde_1920.jpg\",\"datePublished\":\"2017-12-06T16:19:26+00:00\",\"dateModified\":\"2024-02-07T08:16:22+00:00\",\"description\":\"Denne oppskriften p\u00e5 julekjeks er s\u00e5 enkel at barna kan v\u00e6re med p\u00e5 \u00e5 lage den. La deg inspirere av de s\u00f8te pynteforslagene du finner her:\",\"breadcrumb\":{\"@id\":\"https:\/\/mills.no\/soft-flora\/barnas-julekjeks\/#breadcrumb\"},\"inLanguage\":\"nb-NO\",\"potentialAction\":[{\"@type\":\"ReadAction\",\"target\":[\"https:\/\/mills.no\/soft-flora\/barnas-julekjeks\/\"]}]},{\"@type\":\"ImageObject\",\"inLanguage\":\"nb-NO\",\"@id\":\"https:\/\/mills.no\/soft-flora\/barnas-julekjeks\/#primaryimage\",\"url\":\"https:\/\/mills.no\/content\/uploads\/sites\/6\/2017\/12\/Barnas-julekjeks-toppbilde_1920.jpg\",\"contentUrl\":\"https:\/\/mills.no\/content\/uploads\/sites\/6\/2017\/12\/Barnas-julekjeks-toppbilde_1920.jpg\",\"width\":1600,\"height\":1067,\"caption\":\"barnas julekjeks\"},{\"@type\":\"BreadcrumbList\",\"@id\":\"https:\/\/mills.no\/soft-flora\/barnas-julekjeks\/#breadcrumb\",\"itemListElement\":[{\"@type\":\"ListItem\",\"position\":1,\"name\":\"Home\",\"item\":\"https:\/\/mills.no\/soft-flora\/\"},{\"@type\":\"ListItem\",\"position\":2,\"name\":\"Barnas julekjeks\"}]},{\"@type\":\"WebSite\",\"@id\":\"https:\/\/mills.no\/soft-flora\/#website\",\"url\":\"https:\/\/mills.no\/soft-flora\/\",\"name\":\"Soft Flora\",\"description\":\"En naturlig familiefavoritt\",\"publisher\":{\"@id\":\"https:\/\/mills.no\/soft-flora\/#organization\"},\"potentialAction\":[{\"@type\":\"SearchAction\",\"target\":{\"@type\":\"EntryPoint\",\"urlTemplate\":\"https:\/\/mills.no\/soft-flora\/?s={search_term_string}\"},\"query-input\":{\"@type\":\"PropertyValueSpecification\",\"valueRequired\":true,\"valueName\":\"search_term_string\"}}],\"inLanguage\":\"nb-NO\"},{\"@type\":\"Organization\",\"@id\":\"https:\/\/mills.no\/soft-flora\/#organization\",\"name\":\"Soft Flora\",\"url\":\"https:\/\/mills.no\/soft-flora\/\",\"logo\":{\"@type\":\"ImageObject\",\"inLanguage\":\"nb-NO\",\"@id\":\"https:\/\/mills.no\/soft-flora\/#\/schema\/logo\/image\/\",\"url\":\"https:\/\/mills.no\/content\/uploads\/sites\/6\/2023\/08\/Soft-Flora_hovedlogo_1.svg\",\"contentUrl\":\"https:\/\/mills.no\/content\/uploads\/sites\/6\/2023\/08\/Soft-Flora_hovedlogo_1.svg\",\"caption\":\"Soft Flora\"},\"image\":{\"@id\":\"https:\/\/mills.no\/soft-flora\/#\/schema\/logo\/image\/\"}}]}<\/script>\n<!-- \/ Yoast SEO Premium plugin. -->","yoast_head_json":{"title":"Barnas julekjeks med fire morsomme forslag til pynting | Soft Flora","description":"Denne oppskriften p\u00e5 julekjeks er s\u00e5 enkel at barna kan v\u00e6re med p\u00e5 \u00e5 lage den. La deg inspirere av de s\u00f8te pynteforslagene du finner her:","robots":{"index":"index","follow":"follow","max-snippet":"max-snippet:-1","max-image-preview":"max-image-preview:large","max-video-preview":"max-video-preview:-1"},"canonical":"https:\/\/mills.no\/soft-flora\/barnas-julekjeks\/","og_locale":"nb_NO","og_type":"article","og_title":"Barnas julekjeks","og_description":"S\u00f8te \u00e5 se p\u00e5 og s\u00f8te \u00e5 spise \u2013 oppskrift p\u00e5 barnas julekjeks finner du her.","og_url":"https:\/\/mills.no\/soft-flora\/barnas-julekjeks\/","og_site_name":"Soft Flora","article_published_time":"2017-12-06T16:19:26+00:00","article_modified_time":"2024-02-07T08:16:22+00:00","og_image":[{"width":1600,"height":1067,"url":"https:\/\/mills.no\/content\/uploads\/sites\/6\/2017\/12\/Barnas-julekjeks-toppbilde_1920.jpg","type":"image\/jpeg"}],"twitter_card":"summary_large_image","twitter_title":"Barnas julekjeks","twitter_misc":{"Ansl. lesetid":"2 minutter"},"schema":{"@context":"https:\/\/schema.org","@graph":[{"@type":"Article","@id":"https:\/\/mills.no\/soft-flora\/barnas-julekjeks\/#article","isPartOf":{"@id":"https:\/\/mills.no\/soft-flora\/barnas-julekjeks\/"},"author":{"name":"","@id":""},"headline":"Barnas julekjeks","datePublished":"2017-12-06T16:19:26+00:00","dateModified":"2024-02-07T08:16:22+00:00","mainEntityOfPage":{"@id":"https:\/\/mills.no\/soft-flora\/barnas-julekjeks\/"},"wordCount":379,"publisher":{"@id":"https:\/\/mills.no\/soft-flora\/#organization"},"image":{"@id":"https:\/\/mills.no\/soft-flora\/barnas-julekjeks\/#primaryimage"},"thumbnailUrl":"https:\/\/mills.no\/content\/uploads\/sites\/6\/2017\/12\/Barnas-julekjeks-toppbilde_1920.jpg","articleSection":["Soft Flora"],"inLanguage":"nb-NO"},{"@type":"WebPage","@id":"https:\/\/mills.no\/soft-flora\/barnas-julekjeks\/","url":"https:\/\/mills.no\/soft-flora\/barnas-julekjeks\/","name":"Barnas julekjeks med fire morsomme forslag til pynting | Soft Flora","isPartOf":{"@id":"https:\/\/mills.no\/soft-flora\/#website"},"primaryImageOfPage":{"@id":"https:\/\/mills.no\/soft-flora\/barnas-julekjeks\/#primaryimage"},"image":{"@id":"https:\/\/mills.no\/soft-flora\/barnas-julekjeks\/#primaryimage"},"thumbnailUrl":"https:\/\/mills.no\/content\/uploads\/sites\/6\/2017\/12\/Barnas-julekjeks-toppbilde_1920.jpg","datePublished":"2017-12-06T16:19:26+00:00","dateModified":"2024-02-07T08:16:22+00:00","description":"Denne oppskriften p\u00e5 julekjeks er s\u00e5 enkel at barna kan v\u00e6re med p\u00e5 \u00e5 lage den. La deg inspirere av de s\u00f8te pynteforslagene du finner her:","breadcrumb":{"@id":"https:\/\/mills.no\/soft-flora\/barnas-julekjeks\/#breadcrumb"},"inLanguage":"nb-NO","potentialAction":[{"@type":"ReadAction","target":["https:\/\/mills.no\/soft-flora\/barnas-julekjeks\/"]}]},{"@type":"ImageObject","inLanguage":"nb-NO","@id":"https:\/\/mills.no\/soft-flora\/barnas-julekjeks\/#primaryimage","url":"https:\/\/mills.no\/content\/uploads\/sites\/6\/2017\/12\/Barnas-julekjeks-toppbilde_1920.jpg","contentUrl":"https:\/\/mills.no\/content\/uploads\/sites\/6\/2017\/12\/Barnas-julekjeks-toppbilde_1920.jpg","width":1600,"height":1067,"caption":"barnas julekjeks"},{"@type":"BreadcrumbList","@id":"https:\/\/mills.no\/soft-flora\/barnas-julekjeks\/#breadcrumb","itemListElement":[{"@type":"ListItem","position":1,"name":"Home","item":"https:\/\/mills.no\/soft-flora\/"},{"@type":"ListItem","position":2,"name":"Barnas julekjeks"}]},{"@type":"WebSite","@id":"https:\/\/mills.no\/soft-flora\/#website","url":"https:\/\/mills.no\/soft-flora\/","name":"Soft Flora","description":"En naturlig familiefavoritt","publisher":{"@id":"https:\/\/mills.no\/soft-flora\/#organization"},"potentialAction":[{"@type":"SearchAction","target":{"@type":"EntryPoint","urlTemplate":"https:\/\/mills.no\/soft-flora\/?s={search_term_string}"},"query-input":{"@type":"PropertyValueSpecification","valueRequired":true,"valueName":"search_term_string"}}],"inLanguage":"nb-NO"},{"@type":"Organization","@id":"https:\/\/mills.no\/soft-flora\/#organization","name":"Soft Flora","url":"https:\/\/mills.no\/soft-flora\/","logo":{"@type":"ImageObject","inLanguage":"nb-NO","@id":"https:\/\/mills.no\/soft-flora\/#\/schema\/logo\/image\/","url":"https:\/\/mills.no\/content\/uploads\/sites\/6\/2023\/08\/Soft-Flora_hovedlogo_1.svg","contentUrl":"https:\/\/mills.no\/content\/uploads\/sites\/6\/2023\/08\/Soft-Flora_hovedlogo_1.svg","caption":"Soft Flora"},"image":{"@id":"https:\/\/mills.no\/soft-flora\/#\/schema\/logo\/image\/"}}]}},"_links":{"self":[{"href":"https:\/\/mills.no\/soft-flora\/wp-json\/wp\/v2\/posts\/387","targetHints":{"allow":["GET"]}}],"collection":[{"href":"https:\/\/mills.no\/soft-flora\/wp-json\/wp\/v2\/posts"}],"about":[{"href":"https:\/\/mills.no\/soft-flora\/wp-json\/wp\/v2\/types\/post"}],"replies":[{"embeddable":true,"href":"https:\/\/mills.no\/soft-flora\/wp-json\/wp\/v2\/comments?post=387"}],"version-history":[{"count":11,"href":"https:\/\/mills.no\/soft-flora\/wp-json\/wp\/v2\/posts\/387\/revisions"}],"predecessor-version":[{"id":1032,"href":"https:\/\/mills.no\/soft-flora\/wp-json\/wp\/v2\/posts\/387\/revisions\/1032"}],"wp:featuredmedia":[{"embeddable":true,"href":"https:\/\/mills.no\/soft-flora\/wp-json\/wp\/v2\/media\/388"}],"wp:attachment":[{"href":"https:\/\/mills.no\/soft-flora\/wp-json\/wp\/v2\/media?parent=387"}],"wp:term":[{"taxonomy":"category","embeddable":true,"href":"https:\/\/mills.no\/soft-flora\/wp-json\/wp\/v2\/categories?post=387"},{"taxonomy":"post_tag","embeddable":true,"href":"https:\/\/mills.no\/soft-flora\/wp-json\/wp\/v2\/tags?post=387"}],"curies":[{"name":"wp","href":"https:\/\/api.w.org\/{rel}","templated":true}]}}