{"id":415,"date":"2016-05-11T10:16:51","date_gmt":"2016-05-11T08:16:51","guid":{"rendered":"https:\/\/mills.no\/soft-flora\/vaffeltarn-i-rodt-hvitt-og-blatt\/"},"modified":"2024-02-07T09:16:22","modified_gmt":"2024-02-07T08:16:22","slug":"vafler-rodt-hvitt-blatt","status":"publish","type":"post","link":"https:\/\/mills.no\/soft-flora\/vafler-rodt-hvitt-blatt\/","title":{"rendered":"Vaffelt\u00e5rn i r\u00f8dt hvitt og bl\u00e5tt!"},"content":{"rendered":"<div class=\"mills-block-featured alignwide alignwide wp-block-mills-block-featured\"><img loading=\"lazy\" decoding=\"async\" width=\"1920\" height=\"930\" style=\"width:100%;height:100%;object-fit:cover\" src=\"https:\/\/mills.no\/content\/uploads\/sites\/6\/2016\/05\/vaffeltC3A5rn_1920_1920x930_acf_cropped.jpg\" class=\"wp-block-cover__image-background\" alt=\"vaffelt\u00e5rn med r\u00f8de og bl\u00e5 vafler\" srcset=\"https:\/\/mills.no\/content\/uploads\/sites\/6\/2016\/05\/vaffeltC3A5rn_1920_1920x930_acf_cropped.jpg 1920w, https:\/\/mills.no\/content\/uploads\/sites\/6\/2016\/05\/vaffeltC3A5rn_1920_1920x930_acf_cropped-300x145.jpg 300w, https:\/\/mills.no\/content\/uploads\/sites\/6\/2016\/05\/vaffeltC3A5rn_1920_1920x930_acf_cropped-1024x496.jpg 1024w, https:\/\/mills.no\/content\/uploads\/sites\/6\/2016\/05\/vaffeltC3A5rn_1920_1920x930_acf_cropped-768x372.jpg 768w, https:\/\/mills.no\/content\/uploads\/sites\/6\/2016\/05\/vaffeltC3A5rn_1920_1920x930_acf_cropped-1536x744.jpg 1536w, https:\/\/mills.no\/content\/uploads\/sites\/6\/2016\/05\/vaffeltC3A5rn_1920_1920x930_acf_cropped-80x39.jpg 80w\" sizes=\"auto, (max-width: 1920px) 100vw, 1920px\" \/><div class=\"wp-block-cover__inner-container\">\n<h1 class=\"has-text-align-center wp-block-post-title has-text-color has-neutral-1000-color\">Vaffelt\u00e5rn i r\u00f8dt hvitt og bl\u00e5tt!<\/h1>\n<p class=\"t2-ingress has-text-align-center align wp-block-t2-ingress\">Dette dekorative vaffelt\u00e5rnet er enkelt \u00e5 lage, og vil garantert imponere p\u00e5 17. maifrokosten. \n<\/p>\n<div class=\"has-text-align-center mills-published-date wp-block-post-date has-text-color has-neutral-1000-color\"><time datetime=\"2016-05-11T10:16:51+02:00\">11. mai 2016<\/time><\/div>\n<\/div><\/div>\n\n\t\t<div class=\"has-background has-neutral-0-background-color is-style-vertical-spacing alignwide wp-block-mills-section has-background has-neutral-0-background-color\">\n\t\t\t<div class=\"wp-block-mills-section__inner aligncenter\">\n\t\t\t\t\n\n<h2 class=\"wp-block-heading\" >Du trenger:<\/h2>\n\n<ul class=\"wp-block-list\"> <li>1 dl sukker<\/li> <li>3 egg<\/li> <li>6 dl melk<\/li> <li>1 dl smeltet Soft Flora<\/li> <li>4 dl hvetemel<\/li> <li>1 ts kardemomme<\/li> <li>2 ts bakepulver<\/li> <li>1 tube r\u00f8d konditorfarge<\/li> <li>1 tube bl\u00e5 konditorfarge<\/li> <\/ul>\n\n<h2 class=\"wp-block-heading\" >Til pynt:<\/h2>\n\n<ul class=\"wp-block-list\"> <li style=\"text-align: left;\">1 boks vaniljekesam<\/li> <li style=\"text-align: left;\">Jordb\u00e6r<\/li> <li style=\"text-align: left;\">Bl\u00e5b\u00e6r<\/li> <li style=\"text-align: left;\">Bj\u00f8rneb\u00e6r<\/li> <\/ul>\n\n<h2 class=\"wp-block-heading\" >Slik gj\u00f8r du:<\/h2>\n\n<p style=\"text-align:left;\">Visp egg og sukker lett sammen. Tilsett melk og smeltet Soft Flora. Bland hvetemel med kardemomme og bakepulver og bland dette i r\u00f8ren. Visp vaffelr\u00f8ren til den er jevn og uten klumper, og la den svelle i 20 minutter.<\/p>\n\n<p style=\"text-align:left;\">Fordel r\u00f8ren i to boller, og r\u00f8r inn r\u00f8d konditorfarge i den ene og bl\u00e5 i den andre. Sm\u00f8r vaffeljernet godt med Soft Flora og stek p\u00e5 middels varme, s\u00e5 de beholder den flotte fargen og ikke blir brune.<\/p>\n\n<p style=\"text-align:left;\">Rett f\u00f8r servering legger du vaflene lagvis med vaniljekesam og pynter med jordb\u00e6r, bj\u00f8rneb\u00e6r og bl\u00e5b\u00e6r p\u00e5 toppen.<\/p>\n\n\t\t\t<\/div>\n\t\t<\/div>\n\n\t\t<div class=\"has-background has-neutral-50-background-color is-style-vertical-spacing is-style-horizontal-spacing alignwide wp-block-mills-section has-background has-neutral-50-background-color\">\n\t\t\t<div class=\"wp-block-mills-section__inner alignwide\">\n\t\t\t\t\n<div class=\"t2-featured-content-layout alignwide alignwide wp-block-t2-featured-content-layout\" role=\"list\">\n<div class=\"t2-featured-single-post t2-featured-content is-post-type-recipe brand-soft-flora recipe_category-frokost-og-lunsj recipe_category-kaker-kos wp-block-t2-featured-single-post\" role=\"listitem\"><a class=\"t2-post-link wp-block-t2-post-link\" href=\"https:\/\/mills.no\/soft-flora\/oppskrift\/lapper-av-smoothie\/\">\n<figure style=\"--t2-focal-point: 50% 50%;\" class=\"t2-post-featured-image has-image-ratio-16-9 wp-block-t2-post-featured-image\"><img loading=\"lazy\" decoding=\"async\" width=\"1920\" height=\"930\" src=\"https:\/\/mills.no\/content\/uploads\/2017\/01\/smoothie-lapper_1920.jpg\" class=\"attachment-medium-large size-medium-large wp-post-image\" alt=\"Smoothielapper med kesam, kiwi og honning\" srcset=\"https:\/\/mills.no\/content\/uploads\/2017\/01\/smoothie-lapper_1920.jpg 1920w, https:\/\/mills.no\/content\/uploads\/2017\/01\/smoothie-lapper_1920-300x145.jpg 300w, https:\/\/mills.no\/content\/uploads\/2017\/01\/smoothie-lapper_1920-1024x496.jpg 1024w, https:\/\/mills.no\/content\/uploads\/2017\/01\/smoothie-lapper_1920-768x372.jpg 768w, https:\/\/mills.no\/content\/uploads\/2017\/01\/smoothie-lapper_1920-1536x744.jpg 1536w, https:\/\/mills.no\/content\/uploads\/2017\/01\/smoothie-lapper_1920-80x39.jpg 80w\" sizes=\"auto, (max-width: 1920px) 100vw, 1920px\" \/><\/figure>\n\n<div class=\"wp-block-group alignfull is-layout-flow wp-block-group-is-layout-flow\">\n\t<h2 class=\"t2-post-title wp-block-t2-post-title\">Lapper av smoothie<\/h2>\n\t<div class=\"t2-post-excerpt wp-block-t2-post-excerpt\"><p>Vi har latt oss inspirere av Jamie Oliver og laget supergode lapper av smoothie med bl\u00e5b\u00e6r og banan. Lappene serveres&hellip;<\/p><\/div>\n\t\n\t\t<div class=\"wp-block-mills-block-recipe-info\">\n\t\t\t<div class=\"mills-block-recipe-info-item mills-block-recipe-info-item--difficulty\">Enkel<\/div>\n\t\t\t<div class=\"mills-block-recipe-info-item mills-block-recipe-info-item--time\">30 min<\/div>\n\t\t<\/div>\n<\/div>\n\n<\/a>\n<\/div>\n<div class=\"t2-featured-single-post t2-featured-content is-post-type-recipe brand-soft-flora recipe_category-allergivennlig recipe_category-bakst-og-brod recipe_category-frokost-og-lunsj wp-block-t2-featured-single-post\" role=\"listitem\"><a class=\"t2-post-link wp-block-t2-post-link\" href=\"https:\/\/mills.no\/soft-flora\/oppskrift\/glutenfritt-brod\/\">\n<figure style=\"--t2-focal-point: 50% 50%;\" class=\"t2-post-featured-image has-image-ratio-16-9 wp-block-t2-post-featured-image\"><img loading=\"lazy\" decoding=\"async\" width=\"1920\" height=\"930\" src=\"https:\/\/mills.no\/content\/uploads\/2017\/01\/glutenfritt-brC3B8d.jpg\" class=\"attachment-medium-large size-medium-large wp-post-image\" alt=\"glutenfritt br\u00f8d\" srcset=\"https:\/\/mills.no\/content\/uploads\/2017\/01\/glutenfritt-brC3B8d.jpg 1920w, https:\/\/mills.no\/content\/uploads\/2017\/01\/glutenfritt-brC3B8d-300x145.jpg 300w, https:\/\/mills.no\/content\/uploads\/2017\/01\/glutenfritt-brC3B8d-1024x496.jpg 1024w, https:\/\/mills.no\/content\/uploads\/2017\/01\/glutenfritt-brC3B8d-768x372.jpg 768w, https:\/\/mills.no\/content\/uploads\/2017\/01\/glutenfritt-brC3B8d-1536x744.jpg 1536w, https:\/\/mills.no\/content\/uploads\/2017\/01\/glutenfritt-brC3B8d-80x39.jpg 80w\" sizes=\"auto, (max-width: 1920px) 100vw, 1920px\" \/><\/figure>\n\n<div class=\"wp-block-group alignfull is-layout-flow wp-block-group-is-layout-flow\">\n\t<h2 class=\"t2-post-title wp-block-t2-post-title\">Glutenfritt br\u00f8d av n\u00f8tter<\/h2>\n\t<div class=\"t2-post-excerpt wp-block-t2-post-excerpt\"><p>Denne oppskriften p\u00e5 saftig glutenfritt br\u00f8d av n\u00f8tter krever verken elting eller heving. Ingrediensene blander du enkelt sammen p\u00e5 under&hellip;<\/p><\/div>\n\t\n\t\t<div class=\"wp-block-mills-block-recipe-info\">\n\t\t\t<div class=\"mills-block-recipe-info-item mills-block-recipe-info-item--difficulty\">Enkel<\/div>\n\t\t\t<div class=\"mills-block-recipe-info-item mills-block-recipe-info-item--time\">55 min<\/div>\n\t\t<\/div>\n<\/div>\n\n<\/a>\n<\/div>\n<div class=\"t2-featured-single-post t2-featured-content is-post-type-recipe brand-soft-flora recipe_category-frokost-og-lunsj recipe_category-kaker-kos recipe_category-maltider recipe_topic-17-mai wp-block-t2-featured-single-post\" role=\"listitem\"><a class=\"t2-post-link wp-block-t2-post-link\" href=\"https:\/\/mills.no\/soft-flora\/oppskrift\/pannekaker-pa-pinne\/\">\n<figure style=\"--t2-focal-point: 50% 50%;\" class=\"t2-post-featured-image has-image-ratio-16-9 wp-block-t2-post-featured-image\"><img loading=\"lazy\" decoding=\"async\" width=\"1920\" height=\"1280\" src=\"https:\/\/mills.no\/content\/uploads\/2017\/04\/Pannekaker-pC3A5-pinne_1920.jpg\" class=\"attachment-medium-large size-medium-large wp-post-image\" alt=\"Pannekaker p\u00e5 pinne\" srcset=\"https:\/\/mills.no\/content\/uploads\/2017\/04\/Pannekaker-pC3A5-pinne_1920.jpg 1920w, https:\/\/mills.no\/content\/uploads\/2017\/04\/Pannekaker-pC3A5-pinne_1920-300x200.jpg 300w, https:\/\/mills.no\/content\/uploads\/2017\/04\/Pannekaker-pC3A5-pinne_1920-1024x683.jpg 1024w, https:\/\/mills.no\/content\/uploads\/2017\/04\/Pannekaker-pC3A5-pinne_1920-768x512.jpg 768w, https:\/\/mills.no\/content\/uploads\/2017\/04\/Pannekaker-pC3A5-pinne_1920-1536x1024.jpg 1536w, https:\/\/mills.no\/content\/uploads\/2017\/04\/Pannekaker-pC3A5-pinne_1920-80x53.jpg 80w\" sizes=\"auto, (max-width: 1920px) 100vw, 1920px\" \/><\/figure>\n\n<div class=\"wp-block-group alignfull is-layout-flow wp-block-group-is-layout-flow\">\n\t<h2 class=\"t2-post-title wp-block-t2-post-title\">Pannekaker p\u00e5 pinne i r\u00f8dt, hvitt og bl\u00e5tt<\/h2>\n\t<div class=\"t2-post-excerpt wp-block-t2-post-excerpt\"><p>Morsomme mini-pannekaker p\u00e5 pinne i r\u00f8dt, hvitt og bl\u00e5tt vil garantert skape feststemning p\u00e5 17. mai-frokosten. Pannekakene er laget med&hellip;<\/p><\/div>\n\t\n\t\t<div class=\"wp-block-mills-block-recipe-info\">\n\t\t\t<div class=\"mills-block-recipe-info-item mills-block-recipe-info-item--difficulty\">Enkel<\/div>\n\t\t\t<div class=\"mills-block-recipe-info-item mills-block-recipe-info-item--time\">15 min<\/div>\n\t\t<\/div>\n<\/div>\n\n<\/a>\n<\/div>\n<\/div>\n\n\t\t\t<\/div>\n\t\t<\/div>","protected":false},"excerpt":{"rendered":"<p>Dette dekorative vaffelt\u00e5rnet er enkelt \u00e5 lage, og vil garantert imponere p\u00e5 17. maifrokosten.<\/p>\n","protected":false},"author":0,"featured_media":416,"comment_status":"closed","ping_status":"closed","sticky":false,"template":"","format":"standard","meta":{"_searchwp_excluded":"","footnotes":""},"categories":[79],"tags":[],"class_list":["post-415","post","type-post","status-publish","format-standard","has-post-thumbnail","hentry","category-soft-flora"],"yoast_head":"<!-- This site is optimized with the Yoast SEO Premium plugin v26.9 (Yoast SEO v26.9) - https:\/\/yoast.com\/product\/yoast-seo-premium-wordpress\/ -->\n<title>Vaffelt\u00e5rn i r\u00f8dt, hvitt og bl\u00e5tt til 17. mai | Soft Flora<\/title>\n<meta name=\"description\" content=\"Et dekorativt vaffelt\u00e5rn som er enkelt \u00e5 lage og garantert vil imponere p\u00e5 17. maifrokosten.Stek r\u00f8de og bl\u00e5 vafler og pynt med vaniljekesam og b\u00e6r.\" \/>\n<meta name=\"robots\" content=\"index, follow, max-snippet:-1, max-image-preview:large, max-video-preview:-1\" \/>\n<link rel=\"canonical\" href=\"https:\/\/mills.no\/soft-flora\/vafler-rodt-hvitt-blatt\/\" \/>\n<meta property=\"og:locale\" content=\"nb_NO\" \/>\n<meta property=\"og:type\" content=\"article\" \/>\n<meta property=\"og:title\" content=\"Vaffelt\u00e5rn i r\u00f8dt hvitt og bl\u00e5tt!\" \/>\n<meta property=\"og:description\" content=\"Et dekorativt vaffelt\u00e5rn som er enkelt \u00e5 lage og garantert vil imponere p\u00e5 17. maifrokosten.Stek r\u00f8de og bl\u00e5 vafler og pynt med vaniljekesam og b\u00e6r.\" \/>\n<meta property=\"og:url\" content=\"https:\/\/mills.no\/soft-flora\/vafler-rodt-hvitt-blatt\/\" \/>\n<meta property=\"og:site_name\" content=\"Soft Flora\" \/>\n<meta property=\"article:published_time\" content=\"2016-05-11T08:16:51+00:00\" \/>\n<meta property=\"article:modified_time\" content=\"2024-02-07T08:16:22+00:00\" \/>\n<meta property=\"og:image\" content=\"https:\/\/mills.no\/content\/uploads\/sites\/6\/2016\/05\/vaffeltC3A5rn_1920.jpg\" \/>\n\t<meta property=\"og:image:width\" content=\"1920\" \/>\n\t<meta property=\"og:image:height\" content=\"930\" \/>\n\t<meta property=\"og:image:type\" content=\"image\/jpeg\" \/>\n<meta name=\"twitter:card\" content=\"summary_large_image\" \/>\n<meta name=\"twitter:label1\" content=\"Ansl. lesetid\" \/>\n\t<meta name=\"twitter:data1\" content=\"1 minutt\" \/>\n<script type=\"application\/ld+json\" class=\"yoast-schema-graph\">{\"@context\":\"https:\/\/schema.org\",\"@graph\":[{\"@type\":\"Article\",\"@id\":\"https:\/\/mills.no\/soft-flora\/vafler-rodt-hvitt-blatt\/#article\",\"isPartOf\":{\"@id\":\"https:\/\/mills.no\/soft-flora\/vafler-rodt-hvitt-blatt\/\"},\"author\":{\"name\":\"\",\"@id\":\"\"},\"headline\":\"Vaffelt\u00e5rn i r\u00f8dt hvitt og bl\u00e5tt!\",\"datePublished\":\"2016-05-11T08:16:51+00:00\",\"dateModified\":\"2024-02-07T08:16:22+00:00\",\"mainEntityOfPage\":{\"@id\":\"https:\/\/mills.no\/soft-flora\/vafler-rodt-hvitt-blatt\/\"},\"wordCount\":156,\"publisher\":{\"@id\":\"https:\/\/mills.no\/soft-flora\/#organization\"},\"image\":{\"@id\":\"https:\/\/mills.no\/soft-flora\/vafler-rodt-hvitt-blatt\/#primaryimage\"},\"thumbnailUrl\":\"https:\/\/mills.no\/content\/uploads\/sites\/6\/2016\/05\/vaffeltC3A5rn_1920.jpg\",\"articleSection\":[\"Soft Flora\"],\"inLanguage\":\"nb-NO\"},{\"@type\":\"WebPage\",\"@id\":\"https:\/\/mills.no\/soft-flora\/vafler-rodt-hvitt-blatt\/\",\"url\":\"https:\/\/mills.no\/soft-flora\/vafler-rodt-hvitt-blatt\/\",\"name\":\"Vaffelt\u00e5rn i r\u00f8dt, hvitt og bl\u00e5tt til 17. mai | Soft Flora\",\"isPartOf\":{\"@id\":\"https:\/\/mills.no\/soft-flora\/#website\"},\"primaryImageOfPage\":{\"@id\":\"https:\/\/mills.no\/soft-flora\/vafler-rodt-hvitt-blatt\/#primaryimage\"},\"image\":{\"@id\":\"https:\/\/mills.no\/soft-flora\/vafler-rodt-hvitt-blatt\/#primaryimage\"},\"thumbnailUrl\":\"https:\/\/mills.no\/content\/uploads\/sites\/6\/2016\/05\/vaffeltC3A5rn_1920.jpg\",\"datePublished\":\"2016-05-11T08:16:51+00:00\",\"dateModified\":\"2024-02-07T08:16:22+00:00\",\"description\":\"Et dekorativt vaffelt\u00e5rn som er enkelt \u00e5 lage og garantert vil imponere p\u00e5 17. maifrokosten.Stek r\u00f8de og bl\u00e5 vafler og pynt med vaniljekesam og b\u00e6r.\",\"breadcrumb\":{\"@id\":\"https:\/\/mills.no\/soft-flora\/vafler-rodt-hvitt-blatt\/#breadcrumb\"},\"inLanguage\":\"nb-NO\",\"potentialAction\":[{\"@type\":\"ReadAction\",\"target\":[\"https:\/\/mills.no\/soft-flora\/vafler-rodt-hvitt-blatt\/\"]}]},{\"@type\":\"ImageObject\",\"inLanguage\":\"nb-NO\",\"@id\":\"https:\/\/mills.no\/soft-flora\/vafler-rodt-hvitt-blatt\/#primaryimage\",\"url\":\"https:\/\/mills.no\/content\/uploads\/sites\/6\/2016\/05\/vaffeltC3A5rn_1920.jpg\",\"contentUrl\":\"https:\/\/mills.no\/content\/uploads\/sites\/6\/2016\/05\/vaffeltC3A5rn_1920.jpg\",\"width\":1920,\"height\":930,\"caption\":\"R\u00f8de og bl\u00e5 vafler i lekkert vaffelt\u00e5rn til 17. mai\"},{\"@type\":\"BreadcrumbList\",\"@id\":\"https:\/\/mills.no\/soft-flora\/vafler-rodt-hvitt-blatt\/#breadcrumb\",\"itemListElement\":[{\"@type\":\"ListItem\",\"position\":1,\"name\":\"Home\",\"item\":\"https:\/\/mills.no\/soft-flora\/\"},{\"@type\":\"ListItem\",\"position\":2,\"name\":\"Vaffelt\u00e5rn i r\u00f8dt hvitt og bl\u00e5tt!\"}]},{\"@type\":\"WebSite\",\"@id\":\"https:\/\/mills.no\/soft-flora\/#website\",\"url\":\"https:\/\/mills.no\/soft-flora\/\",\"name\":\"Soft Flora\",\"description\":\"En naturlig familiefavoritt\",\"publisher\":{\"@id\":\"https:\/\/mills.no\/soft-flora\/#organization\"},\"potentialAction\":[{\"@type\":\"SearchAction\",\"target\":{\"@type\":\"EntryPoint\",\"urlTemplate\":\"https:\/\/mills.no\/soft-flora\/?s={search_term_string}\"},\"query-input\":{\"@type\":\"PropertyValueSpecification\",\"valueRequired\":true,\"valueName\":\"search_term_string\"}}],\"inLanguage\":\"nb-NO\"},{\"@type\":\"Organization\",\"@id\":\"https:\/\/mills.no\/soft-flora\/#organization\",\"name\":\"Soft Flora\",\"url\":\"https:\/\/mills.no\/soft-flora\/\",\"logo\":{\"@type\":\"ImageObject\",\"inLanguage\":\"nb-NO\",\"@id\":\"https:\/\/mills.no\/soft-flora\/#\/schema\/logo\/image\/\",\"url\":\"https:\/\/mills.no\/content\/uploads\/sites\/6\/2023\/08\/Soft-Flora_hovedlogo_1.svg\",\"contentUrl\":\"https:\/\/mills.no\/content\/uploads\/sites\/6\/2023\/08\/Soft-Flora_hovedlogo_1.svg\",\"caption\":\"Soft Flora\"},\"image\":{\"@id\":\"https:\/\/mills.no\/soft-flora\/#\/schema\/logo\/image\/\"}}]}<\/script>\n<!-- \/ Yoast SEO Premium plugin. -->","yoast_head_json":{"title":"Vaffelt\u00e5rn i r\u00f8dt, hvitt og bl\u00e5tt til 17. mai | Soft Flora","description":"Et dekorativt vaffelt\u00e5rn som er enkelt \u00e5 lage og garantert vil imponere p\u00e5 17. maifrokosten.Stek r\u00f8de og bl\u00e5 vafler og pynt med vaniljekesam og b\u00e6r.","robots":{"index":"index","follow":"follow","max-snippet":"max-snippet:-1","max-image-preview":"max-image-preview:large","max-video-preview":"max-video-preview:-1"},"canonical":"https:\/\/mills.no\/soft-flora\/vafler-rodt-hvitt-blatt\/","og_locale":"nb_NO","og_type":"article","og_title":"Vaffelt\u00e5rn i r\u00f8dt hvitt og bl\u00e5tt!","og_description":"Et dekorativt vaffelt\u00e5rn som er enkelt \u00e5 lage og garantert vil imponere p\u00e5 17. maifrokosten.Stek r\u00f8de og bl\u00e5 vafler og pynt med vaniljekesam og b\u00e6r.","og_url":"https:\/\/mills.no\/soft-flora\/vafler-rodt-hvitt-blatt\/","og_site_name":"Soft Flora","article_published_time":"2016-05-11T08:16:51+00:00","article_modified_time":"2024-02-07T08:16:22+00:00","og_image":[{"width":1920,"height":930,"url":"https:\/\/mills.no\/content\/uploads\/sites\/6\/2016\/05\/vaffeltC3A5rn_1920.jpg","type":"image\/jpeg"}],"twitter_card":"summary_large_image","twitter_misc":{"Ansl. lesetid":"1 minutt"},"schema":{"@context":"https:\/\/schema.org","@graph":[{"@type":"Article","@id":"https:\/\/mills.no\/soft-flora\/vafler-rodt-hvitt-blatt\/#article","isPartOf":{"@id":"https:\/\/mills.no\/soft-flora\/vafler-rodt-hvitt-blatt\/"},"author":{"name":"","@id":""},"headline":"Vaffelt\u00e5rn i r\u00f8dt hvitt og bl\u00e5tt!","datePublished":"2016-05-11T08:16:51+00:00","dateModified":"2024-02-07T08:16:22+00:00","mainEntityOfPage":{"@id":"https:\/\/mills.no\/soft-flora\/vafler-rodt-hvitt-blatt\/"},"wordCount":156,"publisher":{"@id":"https:\/\/mills.no\/soft-flora\/#organization"},"image":{"@id":"https:\/\/mills.no\/soft-flora\/vafler-rodt-hvitt-blatt\/#primaryimage"},"thumbnailUrl":"https:\/\/mills.no\/content\/uploads\/sites\/6\/2016\/05\/vaffeltC3A5rn_1920.jpg","articleSection":["Soft Flora"],"inLanguage":"nb-NO"},{"@type":"WebPage","@id":"https:\/\/mills.no\/soft-flora\/vafler-rodt-hvitt-blatt\/","url":"https:\/\/mills.no\/soft-flora\/vafler-rodt-hvitt-blatt\/","name":"Vaffelt\u00e5rn i r\u00f8dt, hvitt og bl\u00e5tt til 17. mai | Soft Flora","isPartOf":{"@id":"https:\/\/mills.no\/soft-flora\/#website"},"primaryImageOfPage":{"@id":"https:\/\/mills.no\/soft-flora\/vafler-rodt-hvitt-blatt\/#primaryimage"},"image":{"@id":"https:\/\/mills.no\/soft-flora\/vafler-rodt-hvitt-blatt\/#primaryimage"},"thumbnailUrl":"https:\/\/mills.no\/content\/uploads\/sites\/6\/2016\/05\/vaffeltC3A5rn_1920.jpg","datePublished":"2016-05-11T08:16:51+00:00","dateModified":"2024-02-07T08:16:22+00:00","description":"Et dekorativt vaffelt\u00e5rn som er enkelt \u00e5 lage og garantert vil imponere p\u00e5 17. maifrokosten.Stek r\u00f8de og bl\u00e5 vafler og pynt med vaniljekesam og b\u00e6r.","breadcrumb":{"@id":"https:\/\/mills.no\/soft-flora\/vafler-rodt-hvitt-blatt\/#breadcrumb"},"inLanguage":"nb-NO","potentialAction":[{"@type":"ReadAction","target":["https:\/\/mills.no\/soft-flora\/vafler-rodt-hvitt-blatt\/"]}]},{"@type":"ImageObject","inLanguage":"nb-NO","@id":"https:\/\/mills.no\/soft-flora\/vafler-rodt-hvitt-blatt\/#primaryimage","url":"https:\/\/mills.no\/content\/uploads\/sites\/6\/2016\/05\/vaffeltC3A5rn_1920.jpg","contentUrl":"https:\/\/mills.no\/content\/uploads\/sites\/6\/2016\/05\/vaffeltC3A5rn_1920.jpg","width":1920,"height":930,"caption":"R\u00f8de og bl\u00e5 vafler i lekkert vaffelt\u00e5rn til 17. mai"},{"@type":"BreadcrumbList","@id":"https:\/\/mills.no\/soft-flora\/vafler-rodt-hvitt-blatt\/#breadcrumb","itemListElement":[{"@type":"ListItem","position":1,"name":"Home","item":"https:\/\/mills.no\/soft-flora\/"},{"@type":"ListItem","position":2,"name":"Vaffelt\u00e5rn i r\u00f8dt hvitt og bl\u00e5tt!"}]},{"@type":"WebSite","@id":"https:\/\/mills.no\/soft-flora\/#website","url":"https:\/\/mills.no\/soft-flora\/","name":"Soft Flora","description":"En naturlig familiefavoritt","publisher":{"@id":"https:\/\/mills.no\/soft-flora\/#organization"},"potentialAction":[{"@type":"SearchAction","target":{"@type":"EntryPoint","urlTemplate":"https:\/\/mills.no\/soft-flora\/?s={search_term_string}"},"query-input":{"@type":"PropertyValueSpecification","valueRequired":true,"valueName":"search_term_string"}}],"inLanguage":"nb-NO"},{"@type":"Organization","@id":"https:\/\/mills.no\/soft-flora\/#organization","name":"Soft Flora","url":"https:\/\/mills.no\/soft-flora\/","logo":{"@type":"ImageObject","inLanguage":"nb-NO","@id":"https:\/\/mills.no\/soft-flora\/#\/schema\/logo\/image\/","url":"https:\/\/mills.no\/content\/uploads\/sites\/6\/2023\/08\/Soft-Flora_hovedlogo_1.svg","contentUrl":"https:\/\/mills.no\/content\/uploads\/sites\/6\/2023\/08\/Soft-Flora_hovedlogo_1.svg","caption":"Soft Flora"},"image":{"@id":"https:\/\/mills.no\/soft-flora\/#\/schema\/logo\/image\/"}}]}},"_links":{"self":[{"href":"https:\/\/mills.no\/soft-flora\/wp-json\/wp\/v2\/posts\/415","targetHints":{"allow":["GET"]}}],"collection":[{"href":"https:\/\/mills.no\/soft-flora\/wp-json\/wp\/v2\/posts"}],"about":[{"href":"https:\/\/mills.no\/soft-flora\/wp-json\/wp\/v2\/types\/post"}],"replies":[{"embeddable":true,"href":"https:\/\/mills.no\/soft-flora\/wp-json\/wp\/v2\/comments?post=415"}],"version-history":[{"count":11,"href":"https:\/\/mills.no\/soft-flora\/wp-json\/wp\/v2\/posts\/415\/revisions"}],"predecessor-version":[{"id":1046,"href":"https:\/\/mills.no\/soft-flora\/wp-json\/wp\/v2\/posts\/415\/revisions\/1046"}],"wp:featuredmedia":[{"embeddable":true,"href":"https:\/\/mills.no\/soft-flora\/wp-json\/wp\/v2\/media\/416"}],"wp:attachment":[{"href":"https:\/\/mills.no\/soft-flora\/wp-json\/wp\/v2\/media?parent=415"}],"wp:term":[{"taxonomy":"category","embeddable":true,"href":"https:\/\/mills.no\/soft-flora\/wp-json\/wp\/v2\/categories?post=415"},{"taxonomy":"post_tag","embeddable":true,"href":"https:\/\/mills.no\/soft-flora\/wp-json\/wp\/v2\/tags?post=415"}],"curies":[{"name":"wp","href":"https:\/\/api.w.org\/{rel}","templated":true}]}}